{"id":332257,"date":"2025-08-20T19:10:15","date_gmt":"2025-08-20T19:10:15","guid":{"rendered":"https:\/\/www.europesays.com\/fr\/332257\/"},"modified":"2025-08-20T19:10:15","modified_gmt":"2025-08-20T19:10:15","slug":"pourquoi-sanex-a-ete-force-a-retirer-cette-pub-pour-un-savon-au-royaume-uni","status":"publish","type":"post","link":"https:\/\/www.europesays.com\/fr\/332257\/","title":{"rendered":"Pourquoi Sanex a \u00e9t\u00e9 forc\u00e9 \u00e0 retirer cette pub pour un savon au Royaume-Uni"},"content":{"rendered":"<p>        <img decoding=\"async\" loading=\"lazy\" src=\"https:\/\/www.europesays.com\/fr\/wp-content\/uploads\/2025\/08\/8cd1555_upload-1-lz4b4nizwlji-sanex.png\"  width=\"728\" height=\"410\" alt=\"Cette publicit\u00e9 de la marque Sanex a d\u00fb \u00eatre retir\u00e9e au Royaume-Uni, jugeant qu\u2019elle v\u00e9hiculait un \u00ab\u00a0st\u00e9r\u00e9otype racial\u00a0\u00bb.\"\/>  <\/p>\n<p>Capture d\u2019\u00e9cran &#8211; Sanex<\/p>\n<p>Cette publicit\u00e9 de la marque Sanex a d\u00fb \u00eatre retir\u00e9e au Royaume-Uni, jugeant qu\u2019elle v\u00e9hiculait un \u00ab\u00a0st\u00e9r\u00e9otype racial\u00a0\u00bb.<\/p>\n<p class=\"asset asset-text\">ROYAUME-UNI &#8211; C\u2019est une nouvelle <a href=\"https:\/\/www.huffingtonpost.fr\/tech-futurs\/article\/la-publicite-arrive-sur-whatsapp-qui-etait-l-un-des-derniers-espaces-d-internet-a-y-echapper-encore_251427.html\" target=\"_blank\" rel=\"noopener\">campagne publicitaire<\/a> controvers\u00e9e. Quelques jours apr\u00e8s la publicit\u00e9 de <a href=\"https:\/\/www.huffingtonpost.fr\/international\/article\/swatch-retire-cette-publicite-apres-de-virulentes-accusations-de-racisme-et-des-appels-au-boycott_253699.html\" target=\"_blank\" rel=\"noopener\">l\u2019horloger suisse Swatch<\/a> ayant fait pol\u00e9mique en <a href=\"https:\/\/www.huffingtonpost.fr\/tech-futurs\/video\/en-chine-les-robots-ont-droit-a-leurs-premiers-jo-mais-les-humains-n-ont-pas-a-s-inquieter_253632.html\" target=\"_blank\" rel=\"noopener\">Chine<\/a>, le r\u00e9gulateur de la publicit\u00e9 au Royaume-Uni a interdit ce mercredi 20\u00a0ao\u00fbt la diffusion d\u2019un spot t\u00e9l\u00e9vis\u00e9 pour le savon Sanex. Il a jug\u00e9 que celui-ci v\u00e9hiculait un \u00ab\u00a0st\u00e9r\u00e9otype racial\u00a0\u00bb selon lequel \u00ab\u00a0la peau noire poserait probl\u00e8me et la peau blanche serait sup\u00e9rieure\u00a0\u00bb.<\/p>\n<p class=\"asset asset-text\">La publicit\u00e9, diffus\u00e9e en juin, montre une femme noire avec des marques rouges de griffures, puis une autre recouverte d\u2019une mati\u00e8re craquel\u00e9e proche de l\u2019argile avec ce commentaire\u00a0: \u00ab\u00a0Pour ceux qui peuvent se gratter jour et nuit. Pour ceux dont la peau se dess\u00e8che m\u00eame au contact de l\u2019eau.\u00a0\u00bb<\/p>\n<p class=\"asset asset-text\">Puis elle poursuit avec l\u2019image d\u2019une femme blanche prenant une douche avec un savon Sanex\u00a0: \u00ab\u00a0Essayez de prendre une douche avec le nouveau Sanex Skin Therapy et son complexe d\u2019acides amin\u00e9s brevet\u00e9. Pour une sensation d\u2019hydratation de 24\u00a0heures\u00a0\u00bb.<\/p>\n<p> La lecture de ce contenu est susceptible d\u2019entra\u00eener un d\u00e9p\u00f4t de cookies de la part de l\u2019op\u00e9rateur tiers qui l\u2019h\u00e9berge. Compte-tenu des choix que vous avez exprim\u00e9s en mati\u00e8re de d\u00e9p\u00f4t de cookies, nous avons bloqu\u00e9 l\u2019affichage de ce contenu. Si vous souhaitez y acc\u00e9der, vous devez accepter la cat\u00e9gorie de cookies \u201cContenus tiers\u201d en cliquant sur le bouton ci-dessous. <\/p>\n<p> Lire la Vid\u00e9o        <\/p>\n<p class=\"asset asset-text\">Le spot se conclut avec un texte et un voix-off\u00a0: \u00ab\u00a0Le soulagement peut \u00eatre aussi simple qu\u2019une douche.\u00a0\u00bb<\/p>\n<p>                     Un choix visant \u00e0 faire la promotion de \u00ab\u00a0la diversit\u00e9\u00a0\u00bb    <\/p>\n<p class=\"asset asset-text\">Selon le communiqu\u00e9 de l\u2019ASA, Colgate-Palmolive, propri\u00e9taire de la marque Sanex, a expliqu\u00e9 lors de l\u2019enqu\u00eate que la mise \u00ab\u00a0en sc\u00e8ne de mod\u00e8les de diff\u00e9rentes origines et couleurs de peau\u00a0\u00bb faisait partie de son engagement \u00ab\u00a0pour la diversit\u00e9\u00a0\u00bb. Avec l\u2019id\u00e9e que le produit \u00ab\u00a0convient \u00e0 tous\u00a0\u00bb.<\/p>\n<p class=\"asset asset-text\">Le r\u00e9gulateur reconna\u00eet dans sa d\u00e9cision que le message n\u2019est \u00ab\u00a0pas intentionnel et peut passer inaper\u00e7u pour certains spectateurs\u00a0\u00bb, mais estime \u00ab\u00a0que la publicit\u00e9 est susceptible de renforcer le st\u00e9r\u00e9otype racial n\u00e9gatif et offensant selon lequel la peau noire poserait probl\u00e8me et la peau blanche serait sup\u00e9rieure\u00a0\u00bb.<\/p>\n<p class=\"asset asset-text\">\u00ab\u00a0Notre publicit\u00e9 visait \u00e0 mettre en avant la mani\u00e8re dont notre gamme Skin Therapy favorise la sant\u00e9 de la peau, quel que soit le type de peau\u00a0\u00bb, a r\u00e9agi Colgate-Palmolive, disant \u00ab\u00a0prendre note\u00a0\u00bb de la d\u00e9cision.<\/p>\n","protected":false},"excerpt":{"rendered":"Capture d\u2019\u00e9cran &#8211; Sanex Cette publicit\u00e9 de la marque Sanex a d\u00fb \u00eatre retir\u00e9e au Royaume-Uni, jugeant qu\u2019elle&hellip;\n","protected":false},"author":2,"featured_media":332258,"comment_status":"","ping_status":"","sticky":false,"template":"","format":"standard","meta":{"footnotes":""},"categories":[8],"tags":[58,59,1011,27,14,1834,10162,473,46942],"class_list":{"0":"post-332257","1":"post","2":"type-post","3":"status-publish","4":"format-standard","5":"has-post-thumbnail","7":"category-divertissement","8":"tag-divertissement","9":"tag-entertainment","10":"tag-fr","11":"tag-france","12":"tag-international","13":"tag-publicite","14":"tag-racisme","15":"tag-royaume-uni","16":"tag-stereotypes-racistes"},"share_on_mastodon":{"url":"https:\/\/pubeurope.com\/@fr\/115062677744623234","error":""},"_links":{"self":[{"href":"https:\/\/www.europesays.com\/fr\/wp-json\/wp\/v2\/posts\/332257","targetHints":{"allow":["GET"]}}],"collection":[{"href":"https:\/\/www.europesays.com\/fr\/wp-json\/wp\/v2\/posts"}],"about":[{"href":"https:\/\/www.europesays.com\/fr\/wp-json\/wp\/v2\/types\/post"}],"author":[{"embeddable":true,"href":"https:\/\/www.europesays.com\/fr\/wp-json\/wp\/v2\/users\/2"}],"replies":[{"embeddable":true,"href":"https:\/\/www.europesays.com\/fr\/wp-json\/wp\/v2\/comments?post=332257"}],"version-history":[{"count":0,"href":"https:\/\/www.europesays.com\/fr\/wp-json\/wp\/v2\/posts\/332257\/revisions"}],"wp:featuredmedia":[{"embeddable":true,"href":"https:\/\/www.europesays.com\/fr\/wp-json\/wp\/v2\/media\/332258"}],"wp:attachment":[{"href":"https:\/\/www.europesays.com\/fr\/wp-json\/wp\/v2\/media?parent=332257"}],"wp:term":[{"taxonomy":"category","embeddable":true,"href":"https:\/\/www.europesays.com\/fr\/wp-json\/wp\/v2\/categories?post=332257"},{"taxonomy":"post_tag","embeddable":true,"href":"https:\/\/www.europesays.com\/fr\/wp-json\/wp\/v2\/tags?post=332257"}],"curies":[{"name":"wp","href":"https:\/\/api.w.org\/{rel}","templated":true}]}}