{"id":332261,"date":"2025-08-20T19:12:11","date_gmt":"2025-08-20T19:12:11","guid":{"rendered":"https:\/\/www.europesays.com\/fr\/332261\/"},"modified":"2025-08-20T19:12:11","modified_gmt":"2025-08-20T19:12:11","slug":"il-a-attendu-quelle-sendorme-un-passager-viole-sa-voisine-de-15-ans-en-plein-vol-entre-mumbai-et-zurich","status":"publish","type":"post","link":"https:\/\/www.europesays.com\/fr\/332261\/","title":{"rendered":"Il a attendu qu\u2019elle \u00ab\u00a0s\u2019endorme\u00a0\u00bb\u00a0: un passager viole sa voisine de 15\u00a0ans en plein vol entre Mumbai et Zurich"},"content":{"rendered":"<p class=\"paragraph text_align_left lp-f-body-02\">\u00ab Mon envie a eu raison de moi. \u00bb Il n\u2019a pas trouv\u00e9 mieux \u00e0 dire pour sa d\u00e9fense. <a href=\"https:\/\/www.leparisien.fr\/faits-divers\/jai-avale-quelque-chose-le-milliardaire-sunjay-kapur-ami-du-prince-william-decede-apres-avoir-ingere-une-abeille-en-plein-match-15-06-2025-NQDP3HVZK5CGHFGLC7KS4V4TZQ.php\" target=\"_self\" rel=\"nofollow noopener\">Un homme d\u2019affaires indien<\/a> a \u00e9t\u00e9 condamn\u00e9 ce mardi en Suisse \u00e0 un an et demi de prison avec sursis, en plus d\u2019<a href=\"https:\/\/www.leparisien.fr\/faits-divers\/oqtf-comment-se-decide-vraiment-une-obligation-de-quitter-le-territoire-28-07-2023-UZHGNGL2LJDVZCXTGMQZ42N424.php\" target=\"_self\" rel=\"nofollow noopener\">une interdiction de s\u00e9jour sur le territoire<\/a> pendant cinq ans.<\/p>\n<p class=\"paragraph text_align_left lp-f-body-02\">Comme le rapportent plusieurs m\u00e9dias locaux dont le <a href=\"https:\/\/www.tagesanzeiger.ch\/passagier-vergewaltigt-15-jaehrige-auf-flug-nach-zuerich-371707504566\" target=\"_self\" rel=\"nofollow noopener\">Tages-Anszeiger<\/a> et le <a href=\"https:\/\/www.nzz.ch\/zuerich\/im-flugzeug-nach-zuerich-44-jaehriger-vergewaltigt-15-jaehrige-sitznachbarin-als-diese-schlief-ld.1898477\" target=\"_self\" rel=\"nofollow noopener\">Neue Z\u00fcrcher Zeitung<\/a>, les faits remontent \u00e0 mars 2025. L\u2019homme de 44 ans, qui devait r\u00e9aliser un voyage d\u2019affaires en Belgique, s\u2019est <a href=\"https:\/\/www.leparisien.fr\/faits-divers\/un-viol-et-une-agression-le-calvaire-a-la-saint-sylvestre-dun-equipage-australien-en-escale-aux-fidji-06-01-2025-IWXMDSXMDRH37CTK3YIO6HF7CQ.php\" target=\"_self\" rel=\"nofollow noopener\">retrouv\u00e9 assis \u00e0 c\u00f4t\u00e9 d\u2019une jeune fille de 15 ans<\/a> dans un A330 de Swiss Air Lines entre Mumbai (Inde) et Zurich (Suisse), un trajet de plus de 9 heures.<\/p>\n<p>18 mois de prison\u2026 avec sursis<\/p>\n<p class=\"paragraph text_align_left lp-f-body-02\">Le quadrag\u00e9naire, mari\u00e9 en Inde, a fait vivre un enfer \u00e0 sa voisine. Apr\u00e8s avoir eu une \u00ab conversation superficielle \u00bb, l\u2019homme a attendu que l\u2019adolescente ne \u00ab s\u2019endorme \u00bb selon les m\u00e9dias locaux, pour l\u2019agresser sexuellement. Il a notamment <a href=\"https:\/\/www.leparisien.fr\/faits-divers\/paris-un-steward-soupconne-davoir-viole-une-collegue-hotesse-de-lair-07-11-2024-NWI7XV4L3ZHWVLKOGX3XGFFI74.php\" target=\"_blank\" rel=\"nofollow noopener\">ins\u00e9r\u00e9 son doigt dans son vagin<\/a>, et s\u2019est livr\u00e9 avec la main de la jeune femme \u00e0 des actes sexuels sur lui-m\u00eame. En \u00e9tat de choc, la victime a subi cette agression \u00ab sans un mot ni un mouvement \u00bb.<\/p>\n<p class=\"paragraph text_align_left lp-f-body-02\">L\u2019homme a tout de m\u00eame pu \u00eatre arr\u00eat\u00e9 \u00e0 l\u2019arriv\u00e9e \u00e0 l\u2019a\u00e9roport de Zurich. Pr\u00e9sent\u00e9 devant un tribunal, il a d\u00e9clar\u00e9 que son \u00ab envie \u00bb avait eu \u00ab raison de lui \u00bb. Le tribunal de B\u00fclach a suivi les suggestions du procureur et l\u2019a condamn\u00e9 ce lundi \u00e0 une peine privative de libert\u00e9 de 18 mois avec sursis et \u00e0 une expulsion du territoire suisse pour cinq ans. Il a \u00e9t\u00e9 remis en libert\u00e9 \u00e0 l\u2019issue du proc\u00e8s et remis \u00e0 l\u2019Office des migrations en vue de son expulsion.<\/p>\n<p class=\"lp-card-podcast-highlighting__title  lp-f-subtitle-05\">[4\/4] C\u00e9cile Vallin, les secrets d\u2019une disparition<\/p>\n<p class=\"lp-card-podcast-highlighting__description lp-f-ui-05\">Crime story raconte chaque semaine les grandes affaires criminelles.<\/p>\n<p><a class=\"lp-card-podcast-highlighting__call-to-action\" data-page-type=\"HP\" data-block-name=\"podcast-highlight\">\u00c9couter<\/a><\/p>\n<p class=\"paragraph text_align_left lp-f-body-02\">M\u00e9diatis\u00e9e de l\u2019autre c\u00f4t\u00e9 des Alpes m\u00eame si la peine s\u2019av\u00e8re tr\u00e8s l\u00e9g\u00e8re, cette affaire rev\u00eat une dimension importante en Suisse car elle est <a href=\"https:\/\/www.leparisien.fr\/faits-divers\/un-viol-court-merite-une-peine-plus-courte-selon-le-tribunal-federal-suisse-27-11-2023-J3KJYQZE6REUZNMDGOUW27LDGY.php\" target=\"_self\" rel=\"nofollow noopener\">l\u2019une des premi\u00e8res applications de la nouvelle loi sur les d\u00e9lits sexuels<\/a>.<\/p>\n<p class=\"paragraph text_align_left lp-f-body-02\">Dans un amendement entr\u00e9 en vigueur il y a un an, un viol est d\u00e9sormais consid\u00e9r\u00e9 comme commis si la victime manifeste, par des paroles ou des gestes, son refus de l\u2019acte sexuel, et l\u2019\u00e9tat de choc de la victime suffit \u00e0 d\u00e9montrer son rejet.<\/p>\n","protected":false},"excerpt":{"rendered":"\u00ab Mon envie a eu raison de moi. \u00bb Il n\u2019a pas trouv\u00e9 mieux \u00e0 dire pour sa&hellip;\n","protected":false},"author":2,"featured_media":332262,"comment_status":"","ping_status":"","sticky":false,"template":"","format":"standard","meta":{"footnotes":""},"categories":[6],"tags":[35,33,34,118,1011,27],"class_list":{"0":"post-332261","1":"post","2":"type-post","3":"status-publish","4":"format-standard","5":"has-post-thumbnail","7":"category-economie","8":"tag-business","9":"tag-economie","10":"tag-economy","11":"tag-faits-divers","12":"tag-fr","13":"tag-france"},"share_on_mastodon":{"url":"https:\/\/pubeurope.com\/@fr\/115062685240777066","error":""},"_links":{"self":[{"href":"https:\/\/www.europesays.com\/fr\/wp-json\/wp\/v2\/posts\/332261","targetHints":{"allow":["GET"]}}],"collection":[{"href":"https:\/\/www.europesays.com\/fr\/wp-json\/wp\/v2\/posts"}],"about":[{"href":"https:\/\/www.europesays.com\/fr\/wp-json\/wp\/v2\/types\/post"}],"author":[{"embeddable":true,"href":"https:\/\/www.europesays.com\/fr\/wp-json\/wp\/v2\/users\/2"}],"replies":[{"embeddable":true,"href":"https:\/\/www.europesays.com\/fr\/wp-json\/wp\/v2\/comments?post=332261"}],"version-history":[{"count":0,"href":"https:\/\/www.europesays.com\/fr\/wp-json\/wp\/v2\/posts\/332261\/revisions"}],"wp:featuredmedia":[{"embeddable":true,"href":"https:\/\/www.europesays.com\/fr\/wp-json\/wp\/v2\/media\/332262"}],"wp:attachment":[{"href":"https:\/\/www.europesays.com\/fr\/wp-json\/wp\/v2\/media?parent=332261"}],"wp:term":[{"taxonomy":"category","embeddable":true,"href":"https:\/\/www.europesays.com\/fr\/wp-json\/wp\/v2\/categories?post=332261"},{"taxonomy":"post_tag","embeddable":true,"href":"https:\/\/www.europesays.com\/fr\/wp-json\/wp\/v2\/tags?post=332261"}],"curies":[{"name":"wp","href":"https:\/\/api.w.org\/{rel}","templated":true}]}}