{"id":332263,"date":"2025-08-20T19:13:10","date_gmt":"2025-08-20T19:13:10","guid":{"rendered":"https:\/\/www.europesays.com\/fr\/332263\/"},"modified":"2025-08-20T19:13:10","modified_gmt":"2025-08-20T19:13:10","slug":"gerard-chaliand-ecrivain-voyageur-poete-aventurier-specialiste-des-guerres-et-de-geostrategie-est-mort","status":"publish","type":"post","link":"https:\/\/www.europesays.com\/fr\/332263\/","title":{"rendered":"G\u00e9rard Chaliand, \u00e9crivain-voyageur, po\u00e8te, aventurier, sp\u00e9cialiste des guerres et de g\u00e9ostrat\u00e9gie, est mort"},"content":{"rendered":"<p>                         <img loading=\"lazy\" decoding=\"async\" src=\"https:\/\/www.europesays.com\/fr\/wp-content\/uploads\/2025\/08\/208a161_sirius-fs-upload-1-8avytdci5rdp-1749478419339-opale-photo-opale35750-12.jpg\" alt=\"G\u00e9rard Chaliand, \u00e0 Saint-Malo, en juin 2011.\"   width=\"664\" height=\"443\"\/>    G\u00e9rard Chaliand, \u00e0 Saint-Malo, en juin 2011.  PHILIPPE MATSAS\/OPALE.PHOTO                 <\/p>\n<p class=\"article__paragraph  \">Derni\u00e8re visite \u00e0 l\u2019h\u00f4pital, ce printemps, \u00e0 Paris. Regard droit, amaigri, port altier, bonnet de laine enfonc\u00e9 sur son cr\u00e2ne chauve de bonze savant, il cite quelques vers libres tout r\u00e9cemment \u00e9crits\u00a0: \u00ab\u00a0Ma vie touche \u00e0 sa fin\/ Je suis serein\/ Presque d\u00e9tach\u00e9\/ Nul besoin d\u2019\u00eatre sto\u00efque\/ Je ne souffre pas\/ Je d\u00e9cline.\u00a0\u00bb Cette vie, G\u00e9rard Chaliand  \u2013  mort le 20\u00a0ao\u00fbt, \u00e0 91\u00a0ans, \u00e0 Paris \u2013 l\u2019a remplie comme personne\u00a0: voyageur et professeur, po\u00e8te et pol\u00e9mologue, auteur-traducteur, strat\u00e8ge et militant.<\/p>\n<p>                                   Lire aussi |  Article r\u00e9serv\u00e9 \u00e0 nos abonn\u00e9s  <a href=\"https:\/\/www.lemonde.fr\/idees\/article\/2016\/03\/28\/quand-l-occident-perd-son-ethos-guerrier_4891071_3232.html\" class=\"js-article-read-also catcher--favoris__link\" data-premium=\"1\" id=\"article-title-94396\" target=\"_blank\" rel=\"noopener\">Quand l\u2019Occident perd son ethos guerrier<\/a>    <\/p>\n<p>   Lire plus tard  <\/p>\n<p class=\"article__paragraph  \">Homme libre, avant tout. Il ne d\u00e9pendait d\u2019aucune institution, d\u2019aucun corps de m\u00e9tier. Il avait achet\u00e9, au prix d\u2019une aust\u00e9rit\u00e9 de moine-soldat, cette possibilit\u00e9 de faire ce qu\u2019il aimait le plus\u00a0: partir \u2013 ayant lu tous les livres, ou presque. De retour dans son studio du 13e arrondissement, il s\u2019installait \u00e0 gauche de la porte d\u2019entr\u00e9e et se mettait au travail debout derri\u00e8re son \u00e9critoire. Combien de livres\u00a0? Pas loin d\u2019une quarantaine. On en oublie s\u00fbrement, tant \u00e9tait vaste le champ de ses curiosit\u00e9s\u00a0: trait\u00e9s de sp\u00e9cialiste \u00e8s gu\u00e9rillas\u00a0; manuels de d\u00e9colonisation\u00a0; vastes synth\u00e8ses de g\u00e9opolitique\u00a0; conteur de civilisations disparues\u00a0; confectionneur d\u2019atlas\u00a0; po\u00e8te de l\u2019amour et des grands espaces\u00a0; \u00e9crivain-voyageur\u00a0; traducteur de po\u00e9sies kurdes. En France, aux Etats-Unis, en Asie, au Moyen-Orient, il a enseign\u00e9 dans les plus grandes universit\u00e9s.<\/p>\n<p class=\"reading-mode-only \"><strong>Il vous reste 79.44% de cet article \u00e0 lire. La suite est r\u00e9serv\u00e9e aux abonn\u00e9s.<\/strong><\/p>\n","protected":false},"excerpt":{"rendered":"G\u00e9rard Chaliand, \u00e0 Saint-Malo, en juin 2011. PHILIPPE MATSAS\/OPALE.PHOTO Derni\u00e8re visite \u00e0 l\u2019h\u00f4pital, ce printemps, \u00e0 Paris. Regard&hellip;\n","protected":false},"author":2,"featured_media":332264,"comment_status":"","ping_status":"","sticky":false,"template":"","format":"standard","meta":{"footnotes":""},"categories":[5],"tags":[11,1011,27,14,12,28],"class_list":{"0":"post-332263","1":"post","2":"type-post","3":"status-publish","4":"format-standard","5":"has-post-thumbnail","7":"category-international","8":"tag-actualites","9":"tag-fr","10":"tag-france","11":"tag-international","12":"tag-news","13":"tag-world"},"share_on_mastodon":{"url":"https:\/\/pubeurope.com\/@fr\/115062689362014153","error":""},"_links":{"self":[{"href":"https:\/\/www.europesays.com\/fr\/wp-json\/wp\/v2\/posts\/332263","targetHints":{"allow":["GET"]}}],"collection":[{"href":"https:\/\/www.europesays.com\/fr\/wp-json\/wp\/v2\/posts"}],"about":[{"href":"https:\/\/www.europesays.com\/fr\/wp-json\/wp\/v2\/types\/post"}],"author":[{"embeddable":true,"href":"https:\/\/www.europesays.com\/fr\/wp-json\/wp\/v2\/users\/2"}],"replies":[{"embeddable":true,"href":"https:\/\/www.europesays.com\/fr\/wp-json\/wp\/v2\/comments?post=332263"}],"version-history":[{"count":0,"href":"https:\/\/www.europesays.com\/fr\/wp-json\/wp\/v2\/posts\/332263\/revisions"}],"wp:featuredmedia":[{"embeddable":true,"href":"https:\/\/www.europesays.com\/fr\/wp-json\/wp\/v2\/media\/332264"}],"wp:attachment":[{"href":"https:\/\/www.europesays.com\/fr\/wp-json\/wp\/v2\/media?parent=332263"}],"wp:term":[{"taxonomy":"category","embeddable":true,"href":"https:\/\/www.europesays.com\/fr\/wp-json\/wp\/v2\/categories?post=332263"},{"taxonomy":"post_tag","embeddable":true,"href":"https:\/\/www.europesays.com\/fr\/wp-json\/wp\/v2\/tags?post=332263"}],"curies":[{"name":"wp","href":"https:\/\/api.w.org\/{rel}","templated":true}]}}