{"id":332265,"date":"2025-08-20T19:14:11","date_gmt":"2025-08-20T19:14:11","guid":{"rendered":"https:\/\/www.europesays.com\/fr\/332265\/"},"modified":"2025-08-20T19:14:11","modified_gmt":"2025-08-20T19:14:11","slug":"drome-en-rentrant-chez-elle-a-valence-elle-decouvre-un-inconnu-allonge-dans-son-lit","status":"publish","type":"post","link":"https:\/\/www.europesays.com\/fr\/332265\/","title":{"rendered":"Dr\u00f4me. En rentrant chez elle \u00e0 Valence, elle d\u00e9couvre un inconnu allong\u00e9 dans son lit"},"content":{"rendered":"<p>Mardi 19 ao\u00fbt, vers 18 heures, de retour chez elle dans le quartier Ch\u00e2teauvert, \u00e0 Valence, une sexag\u00e9naire constate qu\u2019un carreau de l\u2019une de ses fen\u00eatres est cass\u00e9. Elle va encore effectuer une d\u00e9couverte plus saisissante en rentrant \u00e0 l\u2019int\u00e9rieur de son domicile : un inconnu est allong\u00e9 dans son lit. Alert\u00e9s, les policiers valentinois se rendent rapidement sur place.<\/p>\n<p>Ce contenu est bloqu\u00e9 car vous n&rsquo;avez pas accept\u00e9 les cookies et autres traceurs.<\/p>\n<p>En cliquant sur \u00ab J\u2019accepte \u00bb, les cookies et autres traceurs seront d\u00e9pos\u00e9s et vous pourrez visualiser les contenus  (<a href=\"\" class=\"consentModule_policy\" target=\"_blank\" title=\"Consulter la politique de protection des donn\u00e9es du fournisseur\">plus d&rsquo;informations<\/a>).<\/p>\n<p>En cliquant sur \u00ab J\u2019accepte tous les cookies \u00bb, vous autorisez des d\u00e9p\u00f4ts de cookies et autres traceurs pour le stockage de vos donn\u00e9es sur nos sites et applications \u00e0 des fins de personnalisation et de ciblage publicitaire.<\/p>\n<p class=\"consentModule_secondaryText\">Vous gardez la possibilit\u00e9 de retirer votre consentement \u00e0 tout moment en consultant notre <a href=\"https:\/\/www.ledauphine.com\/protection-des-donnees\" target=\"_blank\" title=\"Consulter notre politique de protection des donn\u00e9es\" rel=\"noopener\">politique de protection des donn\u00e9es<\/a>. <br \/>&#13;<br \/>\n            <a href=\"https:\/\/www.ledauphine.com\/faits-divers-justice\/2025\/08\/20\/javascript:Didomi.notice.show()\" class=\"consentModule_cmp\" target=\"_blank\" rel=\"noopener\">G\u00e9rer mes choix<\/a>&#13;\n        <\/p>\n<p>&#13;<br \/>\n                        J&rsquo;accepte&#13;<br \/>\n            J&rsquo;accepte tous les cookies&#13;\n        <\/p>\n<p>L\u2019homme, \u00e2g\u00e9 de 25 ans, qui s\u2019exprime en allemand, se dit sans domicile fixe. Interpell\u00e9, il est plac\u00e9 en garde \u00e0 vue. Face aux enqu\u00eateurs, il aurait expliqu\u00e9 \u00eatre parti d\u2019Allemagne la veille pour se rendre en Espagne. Apr\u00e8s s\u2019\u00eatre tromp\u00e9 d\u2019itin\u00e9raire, il aurait \u00e9chou\u00e9 \u00e0 Valence. Il aurait encore pr\u00e9cis\u00e9 qu\u2019il \u00e9tait fatigu\u00e9, d\u00e9pourvu d\u2019argent, et qu\u2019il ne voulait pas dormir dans la rue.<\/p>\n<p>Laiss\u00e9 libre ce mercredi 20 ao\u00fbt, il fait l\u2019objet d\u2019une convocation par officier de police judiciaire (COPJ) devant le tribunal correctionnel de Valence le 10 d\u00e9cembre prochain.<\/p>\n","protected":false},"excerpt":{"rendered":"Mardi 19 ao\u00fbt, vers 18 heures, de retour chez elle dans le quartier Ch\u00e2teauvert, \u00e0 Valence, une sexag\u00e9naire&hellip;\n","protected":false},"author":2,"featured_media":332266,"comment_status":"","ping_status":"","sticky":false,"template":"","format":"standard","meta":{"footnotes":""},"categories":[4],"tags":[11,271,272,2730,2735,274,1011,27,12,25,2733],"class_list":{"0":"post-332265","1":"post","2":"type-post","3":"status-publish","4":"format-standard","5":"has-post-thumbnail","7":"category-france","8":"tag-actualites","9":"tag-crime","10":"tag-delit-et-contravention","11":"tag-drome","12":"tag-edition-valence-rhone-crussol-vallee-de-la-drome","13":"tag-faits-divers-justice","14":"tag-fr","15":"tag-france","16":"tag-news","17":"tag-republique-francaise","18":"tag-valence"},"share_on_mastodon":{"url":"https:\/\/pubeurope.com\/@fr\/115062693139813750","error":""},"_links":{"self":[{"href":"https:\/\/www.europesays.com\/fr\/wp-json\/wp\/v2\/posts\/332265","targetHints":{"allow":["GET"]}}],"collection":[{"href":"https:\/\/www.europesays.com\/fr\/wp-json\/wp\/v2\/posts"}],"about":[{"href":"https:\/\/www.europesays.com\/fr\/wp-json\/wp\/v2\/types\/post"}],"author":[{"embeddable":true,"href":"https:\/\/www.europesays.com\/fr\/wp-json\/wp\/v2\/users\/2"}],"replies":[{"embeddable":true,"href":"https:\/\/www.europesays.com\/fr\/wp-json\/wp\/v2\/comments?post=332265"}],"version-history":[{"count":0,"href":"https:\/\/www.europesays.com\/fr\/wp-json\/wp\/v2\/posts\/332265\/revisions"}],"wp:featuredmedia":[{"embeddable":true,"href":"https:\/\/www.europesays.com\/fr\/wp-json\/wp\/v2\/media\/332266"}],"wp:attachment":[{"href":"https:\/\/www.europesays.com\/fr\/wp-json\/wp\/v2\/media?parent=332265"}],"wp:term":[{"taxonomy":"category","embeddable":true,"href":"https:\/\/www.europesays.com\/fr\/wp-json\/wp\/v2\/categories?post=332265"},{"taxonomy":"post_tag","embeddable":true,"href":"https:\/\/www.europesays.com\/fr\/wp-json\/wp\/v2\/tags?post=332265"}],"curies":[{"name":"wp","href":"https:\/\/api.w.org\/{rel}","templated":true}]}}