{"id":332271,"date":"2025-08-20T19:17:14","date_gmt":"2025-08-20T19:17:14","guid":{"rendered":"https:\/\/www.europesays.com\/fr\/332271\/"},"modified":"2025-08-20T19:17:14","modified_gmt":"2025-08-20T19:17:14","slug":"saint-etienne-un-premier-guide-dedie-aux-seniors-pour-faciliter-leur-quotidien","status":"publish","type":"post","link":"https:\/\/www.europesays.com\/fr\/332271\/","title":{"rendered":"SAINT-\u00c9TIENNE : UN PREMIER GUIDE D\u00c9DI\u00c9 AUX SENIORS POUR FACILITER LEUR QUOTIDIEN"},"content":{"rendered":"<p>                <a href=\"https:\/\/cadenceradio.fr\" target=\"_blank\" aria-label=\"Banni\u00e8re Cadence 2025\" rel=\"nofollow noopener\"><img loading=\"lazy\" decoding=\"async\" src=\"https:\/\/www.europesays.com\/fr\/wp-content\/uploads\/2025\/07\/Banniere-Cadence-2025-scaled.jpg\" alt=\"\"   width=\"2560\" height=\"738\"\/><\/a><\/p>\n<p>Cette initiative r\u00e9pond \u00e0 un besoin croissant d\u2019information centralis\u00e9e pour cette population en pleine expansion d\u00e9mographique. Ce document de r\u00e9f\u00e9rence sera disponible gratuitement en version num\u00e9rique d\u00e8s maintenant et prochainement distribu\u00e9 dans les points d\u2019accueil strat\u00e9giques : H\u00f4tel de ville, associations sp\u00e9cialis\u00e9es, clubs seniors et mairies de proximit\u00e9.<\/p>\n<p>Un contenu exhaustif sur 52 pages<\/p>\n<p>Cette publication approfondie couvre l\u2019ensemble des pr\u00e9occupations quotidiennes des personnes \u00e2g\u00e9es. Les th\u00e9matiques abord\u00e9es englobent la sant\u00e9, le logement, les loisirs, la mobilit\u00e9, l\u2019accompagnement social et la vie associative locale.<\/p>\n<p>Cette approche transversale permet aux seniors de disposer d\u2019une information compl\u00e8te et actualis\u00e9e sur les services et dispositifs disponibles sur le territoire st\u00e9phanois. Le format de 52 pages garantit un traitement d\u00e9taill\u00e9 de chaque sujet sans sacrifier la lisibilit\u00e9.<\/p>\n<p>Le pass loisirs seniors fait son retour<\/p>\n<p>En compl\u00e9ment de ce guide, la ville relance son dispositif pass loisirs seniors avec l\u2019ouverture des inscriptions d\u00e8s le 2 septembre. Cette formule attractive propose un bouquet d\u2019activit\u00e9s culturelles et de loisirs sp\u00e9cialement pens\u00e9 pour r\u00e9pondre aux attentes de ce public.<\/p>\n<p>Le pass seniors 2024 se distingue par la richesse de son offre culturelle. Les b\u00e9n\u00e9ficiaires pourront assister \u00e0 un spectacle au Z\u00e9nith, d\u00e9couvrir une production \u00e0 l\u2019Op\u00e9ra de Saint-\u00c9tienne, savourer une repr\u00e9sentation \u00e0 la Com\u00e9die ou au Caf\u00e9-Th\u00e9\u00e2tre Triomphe. Cette programmation \u00e9clectique garantit une offre adapt\u00e9e \u00e0 la diversit\u00e9 des go\u00fbts et des attentes du public senior, des grandes productions aux cr\u00e9ations plus intimistes.<\/p>\n<p>Sports, d\u00e9tente et d\u00e9couvertes patrimoniales<\/p>\n<p>Au-del\u00e0 du volet culturel, le dispositif int\u00e8gre une activit\u00e9 sportive ou de d\u00e9tente au choix, reconnaissant l\u2019importance du maintien de l\u2019activit\u00e9 physique dans le processus de vieillissement r\u00e9ussi.<\/p>\n<p>Le volet patrimonial n\u2019est pas n\u00e9glig\u00e9 avec une visite gratuite \u00ab\u00a0Ville d\u2019Art et d\u2019Histoire\u00a0\u00bb, permettant aux seniors de red\u00e9couvrir leur territoire sous un angle historique et architectural. Cette dimension \u00e9ducative enrichit l\u2019exp\u00e9rience tout en valorisant le patrimoine local.<\/p>\n<p>Cin\u00e9ma et spectacles vivants au programme<\/p>\n<p>L\u2019offre se compl\u00e8te par une sortie cin\u00e9ma et deux spectacles \u00e0 la Com\u00e9die de Saint-\u00c9tienne (La Com\u00e8te), \u00e9tablissement de r\u00e9f\u00e9rence pour les arts vivants contemporains. Cette diversit\u00e9 garantit un parcours culturel complet sur l\u2019ann\u00e9e. Le traditionnel th\u00e9 dansant figure \u00e9galement au programme, perp\u00e9tuant une tradition sociale appr\u00e9ci\u00e9e de cette g\u00e9n\u00e9ration tout en favorisant les rencontres interg\u00e9n\u00e9rationnelles.<\/p>\n<p>Une approche documentaire innovante<\/p>\n<p>L\u2019inclusion d\u2019une projection-documentaire dans le pass t\u00e9moigne de l\u2019attention port\u00e9e aux nouveaux formats culturels. Cette proposition r\u00e9pond \u00e0 l\u2019app\u00e9tit croissant des seniors pour les contenus documentaires de qualit\u00e9.<\/p>\n<p>Au-del\u00e0 de la simple information pratique, ce guide et le pass qui l\u2019accompagne constituent de v\u00e9ritables outils de coh\u00e9sion sociale. Ils facilitent l\u2019acc\u00e8s des seniors aux services municipaux tout en maintenant leur participation active \u00e0 la vie culturelle et sociale st\u00e9phanoise.<\/p>\n","protected":false},"excerpt":{"rendered":"Cette initiative r\u00e9pond \u00e0 un besoin croissant d\u2019information centralis\u00e9e pour cette population en pleine expansion d\u00e9mographique. Ce document&hellip;\n","protected":false},"author":2,"featured_media":332272,"comment_status":"","ping_status":"","sticky":false,"template":"","format":"standard","meta":{"footnotes":""},"categories":[9653],"tags":[1111,11,2430,1777,674,1011,27,3367,12,25,4001,3552],"class_list":{"0":"post-332271","1":"post","2":"type-post","3":"status-publish","4":"format-standard","5":"has-post-thumbnail","7":"category-saint-etienne","8":"tag-actu","9":"tag-actualites","10":"tag-auvergne-rhone-alpes","11":"tag-eu","12":"tag-europe","13":"tag-fr","14":"tag-france","15":"tag-loire","16":"tag-news","17":"tag-republique-francaise","18":"tag-saint-etienne","19":"tag-seniors"},"share_on_mastodon":{"url":"https:\/\/pubeurope.com\/@fr\/115062704977258310","error":""},"_links":{"self":[{"href":"https:\/\/www.europesays.com\/fr\/wp-json\/wp\/v2\/posts\/332271","targetHints":{"allow":["GET"]}}],"collection":[{"href":"https:\/\/www.europesays.com\/fr\/wp-json\/wp\/v2\/posts"}],"about":[{"href":"https:\/\/www.europesays.com\/fr\/wp-json\/wp\/v2\/types\/post"}],"author":[{"embeddable":true,"href":"https:\/\/www.europesays.com\/fr\/wp-json\/wp\/v2\/users\/2"}],"replies":[{"embeddable":true,"href":"https:\/\/www.europesays.com\/fr\/wp-json\/wp\/v2\/comments?post=332271"}],"version-history":[{"count":0,"href":"https:\/\/www.europesays.com\/fr\/wp-json\/wp\/v2\/posts\/332271\/revisions"}],"wp:featuredmedia":[{"embeddable":true,"href":"https:\/\/www.europesays.com\/fr\/wp-json\/wp\/v2\/media\/332272"}],"wp:attachment":[{"href":"https:\/\/www.europesays.com\/fr\/wp-json\/wp\/v2\/media?parent=332271"}],"wp:term":[{"taxonomy":"category","embeddable":true,"href":"https:\/\/www.europesays.com\/fr\/wp-json\/wp\/v2\/categories?post=332271"},{"taxonomy":"post_tag","embeddable":true,"href":"https:\/\/www.europesays.com\/fr\/wp-json\/wp\/v2\/tags?post=332271"}],"curies":[{"name":"wp","href":"https:\/\/api.w.org\/{rel}","templated":true}]}}