{"id":332285,"date":"2025-08-20T19:27:31","date_gmt":"2025-08-20T19:27:31","guid":{"rendered":"https:\/\/www.europesays.com\/fr\/332285\/"},"modified":"2025-08-20T19:27:31","modified_gmt":"2025-08-20T19:27:31","slug":"un-grenoblois-decede-lors-dun-grave-accident-de-parapente-dans-les-alpes","status":"publish","type":"post","link":"https:\/\/www.europesays.com\/fr\/332285\/","title":{"rendered":"Un Grenoblois d\u00e9c\u00e8de lors d\u2019un grave accident de parapente dans les Alpes"},"content":{"rendered":"<p itemprop=\"description\"><strong>Un Grenoblois, \u00e2g\u00e9 de 70 ans, a perdu la vie ce lundi 18 ao\u00fbt.<\/strong><\/p>\n<p>Pilote exp\u00e9riment\u00e9, il s\u2019\u00e9tait rendu dans la station de Pelvoux (Hautes-Alpes) pour d\u00e9coller avec son parapente. Mais apr\u00e8s une quarantaine de minutes de vol, sa voile se serait ferm\u00e9e alors qu\u2019il se situait au niveau de Puy-Saint-Vincent.<\/p>\n<p>Le septuag\u00e9naire s\u2019est alors encastr\u00e9 dans un pyl\u00f4ne avant de chuter d\u2019une cinquantaine de m\u00e8tres. Des randonneurs ont vu la sc\u00e8ne et ont imm\u00e9diatement appel\u00e9 les secours. La bike patrol, les sapeurs-pompiers et les secouristes du peloton de gendarmerie de haute montagne (PGHM) de Brian\u00e7on sont intervenus pour tenter de r\u00e9animer la victime. En vain.<\/p>\n<p>Une enqu\u00eate judiciaire a \u00e9t\u00e9 ouverte pour d\u00e9terminer les circonstances exactes de l\u2019accident. D\u2019apr\u00e8s les premiers \u00e9l\u00e9ments, la perte de contr\u00f4le serait due aux conditions m\u00e9t\u00e9orologiques actuelles.\u00a0<\/p>\n","protected":false},"excerpt":{"rendered":"Un Grenoblois, \u00e2g\u00e9 de 70 ans, a perdu la vie ce lundi 18 ao\u00fbt. Pilote exp\u00e9riment\u00e9, il s\u2019\u00e9tait&hellip;\n","protected":false},"author":2,"featured_media":332286,"comment_status":"","ping_status":"","sticky":false,"template":"","format":"standard","meta":{"footnotes":""},"categories":[9566],"tags":[1111,11,7733,8279,2430,7736,650,7734,2889,2263,1777,674,1011,27,2731,8280,6417,1114,108,4662,12,3725,1825,25,7737],"class_list":{"0":"post-332285","1":"post","2":"type-post","3":"status-publish","4":"format-standard","5":"has-post-thumbnail","7":"category-grenoble","8":"tag-actu","9":"tag-actualites","10":"tag-alpes","11":"tag-alpes1","12":"tag-auvergne-rhone-alpes","13":"tag-cds","14":"tag-cinema","15":"tag-ecoute","16":"tag-emission","17":"tag-equipe","18":"tag-eu","19":"tag-europe","20":"tag-fr","21":"tag-france","22":"tag-grenoble","23":"tag-haute","24":"tag-information","25":"tag-infos","26":"tag-isere","27":"tag-journal","28":"tag-news","29":"tag-podcast","30":"tag-radio","31":"tag-republique-francaise","32":"tag-winamp"},"share_on_mastodon":{"url":"https:\/\/pubeurope.com\/@fr\/115062744212322398","error":""},"_links":{"self":[{"href":"https:\/\/www.europesays.com\/fr\/wp-json\/wp\/v2\/posts\/332285","targetHints":{"allow":["GET"]}}],"collection":[{"href":"https:\/\/www.europesays.com\/fr\/wp-json\/wp\/v2\/posts"}],"about":[{"href":"https:\/\/www.europesays.com\/fr\/wp-json\/wp\/v2\/types\/post"}],"author":[{"embeddable":true,"href":"https:\/\/www.europesays.com\/fr\/wp-json\/wp\/v2\/users\/2"}],"replies":[{"embeddable":true,"href":"https:\/\/www.europesays.com\/fr\/wp-json\/wp\/v2\/comments?post=332285"}],"version-history":[{"count":0,"href":"https:\/\/www.europesays.com\/fr\/wp-json\/wp\/v2\/posts\/332285\/revisions"}],"wp:featuredmedia":[{"embeddable":true,"href":"https:\/\/www.europesays.com\/fr\/wp-json\/wp\/v2\/media\/332286"}],"wp:attachment":[{"href":"https:\/\/www.europesays.com\/fr\/wp-json\/wp\/v2\/media?parent=332285"}],"wp:term":[{"taxonomy":"category","embeddable":true,"href":"https:\/\/www.europesays.com\/fr\/wp-json\/wp\/v2\/categories?post=332285"},{"taxonomy":"post_tag","embeddable":true,"href":"https:\/\/www.europesays.com\/fr\/wp-json\/wp\/v2\/tags?post=332285"}],"curies":[{"name":"wp","href":"https:\/\/api.w.org\/{rel}","templated":true}]}}