{"id":332287,"date":"2025-08-20T19:28:10","date_gmt":"2025-08-20T19:28:10","guid":{"rendered":"https:\/\/www.europesays.com\/fr\/332287\/"},"modified":"2025-08-20T19:28:10","modified_gmt":"2025-08-20T19:28:10","slug":"discipline-plusieurs-matchs-de-suspension-pour-max-marty-gf38","status":"publish","type":"post","link":"https:\/\/www.europesays.com\/fr\/332287\/","title":{"rendered":"Discipline. Plusieurs matchs de suspension pour Max Marty (GF38)"},"content":{"rendered":"<p>R\u00e9unie le 20 ao\u00fbt 2025, la Commission de Discipline de la LFP a pris les d\u00e9cisions suivantes :<\/p>\n<p><strong>EXCLUSIONS<\/strong><\/p>\n<p><strong>LIGUE 1 MCDONALD\u2019S<\/strong><\/p>\n<p><strong>Deux matchs de suspension ferme et un match avec sursis<\/strong><br \/>Abdelhamid AIT BOUDLAL(Stade Rennais FC)\u00a0<\/p>\n<p><strong>Un match de suspension ferme et un match avec sursis<\/strong><br \/>Louis MOUTON (Angers SCO)<\/p>\n<p><strong>LIGUE 2 BKT<\/strong><\/p>\n<p><strong>Quatre matchs de suspension ferme<\/strong><br \/>Christ Inao OULA\u00cf (SC Bastia)<\/p>\n<p><strong>Deux matchs de suspension ferme<\/strong><br \/>Tom DUCROCQ (SC Bastia)<\/p>\n<p><strong>Un match de suspension ferme et un match avec sursis<\/strong><br \/>Daylam MEDDAH (Pau FC)<br \/>\u00a0<\/p>\n<p><strong>2e journ\u00e9e de Ligue 2 BKT : SC Bastia \u2013 Pau FC du vendredi 15 ao\u00fbt 2025<\/strong><br \/><strong>Comportement de M. Luis DE SOUSA, Directeur sportif du Pau FC<\/strong><\/p>\n<p>Deux matchs de suspension ferme de banc de touche, de vestiaire d\u2019arbitres et de toutes fonctions officielles.<br \/>\u00a0<\/p>\n<p><strong>2e journ\u00e9e de Ligue 2 BKT : SC Bastia \u2013 Pau FC du vendredi 15 ao\u00fbt 2025<\/strong><br \/><strong>Comportement de M. Dominique AGOSTINI, entra\u00eeneur des gardiens du SC Bastia<\/strong><\/p>\n<p>Deux matchs de suspension ferme de banc de touche, de vestiaire d\u2019arbitres et de toutes fonctions officielles.<br \/>\u00a0<\/p>\n<p><strong>2e journ\u00e9e de Ligue 2 BKT : Clermont Foot 63 \u2013 ESTAC Troyes du vendredi 15 ao\u00fbt 2025<\/strong><br \/><strong>Comportement de M. Gr\u00e9gory PROMENT, entra\u00eeneur du Clermont Foot 63<\/strong><\/p>\n<p>Un match de suspension ferme de banc de touche, de vestiaire d\u2019arbitres et de toutes fonctions officielles.<\/p>\n<p><strong>INCIDENTS<\/strong><\/p>\n<p><strong>LIGUE 2 BKT<\/strong><\/p>\n<p><strong>1<\/strong><strong>\u00e8re<\/strong><strong>\u00a0journ\u00e9e de Ligue 2 BKT : ESTAC Troyes \u2013 Grenoble Foot 38 du samedi 9 ao\u00fbt 2025<br \/>Comportement de M. Max MARTY, Directeur g\u00e9n\u00e9ral du Grenoble Foot 38<\/strong><\/p>\n<p>Trois matchs de suspension ferme et trois matchs avec sursis de banc de touche, de vestiaire d\u2019arbitres et de toutes fonctions officielles.<\/p>\n<p>La sanction prend effet \u00e0 partir du mardi 26 ao\u00fbt 2025 \u00e0 00h00.<\/p>\n<p>La prochaine r\u00e9union de la Commission de Discipline aura lieu mercredi 27 ao\u00fbt\u00a02025 \u00e0 18h00.<\/p>\n","protected":false},"excerpt":{"rendered":"R\u00e9unie le 20 ao\u00fbt 2025, la Commission de Discipline de la LFP a pris les d\u00e9cisions suivantes :&hellip;\n","protected":false},"author":2,"featured_media":66817,"comment_status":"","ping_status":"","sticky":false,"template":"","format":"standard","meta":{"footnotes":""},"categories":[9566],"tags":[1111,11,2430,1777,674,1011,27,2731,12,25],"class_list":{"0":"post-332287","1":"post","2":"type-post","3":"status-publish","4":"format-standard","5":"has-post-thumbnail","7":"category-grenoble","8":"tag-actu","9":"tag-actualites","10":"tag-auvergne-rhone-alpes","11":"tag-eu","12":"tag-europe","13":"tag-fr","14":"tag-france","15":"tag-grenoble","16":"tag-news","17":"tag-republique-francaise"},"share_on_mastodon":{"url":"https:\/\/pubeurope.com\/@fr\/115062748439443978","error":""},"_links":{"self":[{"href":"https:\/\/www.europesays.com\/fr\/wp-json\/wp\/v2\/posts\/332287","targetHints":{"allow":["GET"]}}],"collection":[{"href":"https:\/\/www.europesays.com\/fr\/wp-json\/wp\/v2\/posts"}],"about":[{"href":"https:\/\/www.europesays.com\/fr\/wp-json\/wp\/v2\/types\/post"}],"author":[{"embeddable":true,"href":"https:\/\/www.europesays.com\/fr\/wp-json\/wp\/v2\/users\/2"}],"replies":[{"embeddable":true,"href":"https:\/\/www.europesays.com\/fr\/wp-json\/wp\/v2\/comments?post=332287"}],"version-history":[{"count":0,"href":"https:\/\/www.europesays.com\/fr\/wp-json\/wp\/v2\/posts\/332287\/revisions"}],"wp:featuredmedia":[{"embeddable":true,"href":"https:\/\/www.europesays.com\/fr\/wp-json\/wp\/v2\/media\/66817"}],"wp:attachment":[{"href":"https:\/\/www.europesays.com\/fr\/wp-json\/wp\/v2\/media?parent=332287"}],"wp:term":[{"taxonomy":"category","embeddable":true,"href":"https:\/\/www.europesays.com\/fr\/wp-json\/wp\/v2\/categories?post=332287"},{"taxonomy":"post_tag","embeddable":true,"href":"https:\/\/www.europesays.com\/fr\/wp-json\/wp\/v2\/tags?post=332287"}],"curies":[{"name":"wp","href":"https:\/\/api.w.org\/{rel}","templated":true}]}}