{"id":332288,"date":"2025-08-20T19:29:15","date_gmt":"2025-08-20T19:29:15","guid":{"rendered":"https:\/\/www.europesays.com\/fr\/332288\/"},"modified":"2025-08-20T19:29:15","modified_gmt":"2025-08-20T19:29:15","slug":"ce-graff-pres-du-roazhon-park-interroge-sur-les-reseaux-sociaux","status":"publish","type":"post","link":"https:\/\/www.europesays.com\/fr\/332288\/","title":{"rendered":"ce graff pr\u00e8s du Roazhon Park interroge sur les r\u00e9seaux sociaux"},"content":{"rendered":"<p>            Par<br \/>\n        <strong><br \/>\n            <a href=\"https:\/\/actu.fr\/auteur\/redaction-rennes\" title=\"Consulter tous les articles de R\u00e9daction Rennes\" rel=\"nofollow noopener\" target=\"_blank\">R\u00e9daction Rennes<\/a><br \/>\n        <\/strong><\/p>\n<p>        Publi\u00e9 le<\/p>\n<p>            20 ao\u00fbt 2025 \u00e0 17h19        <\/p>\n<p>\u00ab\u00a0L\u00e0 je suis \u00e0 c\u00f4t\u00e9 du Stade Rennais (\u2026) je viens de trouver une fresque en l\u2019honneur de Jean-Marie\u00a0\u00bb, raconte ce Tiktokeur, qui s\u2019interroge sur la personne \u00e9voqu\u00e9e dans cet imposant <strong>graff noir et rouge<\/strong>, juste \u00e0 c\u00f4t\u00e9 du Roazhon Park.<\/p>\n<blockquote class=\"tiktok-embed\" cite=\"https:\/\/www.tiktok.com\/@vivienroulin\/video\/7539205989204004118\" data-video-id=\"7539205989204004118\" data-embed-from=\"oembed\" style=\"max-width:605px; min-width:325px;\"><p>\n<a target=\"_blank\" title=\"@vivienroulin\" href=\"https:\/\/www.tiktok.com\/@vivienroulin?refer=embed\" rel=\"nofollow noopener\">@vivienroulin<\/a> <\/p>\n<p>quelqu\u2019un m\u2019explique ?! <a title=\"reaction\" target=\"_blank\" href=\"https:\/\/www.tiktok.com\/tag\/reaction?refer=embed\" rel=\"nofollow noopener\">#reaction<\/a> <a title=\"rennes\" target=\"_blank\" href=\"https:\/\/www.tiktok.com\/tag\/rennes?refer=embed\" rel=\"nofollow noopener\">#Rennes<\/a> <a title=\"roazhonpark\" target=\"_blank\" href=\"https:\/\/www.tiktok.com\/tag\/roazhonpark?refer=embed\" rel=\"nofollow noopener\">#roazhonpark<\/a> <a title=\"humour\" target=\"_blank\" href=\"https:\/\/www.tiktok.com\/tag\/humour?refer=embed\" rel=\"nofollow noopener\">#humour<\/a> <\/p>\n<p> <a target=\"_blank\" title=\"\u266c son original - Vivien Roulin \u2611\ufe0f  \u2022 ami(e)s\" href=\"https:\/\/www.tiktok.com\/music\/son-original-7539205991406013207?refer=embed\" rel=\"nofollow noopener\">\u266c son original \u2013 Vivien Roulin \u2611\ufe0f  \u2022 ami(e)s<\/a> <\/p>\n<\/blockquote>\n<p class=\" wall-content\">Le jeune homme \u00e9voque la piste <strong>Jean-Marie Le Pen <\/strong>: \u00ab\u00a0On sait tous qu\u2019il est Breton, sa famille est bretonne\u00a0\u00bb, abonde-t-il. Mais \u00e0 qui ce graff fait-il r\u00e9ellement r\u00e9f\u00e9rence ?<\/p>\n<p>Jean-Marie Gontier, fervent supporter des Rouge et Noir<\/p>\n<p class=\" wall-content\">Les supporters du Stade Rennais le savent bien : \u00ab\u00a0Jean-Marie\u00a0\u00bb n\u2019est pas Jean-Marie Le Pen mais <strong>Jean-Marie Gontier<\/strong>, supporter rennais,<strong> tu\u00e9 il y a trois ans<\/strong>.<\/p>\n<p class=\" wall-content\">Le Roazhon Celtic Kop 1991 (RCK 1991) \u2013 les Ultras de Rennes \u2013 confirme d\u2019ailleurs aupr\u00e8s de la r\u00e9daction que ce graff, peint sur leur local, fait bien honneur \u00e0 celui qui <a href=\"https:\/\/actu.fr\/normandie\/saint-hilaire-du-harcouet_50484\/crime-a-saint-hilaire-du-harcouet-un-jeune-a-reconnu-le-coup-mortel-il-est-incarcere-deux-autres-sont-sous-controle-judiciaire_50636126.html\" rel=\"nofollow noopener\" target=\"_blank\">a perdu la vie de fa\u00e7on tragique le 30 avril 2022<\/a>.<\/p>\n<p>    <img   decoding=\"async\" loading=\"lazy\" src=\"https:\/\/www.europesays.com\/fr\/wp-content\/uploads\/2025\/08\/jean-marie-gontier-960x640.jpg\" alt=\"xxx\" width=\"960\" height=\"640\"\/><br \/>\n    Jean-Marie Gontier est mort \u00e0 l\u2019\u00e2ge de 29 ans, tu\u00e9 d\u2019un coup de couteau, en 2022. (\u00a9Archives)Tu\u00e9 d\u2019un coup de couteau<\/p>\n<p class=\" wall-content\">Le jeune homme<strong>, \u00e2g\u00e9 de 29 ans<\/strong> et originaire de Grandparigny (Manche), quittait ce soir-l\u00e0 <strong>le bar Le Pearl<\/strong>, sur la place Saint-Michel du centre-ville de la commune de Saint-Hilaire-du-Harcou\u00ebt, en Ille-et-Vilaine.<\/p>\n<p>Votre r\u00e9gion, votre actu !<\/p>\n<p>Recevez chaque jour les infos qui comptent pour vous.<\/p>\n<p>\t<a href=\"https:\/\/actu.fr\/newsletter\" class=\"ac-btn ac-btn--corner ac-btn--medium ac-btn--blue800\" rel=\"nofollow noopener\" target=\"_blank\">S&rsquo;incrire<\/a><\/p>\n<p class=\" wall-content\"><strong>Vers 1h<\/strong>, \u00e0 la sortie, <strong>des invectives<\/strong> sont alors entendues entre Jean-Marie Gontier et trois jeunes autres hommes, install\u00e9s dans une voiture.\u00a0<\/p>\n<p class=\" wall-content\">Selon le procureur de la R\u00e9publique de Coutances, Micha\u00ebl Giraudet, ces derniers sont sortis du v\u00e9hicule avant que <strong>l\u2019un d\u2019eux ne porte un coup par arme blanche sur le thorax<\/strong> de Jean-Marie Gontier. Un coup fatal.<\/p>\n<p>Interpell\u00e9s\u00a0<\/p>\n<p class=\" wall-content\">Dans la soir\u00e9e du 1\u1d49\u02b3 mai, le procureur annon\u00e7ait <strong>la garde \u00e0 vue de trois hommes<\/strong>, interrog\u00e9s sur les faits qualifi\u00e9s de meurtre et de complicit\u00e9 de meurtre.<\/p>\n<p class=\" wall-content\"><strong>Le principal mis en examen<\/strong> \u00e9tait un jeune d\u2019une vingtaine d\u2019ann\u00e9es, originaire de Foug\u00e8res. Ce dernier a reconnu \u00ab\u00a0la mat\u00e9rialit\u00e9 des fautes\u00a0\u00bb tout en rejetant \u00ab\u00a0l\u2019homicide\u00a0\u00bb.<\/p>\n<p class=\" wall-content\">Les deux autres occupants de la voitures ont \u00e9t\u00e9 mis en examen, quant \u00e0 eux, des \u00ab\u00a0chefs de dissimulation de preuves et de non-assistance \u00e0 personne en p\u00e9ril\u00a0\u00bb.<\/p>\n<p>Plusieurs hommages pour \u00ab\u00a0Jean-Mich&rsquo;\u00a0\u00bb<\/p>\n<p class=\" wall-content\"><a href=\"https:\/\/actu.fr\/normandie\/saint-hilaire-du-harcouet_50484\/drame-a-saint-hilaire-du-harcouet-des-roses-blanches-deposees-pour-jean-marie_50801798.html\" rel=\"nofollow noopener\" target=\"_blank\">Plusieurs hommages<\/a> ont \u00e9t\u00e9 rendus pour \u00ab\u00a0Jean-Mich&rsquo;\u00a0\u00bb, comme aimaient l\u2019appeler ses proches et sa famille, notamment au stade de foot de Saint-Hilaire, mais aussi par sa famille d\u2019Ultra, au Roazhon Park.<\/p>\n<p>    <img   decoding=\"async\" loading=\"lazy\" src=\"https:\/\/www.europesays.com\/fr\/wp-content\/uploads\/2025\/08\/jean-marie-1-960x640.jpg\" alt=\"A Saint-Hilaire-du-Harcou\u00ebt, une marche blanche sera organis\u00e9e en hommage \u00e0 Jean-Marie, tu\u00e9 le 30 avril d'un coup de couteau.\" width=\"960\" height=\"640\"\/><br \/>\n    \u00c0 Saint-Hilaire-du-Harcou\u00ebt, une marche blanche a \u00e9t\u00e9 organis\u00e9e en hommage \u00e0 Jean-Marie, tu\u00e9 le 30 avril d\u2019un coup de couteau. (Archives \u00a9Gazette de la Manche)<\/p>\n<p class=\" wall-content\"><a href=\"https:\/\/www.leetchi.com\/fr\/c\/a-notre-jm?utm_source=copylink&amp;utm_medium=social_sharing&amp;fbclid=IwAR0pDYYIAJy9QsAhLcfN5CubAnaBC7yKhurOmUAqafrnEj2hoNBeSovxib4\" rel=\"nofollow noopener\" target=\"_blank\">Une cagnotte<\/a> avait d\u2019ailleurs \u00e9t\u00e9 lanc\u00e9e par ses amis supporters afin d\u2019aider la famille. Au total, <strong>13 620 euros avait \u00e9t\u00e9 r\u00e9colt\u00e9s<\/strong>.<\/p>\n<p class=\" wall-content\">Personnalisez votre actualit\u00e9 en ajoutant vos villes et m\u00e9dias en favori avec <a href=\"https:\/\/moncompte.actu.fr\" title=\"D\u00e9couvez Mon Actu\" rel=\"nofollow noopener\" data-trk=\"{&quot;cta&quot;:{&quot;action&quot;:&quot;https:\\\/\\\/moncompte.actu.fr&quot;,&quot;category&quot;:&quot;mon compte&quot;,&quot;from&quot;:&quot;article footer&quot;,&quot;name&quot;:&quot;Mon actu&quot;,&quot;type&quot;:&quot;cta&quot;}}\" target=\"_blank\">Mon Actu<\/a>.<\/p>\n<p>                    <script async src=\"\/\/www.tiktok.com\/embed.js\"><\/script><\/p>\n","protected":false},"excerpt":{"rendered":"Par R\u00e9daction Rennes Publi\u00e9 le 20 ao\u00fbt 2025 \u00e0 17h19 \u00ab\u00a0L\u00e0 je suis \u00e0 c\u00f4t\u00e9 du Stade Rennais&hellip;\n","protected":false},"author":2,"featured_media":332289,"comment_status":"","ping_status":"","sticky":false,"template":"","format":"standard","meta":{"footnotes":""},"categories":[2821],"tags":[1111,11,829,1777,674,1011,27,12,584,25,60,3087],"class_list":{"0":"post-332288","1":"post","2":"type-post","3":"status-publish","4":"format-standard","5":"has-post-thumbnail","7":"category-rennes","8":"tag-actu","9":"tag-actualites","10":"tag-bretagne","11":"tag-eu","12":"tag-europe","13":"tag-fr","14":"tag-france","15":"tag-news","16":"tag-rennes","17":"tag-republique-francaise","18":"tag-sports","19":"tag-stade-rennais"},"share_on_mastodon":{"url":"https:\/\/pubeurope.com\/@fr\/115062752410017425","error":""},"_links":{"self":[{"href":"https:\/\/www.europesays.com\/fr\/wp-json\/wp\/v2\/posts\/332288","targetHints":{"allow":["GET"]}}],"collection":[{"href":"https:\/\/www.europesays.com\/fr\/wp-json\/wp\/v2\/posts"}],"about":[{"href":"https:\/\/www.europesays.com\/fr\/wp-json\/wp\/v2\/types\/post"}],"author":[{"embeddable":true,"href":"https:\/\/www.europesays.com\/fr\/wp-json\/wp\/v2\/users\/2"}],"replies":[{"embeddable":true,"href":"https:\/\/www.europesays.com\/fr\/wp-json\/wp\/v2\/comments?post=332288"}],"version-history":[{"count":0,"href":"https:\/\/www.europesays.com\/fr\/wp-json\/wp\/v2\/posts\/332288\/revisions"}],"wp:featuredmedia":[{"embeddable":true,"href":"https:\/\/www.europesays.com\/fr\/wp-json\/wp\/v2\/media\/332289"}],"wp:attachment":[{"href":"https:\/\/www.europesays.com\/fr\/wp-json\/wp\/v2\/media?parent=332288"}],"wp:term":[{"taxonomy":"category","embeddable":true,"href":"https:\/\/www.europesays.com\/fr\/wp-json\/wp\/v2\/categories?post=332288"},{"taxonomy":"post_tag","embeddable":true,"href":"https:\/\/www.europesays.com\/fr\/wp-json\/wp\/v2\/tags?post=332288"}],"curies":[{"name":"wp","href":"https:\/\/api.w.org\/{rel}","templated":true}]}}