{"id":332294,"date":"2025-08-20T19:32:11","date_gmt":"2025-08-20T19:32:11","guid":{"rendered":"https:\/\/www.europesays.com\/fr\/332294\/"},"modified":"2025-08-20T19:32:11","modified_gmt":"2025-08-20T19:32:11","slug":"strasbourg-retrouve-leurope-jeudi-a-la-meinau","status":"publish","type":"post","link":"https:\/\/www.europesays.com\/fr\/332294\/","title":{"rendered":"Strasbourg retrouve l&rsquo;Europe jeudi \u00e0 la Meinau"},"content":{"rendered":"<p class=\"date\">\n                                                            Thomas Siniecki, Media365 : publi\u00e9 le mercredi 20 ao\u00fbt 2025 \u00e0 21h04\n                                                    <\/p>\n<p>Jeudi soir, \u00e0 20h, Strasbourg accueille Br\u00f6ndby en barrages aller de Ligue Conf\u00e9rence. Ce sera d\u00e9j\u00e0 bouillant.<\/p>\n<p>On peut compter sur les supporters du Racing Club de Strasbourg : la Meinau sera en feu jeudi soir pour le retour de l&rsquo;Europe en Alsace, qu&rsquo;on esp\u00e8re p\u00e9renne en vue d&rsquo;une phase finale. Car si les Strasbourgeois \u00e9taient d\u00e9j\u00e0 en barrages de Ligue Europa en 2019, ils avaient \u00e9t\u00e9 \u00e9limin\u00e9s par Francfort et il faut donc remonter \u00e0 2006 pour retrouver trace de la derni\u00e8re vraie campagne continentale du RCSA, achev\u00e9e en huiti\u00e8mes de finale de C3 (contre B\u00e2le). Et face aux travaux, ce n&rsquo;\u00e9tait pas gagn\u00e9 d&rsquo;avance que ce Strasbourg &#8211; Br\u00f6ndby puisse se disputer dans l&rsquo;antre des hommes de Liam Rosenior, qui \u00ab\u00a0remercie tous ceux qui ont travaill\u00e9 jour et nuit pour que cette tribune soit pr\u00eate\u00a0\u00bb.<\/p>\n<p>Rosenior : \u00ab\u00a0Un r\u00eave qui devient r\u00e9alit\u00e9 !\u00a0\u00bb<\/p>\n<p>Logiquement <a href=\"https:\/\/sports.orange.fr\/football\/mercato\/article\/strasbourg-liam-rosenior-scelle-son-avenir-jusqu-en-2028-CNT000002ixWbN.html\" rel=\"nofollow noopener\" target=\"_blank\">convoit\u00e9 apr\u00e8s son travail exceptionnel la saison derni\u00e8re<\/a>, qui a vu Strasbourg rester dans la lutte pour la Ligue des champions jusqu&rsquo;\u00e0 l&rsquo;ultime journ\u00e9e, l&rsquo;entra\u00eeneur anglais se dit \u00ab\u00a0tr\u00e8s excit\u00e9\u00a0\u00bb : \u00ab\u00a0C&rsquo;est un r\u00eave qui devient r\u00e9alit\u00e9 ! Il faut gagner et nous penserons \u00e0 la suite apr\u00e8s, ce sera un match tr\u00e8s int\u00e9ressant face \u00e0 une tr\u00e8s belle \u00e9quipe, combative et tr\u00e8s engag\u00e9e, \u00e7a peut donner un match tr\u00e8s ouvert.\u00a0Je me concentre sur notre style de jeu, le but est d&rsquo;imposer notre jeu \u00e0 l&rsquo;adversaire, nous l&rsquo;avons fait la saison pass\u00e9e et nous continuerons \u00e0 le faire cette ann\u00e9e. On va d\u00e9couvrir cette Coupe d&rsquo;Europe ensemble.\u00a0\u00bb<\/p>\n<p>Focus sur son job et son staff, <a href=\"https:\/\/sports.orange.fr\/football\/ligue-europa-conference\/article\/ligue-conference-barrages-strasbourg-defiera-un-brondby-if-renversant-CNT000002jS0ug.html\" rel=\"nofollow noopener\" target=\"_blank\">il assure ne pas ressentir plus de pression de la part de l&rsquo;environnement<\/a>, surtout parce qu&rsquo;il s&rsquo;inflige lui-m\u00eame une vraie exigence : \u00ab\u00a0Peu importe la comp\u00e9tition, \u00e7a ne change rien et c&rsquo;est un plaisir au quotidien.\u00a0\u00bb A noter qu&rsquo;un joueur de Br\u00f6ndby conna\u00eetra d\u00e9j\u00e0 le football fran\u00e7ais,\u00a0\u00e0 savoir Daniel Wass qui a jou\u00e9 \u00e0 Evian de 2012 \u00e0 2015 : \u00ab\u00a0Mais ce sera la premi\u00e8re fois \u00e0 Strasbourg. C&rsquo;est un match sp\u00e9cial pour moi et pour tout le club. C&rsquo;est important pour nous de gagner ce premier match, Strasbourg \u00e9tait tr\u00e8s plaisant \u00e0 voir jouer la saison derni\u00e8re et ce sera difficile, c&rsquo;est certain, mais pas impossible !\u00a0\u00bb Apr\u00e8s le fiasco de Nice face au Benfica d\u00e8s le troisi\u00e8me tour pr\u00e9liminaire de Ligue des champions, il n&rsquo;y aurait cette fois pas de voie de rattrapage pour le Racing (alors que l&rsquo;OGCN disputera la Ligue Europa) \u00e0 ce stade de la comp\u00e9tition, celui o\u00f9 Lens avait \u00e9chou\u00e9 l&rsquo;an pass\u00e9 contre le Panathinaikos.<\/p>\n","protected":false},"excerpt":{"rendered":"Thomas Siniecki, Media365 : publi\u00e9 le mercredi 20 ao\u00fbt 2025 \u00e0 21h04 Jeudi soir, \u00e0 20h, Strasbourg accueille&hellip;\n","protected":false},"author":2,"featured_media":332295,"comment_status":"","ping_status":"","sticky":false,"template":"","format":"standard","meta":{"footnotes":""},"categories":[2820],"tags":[1111,11,1777,674,1011,27,775,12,25,640],"class_list":{"0":"post-332294","1":"post","2":"type-post","3":"status-publish","4":"format-standard","5":"has-post-thumbnail","7":"category-strasbourg","8":"tag-actu","9":"tag-actualites","10":"tag-eu","11":"tag-europe","12":"tag-fr","13":"tag-france","14":"tag-grand-est","15":"tag-news","16":"tag-republique-francaise","17":"tag-strasbourg"},"share_on_mastodon":{"url":"https:\/\/pubeurope.com\/@fr\/115062763882933442","error":""},"_links":{"self":[{"href":"https:\/\/www.europesays.com\/fr\/wp-json\/wp\/v2\/posts\/332294","targetHints":{"allow":["GET"]}}],"collection":[{"href":"https:\/\/www.europesays.com\/fr\/wp-json\/wp\/v2\/posts"}],"about":[{"href":"https:\/\/www.europesays.com\/fr\/wp-json\/wp\/v2\/types\/post"}],"author":[{"embeddable":true,"href":"https:\/\/www.europesays.com\/fr\/wp-json\/wp\/v2\/users\/2"}],"replies":[{"embeddable":true,"href":"https:\/\/www.europesays.com\/fr\/wp-json\/wp\/v2\/comments?post=332294"}],"version-history":[{"count":0,"href":"https:\/\/www.europesays.com\/fr\/wp-json\/wp\/v2\/posts\/332294\/revisions"}],"wp:featuredmedia":[{"embeddable":true,"href":"https:\/\/www.europesays.com\/fr\/wp-json\/wp\/v2\/media\/332295"}],"wp:attachment":[{"href":"https:\/\/www.europesays.com\/fr\/wp-json\/wp\/v2\/media?parent=332294"}],"wp:term":[{"taxonomy":"category","embeddable":true,"href":"https:\/\/www.europesays.com\/fr\/wp-json\/wp\/v2\/categories?post=332294"},{"taxonomy":"post_tag","embeddable":true,"href":"https:\/\/www.europesays.com\/fr\/wp-json\/wp\/v2\/tags?post=332294"}],"curies":[{"name":"wp","href":"https:\/\/api.w.org\/{rel}","templated":true}]}}