{"id":332300,"date":"2025-08-20T19:35:26","date_gmt":"2025-08-20T19:35:26","guid":{"rendered":"https:\/\/www.europesays.com\/fr\/332300\/"},"modified":"2025-08-20T19:35:26","modified_gmt":"2025-08-20T19:35:26","slug":"accueil-des-nouveaux-arrivants","status":"publish","type":"post","link":"https:\/\/www.europesays.com\/fr\/332300\/","title":{"rendered":"Accueil des nouveaux arrivants"},"content":{"rendered":"<p>Vendredi 05 septembre 2025<\/p>\n<p>\u00e0 18h30<\/p>\n<p>C\u2019est un rituel annuel important : accueillir les nouveaux Luc\u00e9ens \u00e0 la mairie, leur permettre de faire connaissance avec le maire et les \u00e9lus.<\/p>\n<p>Cette ann\u00e9e, ce moment d\u2019\u00e9change convivial aura lieu vendredi 5 septembre \u00e0 18h30 dans le jardin du Ch\u00e2teau du Chassay.<\/p>\n<p>Les Luc\u00e9ennes et Luc\u00e9ens arriv\u00e9s durant les 12 derniers mois dans la commune sont convi\u00e9s.<\/p>\n<p>S\u2019ils le souhaitent, les participants n\u2019auront que quelques m\u00e8tres \u00e0 parcourir pour rejoindre le terrain de Chassay et regarder la s\u00e9ance de <a href=\"https:\/\/www.sainte-luce-loire.com\/agenda\/cinema-en-plein-air-flow\/\" rel=\"nofollow noopener\" target=\"_blank\">cin\u00e9ma en plein air<\/a> gratuite propos\u00e9e par la mairie.<\/p>\n","protected":false},"excerpt":{"rendered":"Vendredi 05 septembre 2025 \u00e0 18h30 C\u2019est un rituel annuel important : accueillir les nouveaux Luc\u00e9ens \u00e0 la&hellip;\n","protected":false},"author":2,"featured_media":332301,"comment_status":"","ping_status":"","sticky":false,"template":"","format":"standard","meta":{"footnotes":""},"categories":[2818],"tags":[1111,11,1777,674,1011,27,766,12,2636,25],"class_list":{"0":"post-332300","1":"post","2":"type-post","3":"status-publish","4":"format-standard","5":"has-post-thumbnail","7":"category-nantes","8":"tag-actu","9":"tag-actualites","10":"tag-eu","11":"tag-europe","12":"tag-fr","13":"tag-france","14":"tag-nantes","15":"tag-news","16":"tag-pays-de-la-loire","17":"tag-republique-francaise"},"share_on_mastodon":{"url":"https:\/\/pubeurope.com\/@fr\/115062775829873659","error":""},"_links":{"self":[{"href":"https:\/\/www.europesays.com\/fr\/wp-json\/wp\/v2\/posts\/332300","targetHints":{"allow":["GET"]}}],"collection":[{"href":"https:\/\/www.europesays.com\/fr\/wp-json\/wp\/v2\/posts"}],"about":[{"href":"https:\/\/www.europesays.com\/fr\/wp-json\/wp\/v2\/types\/post"}],"author":[{"embeddable":true,"href":"https:\/\/www.europesays.com\/fr\/wp-json\/wp\/v2\/users\/2"}],"replies":[{"embeddable":true,"href":"https:\/\/www.europesays.com\/fr\/wp-json\/wp\/v2\/comments?post=332300"}],"version-history":[{"count":0,"href":"https:\/\/www.europesays.com\/fr\/wp-json\/wp\/v2\/posts\/332300\/revisions"}],"wp:featuredmedia":[{"embeddable":true,"href":"https:\/\/www.europesays.com\/fr\/wp-json\/wp\/v2\/media\/332301"}],"wp:attachment":[{"href":"https:\/\/www.europesays.com\/fr\/wp-json\/wp\/v2\/media?parent=332300"}],"wp:term":[{"taxonomy":"category","embeddable":true,"href":"https:\/\/www.europesays.com\/fr\/wp-json\/wp\/v2\/categories?post=332300"},{"taxonomy":"post_tag","embeddable":true,"href":"https:\/\/www.europesays.com\/fr\/wp-json\/wp\/v2\/tags?post=332300"}],"curies":[{"name":"wp","href":"https:\/\/api.w.org\/{rel}","templated":true}]}}