{"id":332304,"date":"2025-08-20T19:37:11","date_gmt":"2025-08-20T19:37:11","guid":{"rendered":"https:\/\/www.europesays.com\/fr\/332304\/"},"modified":"2025-08-20T19:37:11","modified_gmt":"2025-08-20T19:37:11","slug":"les-benevoles-de-la-dfci-en-premiere-ligne-contre-les-incendies-de-foret","status":"publish","type":"post","link":"https:\/\/www.europesays.com\/fr\/332304\/","title":{"rendered":"Les b\u00e9n\u00e9voles de la DFCI en premi\u00e8re ligne contre les incendies de for\u00eat"},"content":{"rendered":"<p>Alors que les \u00e9t\u00e9s se font plus secs et les incendies plus fr\u00e9quents, les b\u00e9n\u00e9voles de la D\u00e9fense des for\u00eats contre l\u2019incendie (DFCI) Aquitaine veillent chaque jour sur les massifs forestiers. Dans le Blayais, ils prot\u00e8gent 12\u00a0000 hectares de for\u00eat.<\/p>\n<p>\u00ab\u00a0L\u2019association r\u00e9gionale DFCI Aquitaine, regroupe quatre unions d\u00e9partementales (Dordogne, Gironde, Landes, Lot-et-Garonne) et rassemble 212 Associations syndicales autoris\u00e9es (ASA), qui s\u2019appuient sur plus de 2\u00a0500 b\u00e9n\u00e9voles. Et la Charente veut nous rejoindre\u00a0\u00bb, explique, d\u2019entr\u00e9e, Herv\u00e9 Capdeville, le pr\u00e9sident de l\u2019ASA du Blayais. Il rappelle que les incendies sont en grande majorit\u00e9 caus\u00e9s par des comportements inappropri\u00e9s. Un simple m\u00e9got jet\u00e9 sur un bord de route, m\u00eame \u00e9teint en apparence, peu provoqu\u00e9 des incendies gigantesques, dont on a pu voir les cons\u00e9quences derni\u00e8rement.<\/p>\n<p>Une mission renforc\u00e9e<\/p>\n<p>Aux c\u00f4t\u00e9s de ses vice-pr\u00e9sidents Thierry Soulignac et Bernard Herv\u00e9, Herv\u00e9 Capdeville, affirme que, apr\u00e8s les incendies de 2022, l\u2019\u00c9tat a confi\u00e9 aux ASA la mission de surveillance du massif forestier. \u00ab\u00a0Nous avons \u00e9t\u00e9 charg\u00e9s d\u2019organiser des patrouilles quotidiennes, et nous avons re\u00e7u un v\u00e9hicule 4&#215;4 pour effectuer ces tourn\u00e9es\u00a0\u00bb, explique-t-il.<\/p>\n<p>Ils sont aujourd\u2019hui 17 \u00e0 arpenter quotidiennement les for\u00eats du secteur, \u00e2g\u00e9s de 28 \u00e0 78\u00a0ans. Tous ont en commun un engagement fort. Certains sont d\u2019anciens sapeurs-pompiers, d\u2019autres propri\u00e9taires forestiers ou \u00e9lus locaux. Tous partagent la volont\u00e9 d\u2019\u00eatre utiles. \u00ab\u00a0On aimerait monter le curseur \u00e0 20.\u00a0\u00bb Leur mission est claire\u00a0: pr\u00e9venir les risques, signaler tout d\u00e9part de feu. Chaque jour, ils patrouillent, par secteur, pour faire de la pr\u00e9vention, rappeler que la circulation des v\u00e9hicules \u00e0 moteur est interdite sur les pistes foresti\u00e8res. Les v\u00e9hicules des patrouilles sont g\u00e9olocalis\u00e9s et interconnect\u00e9s \u00e0 la gendarmerie et au Sdis, pour une intervention rapide en cas d\u2019alerte.<\/p>\n<p>L\u2019ASA du Blayais couvre \u00e0 elle seule 13 communes (1), soit pr\u00e8s de 12\u00a0000\u00a0hectares de for\u00eats, r\u00e9partis entre 1\u00a0800 propri\u00e9taires. Chacun d\u2019eux paie une cotisation \u00e0 l\u2019hectare (2) qui alimente un budget annuel de 50\u00a0000\u00a0euros, compl\u00e9t\u00e9 par des subventions de l\u2019Europe, de la R\u00e9gion Nouvelle-Aquitaine et d\u2019autres partenaires.<\/p>\n<p>Pr\u00e9venir les risques<\/p>\n<p>Ce budget, permet \u00e0 la DFCI de financer l\u2019entretien des pistes (pose de calcaire), la maintenance des v\u00e9hicules, la construction de points d\u2019eau, ainsi que le forage lorsque n\u00e9cessaire. \u00ab\u00a0Le feu suit l\u2019homme\u00a0\u00bb, rappelle Herv\u00e9 Capdeville, \u00e9voquant les d\u00e9p\u00f4ts sauvages d\u2019ordures, encore trop fr\u00e9quents, et souvent \u00e0 l\u2019origine de d\u00e9parts de feu. Pour limiter les risques, plusieurs communes comme Laruscade et Saint-Christoly-de-Blaye ont choisi d\u2019installer des barri\u00e8res \u00e0 l\u2019entr\u00e9e des pistes foresti\u00e8res. D\u2019autres, comme Saint-Savin, y r\u00e9fl\u00e9chissent \u00e9galement. \u00ab\u00a0Seuls les ayants droit que sont les pompiers, les propri\u00e9taires forestiers, les entreprises autoris\u00e9es et les chasseurs peuvent circuler sur ces voies\u00a0\u00bb, insiste le pr\u00e9sident de l\u2019ASA.<\/p>\n<p>Il rappelle quelques r\u00e8gles simples pour limiter les risques incendie\u00a0: En for\u00eat, ne pas allumer de feu, ne pas fumer, ne pas jeter de d\u00e9chet, ne pas circuler avec des v\u00e9hicules \u00e0 moteur en dehors des voies ouvertes au public, ne pas camper. \u00ab\u00a0La pr\u00e9vention est l\u2019affaire de tous\u00a0!\u00a0\u00bb, conclut Herv\u00e9 Capdeville.<\/p>\n<p>(1) Campugnan, Cartel\u00e8gue, Donnezac, \u00c9tauliers, G\u00e9n\u00e9rac, Laruscade, Reignac, Saint-Aubin-de-Blaye, Saugon, Saint-Christoly, Saint-Yzan-de-Soudiac, Saint-Savin, Val-de-Livenne.<\/p>\n<p>(2) Droit fixe de 7\u00a0euros plus 2\u00a0euros par hectare.<\/p>\n","protected":false},"excerpt":{"rendered":"Alors que les \u00e9t\u00e9s se font plus secs et les incendies plus fr\u00e9quents, les b\u00e9n\u00e9voles de la D\u00e9fense&hellip;\n","protected":false},"author":2,"featured_media":332305,"comment_status":"","ping_status":"","sticky":false,"template":"","format":"standard","meta":{"footnotes":""},"categories":[2817],"tags":[1111,11,1997,1777,674,1011,27,12,2219,25],"class_list":{"0":"post-332304","1":"post","2":"type-post","3":"status-publish","4":"format-standard","5":"has-post-thumbnail","7":"category-bordeaux","8":"tag-actu","9":"tag-actualites","10":"tag-bordeaux","11":"tag-eu","12":"tag-europe","13":"tag-fr","14":"tag-france","15":"tag-news","16":"tag-nouvelle-aquitaine","17":"tag-republique-francaise"},"share_on_mastodon":{"url":"https:\/\/pubeurope.com\/@fr\/115062783640113021","error":""},"_links":{"self":[{"href":"https:\/\/www.europesays.com\/fr\/wp-json\/wp\/v2\/posts\/332304","targetHints":{"allow":["GET"]}}],"collection":[{"href":"https:\/\/www.europesays.com\/fr\/wp-json\/wp\/v2\/posts"}],"about":[{"href":"https:\/\/www.europesays.com\/fr\/wp-json\/wp\/v2\/types\/post"}],"author":[{"embeddable":true,"href":"https:\/\/www.europesays.com\/fr\/wp-json\/wp\/v2\/users\/2"}],"replies":[{"embeddable":true,"href":"https:\/\/www.europesays.com\/fr\/wp-json\/wp\/v2\/comments?post=332304"}],"version-history":[{"count":0,"href":"https:\/\/www.europesays.com\/fr\/wp-json\/wp\/v2\/posts\/332304\/revisions"}],"wp:featuredmedia":[{"embeddable":true,"href":"https:\/\/www.europesays.com\/fr\/wp-json\/wp\/v2\/media\/332305"}],"wp:attachment":[{"href":"https:\/\/www.europesays.com\/fr\/wp-json\/wp\/v2\/media?parent=332304"}],"wp:term":[{"taxonomy":"category","embeddable":true,"href":"https:\/\/www.europesays.com\/fr\/wp-json\/wp\/v2\/categories?post=332304"},{"taxonomy":"post_tag","embeddable":true,"href":"https:\/\/www.europesays.com\/fr\/wp-json\/wp\/v2\/tags?post=332304"}],"curies":[{"name":"wp","href":"https:\/\/api.w.org\/{rel}","templated":true}]}}