{"id":332306,"date":"2025-08-20T19:38:28","date_gmt":"2025-08-20T19:38:28","guid":{"rendered":"https:\/\/www.europesays.com\/fr\/332306\/"},"modified":"2025-08-20T19:38:28","modified_gmt":"2025-08-20T19:38:28","slug":"bordeaux-granville-un-absent-et-trois-incertitudes-chez-les-girondins","status":"publish","type":"post","link":"https:\/\/www.europesays.com\/fr\/332306\/","title":{"rendered":"Bordeaux-Granville : un absent et trois incertitudes chez les Girondins"},"content":{"rendered":"<p><img decoding=\"async\" src=\"https:\/\/www.europesays.com\/fr\/wp-content\/uploads\/2025\/08\/671_755ed06277d1cb3f779b86ce5d5a7a53.jpg\" alt=\"Bordeaux-Granville : un absent et trois incertitudes chez les Girondins\" class=\"img-responsive mt-3\"\/><\/p>\n<p class=\"text-center mb-3\" style=\"font-size: 14px\">\u00a9 Iconsport<\/p>\n<p style=\"text-align: justify;\">Le seul joueur dont la participation au match face \u00e0 Granville est compromise est <strong>Nadjib Ciss\u00e9<\/strong> (d\u00e9fenseur central) : il est bless\u00e9 et souffre d&rsquo;une entorse du genou droit. Il ne sera pas de retour avant le mois de septembre.<\/p>\n<p style=\"text-align: justify;\">Voici les 3 joueurs des Girondins qui sont incertains pour ce samedi 23 ao\u00fbt face \u00e0 l&rsquo;US Granville :<\/p>\n<p style=\"text-align: justify;\">&#8211; <strong>Steve Shamal<\/strong> (ailier) : \u00e0 la suite d&rsquo;une alerte musculaire, il a \u00e9court\u00e9 sa s\u00e9ance ce mercredi (<a href=\"https:\/\/www.webgirondins.com\/actualite-girondins-girondins-steve-shamal-ecourte-son-entrainement-bahassa-et-mannai-operationnels-130119\" target=\"_blank\" rel=\"noopener\">lire ici le compte rendu de la s\u00e9ance avec une vid\u00e9o<\/a>).<\/p>\n<p style=\"text-align: justify;\">&#8211; <strong>Lud\u00e9ric \u00c9tonde<\/strong> (attaquant) : il ne s&rsquo;est pas entrain\u00e9 avec le collectif mardi et mercredi. Il s&rsquo;est content\u00e9 d\u2019un footing et de soins aujourd&rsquo;hui.<\/p>\n<p style=\"text-align: justify;\">&#8211; <strong>\u00c9ric Vendenabeele<\/strong> (d\u00e9fenseur central) : il ne s&rsquo;est pas entrain\u00e9 avec le collectif mardi et mercredi. Il s&rsquo;est content\u00e9 d\u2019un footing et de soins aujourd&rsquo;hui, comme Lud\u00e9ric \u00c9tonde.<\/p>\n<p>\u00c0 lire &gt;&gt;\u00a0<strong><a href=\"https:\/\/www.webgirondins.com\/actualite-girondins-girondins-une-attaque-merdji-beugre-en-r1-nous-ferait-entrer-dans-le-guinness-book-des-records-130113\" target=\"_blank\" rel=\"noopener\">\u00ab\u00a0Une attaque Merdji-Beugr\u00e9 en R1 nous ferait entrer dans le Guinness book des records\u00a0\u00bb<\/a><\/strong><\/p>\n<p><strong>\u00a0<\/strong><\/p>\n<p>Notre podcast court \u00e0 \u00e9couter :<\/p>\n<p>\u00a0<\/p>\n<p>\u00a0<\/p>\n","protected":false},"excerpt":{"rendered":"\u00a9 Iconsport Le seul joueur dont la participation au match face \u00e0 Granville est compromise est Nadjib Ciss\u00e9&hellip;\n","protected":false},"author":2,"featured_media":324943,"comment_status":"","ping_status":"","sticky":false,"template":"","format":"standard","meta":{"footnotes":""},"categories":[2817],"tags":[13766,1111,11,1997,3477,3530,2563,1777,674,1011,27,1987,19521,46944,46943,4059,3465,3238,12,2219,2513,4789,471,22702,5486,25,3982,3333,1100],"class_list":{"0":"post-332306","1":"post","2":"type-post","3":"status-publish","4":"format-standard","5":"has-post-thumbnail","7":"category-bordeaux","8":"tag-absent","9":"tag-actu","10":"tag-actualites","11":"tag-bordeaux","12":"tag-cette","13":"tag-chez","14":"tag-deuxieme","15":"tag-eu","16":"tag-europe","17":"tag-fr","18":"tag-france","19":"tag-girondins","20":"tag-granville","21":"tag-incertains","22":"tag-incertitudes","23":"tag-joueurs","24":"tag-journee","25":"tag-national","26":"tag-news","27":"tag-nouvelle-aquitaine","28":"tag-plusieurs","29":"tag-poule","30":"tag-pour","31":"tag-recoivent","32":"tag-rencontre","33":"tag-republique-francaise","34":"tag-samedi","35":"tag-sont","36":"tag-trois"},"share_on_mastodon":{"url":"https:\/\/pubeurope.com\/@fr\/115062787568437637","error":""},"_links":{"self":[{"href":"https:\/\/www.europesays.com\/fr\/wp-json\/wp\/v2\/posts\/332306","targetHints":{"allow":["GET"]}}],"collection":[{"href":"https:\/\/www.europesays.com\/fr\/wp-json\/wp\/v2\/posts"}],"about":[{"href":"https:\/\/www.europesays.com\/fr\/wp-json\/wp\/v2\/types\/post"}],"author":[{"embeddable":true,"href":"https:\/\/www.europesays.com\/fr\/wp-json\/wp\/v2\/users\/2"}],"replies":[{"embeddable":true,"href":"https:\/\/www.europesays.com\/fr\/wp-json\/wp\/v2\/comments?post=332306"}],"version-history":[{"count":0,"href":"https:\/\/www.europesays.com\/fr\/wp-json\/wp\/v2\/posts\/332306\/revisions"}],"wp:featuredmedia":[{"embeddable":true,"href":"https:\/\/www.europesays.com\/fr\/wp-json\/wp\/v2\/media\/324943"}],"wp:attachment":[{"href":"https:\/\/www.europesays.com\/fr\/wp-json\/wp\/v2\/media?parent=332306"}],"wp:term":[{"taxonomy":"category","embeddable":true,"href":"https:\/\/www.europesays.com\/fr\/wp-json\/wp\/v2\/categories?post=332306"},{"taxonomy":"post_tag","embeddable":true,"href":"https:\/\/www.europesays.com\/fr\/wp-json\/wp\/v2\/tags?post=332306"}],"curies":[{"name":"wp","href":"https:\/\/api.w.org\/{rel}","templated":true}]}}