{"id":332309,"date":"2025-08-20T19:40:14","date_gmt":"2025-08-20T19:40:14","guid":{"rendered":"https:\/\/www.europesays.com\/fr\/332309\/"},"modified":"2025-08-20T19:40:14","modified_gmt":"2025-08-20T19:40:14","slug":"la-mairie-cede-les-parcelles-le-projet-avance","status":"publish","type":"post","link":"https:\/\/www.europesays.com\/fr\/332309\/","title":{"rendered":"la mairie c\u00e8de les parcelles, le projet avance"},"content":{"rendered":"<p>            Par<br \/>\n        <strong><br \/>\n            <a href=\"https:\/\/actu.fr\/auteur\/nina-hossein-zadeh\" title=\"Consulter tous les articles de Nina Hossein-Zadeh\" rel=\"nofollow noopener\" target=\"_blank\">Nina Hossein-Zadeh<\/a><br \/>\n        <\/strong><\/p>\n<p>        Publi\u00e9 le<\/p>\n<p>            20 ao\u00fbt 2025 \u00e0 20h32        <\/p>\n<p>C\u2019est devant l\u2019entr\u00e9e de l\u2019embl\u00e9matique piscine Castex \u00e0 <strong><a href=\"https:\/\/actu.fr\/toulouse\/\" rel=\"nofollow noopener\" target=\"_blank\">Toulouse<\/a><\/strong>, qui a vu na\u00eetre de nombreux champions des bassins dont<a href=\"https:\/\/actu.fr\/occitanie\/toulouse_31555\/mondiaux-de-natation-leon-marchand-le-nageur-star-de-toulouse-frappe-fort-des-son-entree-en-lice_62974926.html\" rel=\"nofollow noopener\" target=\"_blank\"><strong> le c\u00e9l\u00e8bre L\u00e9on Marchand<\/strong><\/a>, que le maire Jean-Luc Moudenc et le pr\u00e9sident des Dauphins du Toec se sont retrouv\u00e9s ce mercredi 20\u00a0ao\u00fbt 2025. <a href=\"https:\/\/actu.fr\/occitanie\/toulouse_31555\/avancee-en-vue-pour-le-projet-de-cite-de-la-natation-une-etape-cruciale-a-franchir-au-conseil-municipal_62783519.html\" rel=\"nofollow noopener\" target=\"_blank\"><strong>Le projet de la Cit\u00e9 de la Natation<\/strong><\/a>, qui verrait le jour sur l\u2019\u00eele du Ramier, avance enfin avec la signature officielle de la cession des parcelles au porteur du projet jusqu\u2019alors d\u00e9tenues par la mairie. Mais que cela signifie-t-il\u2009?<\/p>\n<p>Les parcelles c\u00e9d\u00e9es, le projet se concr\u00e9tise<\/p>\n<p class=\" wall-content\">Tout sourire, <strong>Vincent Gardeau<\/strong> et <strong>Jean-Luc Moudenc<\/strong> ont proc\u00e9d\u00e9 \u00e0 la cession officielle des parcelles, peu de temps apr\u00e8s<strong> le vote au Conseil de la M\u00e9tropole le 20\u00a0juin dernier.<\/strong> \u00ab\u2009C\u2019est un acte symbolique et historique\u2009\u00bb, affirme le maire, alors que le club des Dauphins du Toec, qui porte le projet, est implant\u00e9 sur l\u2019\u00eele du Ramier depuis 1908.<\/p>\n<p class=\" wall-content\">Cette signature est<strong> \u00ab\u2009un acte fort qui concr\u00e9tise le lancement de la future Cit\u00e9 de la Natation\u2009\u00bb<\/strong>, se f\u00e9licite Vincent Gardeau. La parcelle c\u00e9d\u00e9e par la mairie couvre une superficie de 4\u2009200 m\u00b2, situ\u00e9e en bord de Garonne, en face \u00e0 la piscine Castex, \u00e0 l\u2019emplacement de l\u2019ancien Hall 7 du Parc des Expositions, qui sera \u00ab\u2009compl\u00e8tement ras\u00e9\u2009\u00bb pour accueillir le projet.<\/p>\n<p class=\" wall-content\">Le prix du terrain a \u00e9t\u00e9 fix\u00e9 \u00e0 <strong>592\u2009000\u00a0euros,<\/strong> soit 141\u00a0\u20ac le m\u00e8tre carr\u00e9, d\u2019apr\u00e8s l\u2019\u00e9valuation des services de l\u2019\u00c9tat.<\/p>\n<p>    <img   decoding=\"async\" loading=\"lazy\" src=\"https:\/\/www.europesays.com\/fr\/wp-content\/uploads\/2025\/08\/img-2149-1-960x640.jpeg\" alt=\"Vincent Gardeau, pr\u00e9sident des Dauphins du Toec, et Jean-Luc Moudenc, maire de Toulouse, ont sign\u00e9 la cession officielle des parcelles pour le projet Cit\u00e9 de la Natation.\" width=\"960\" height=\"640\"\/><br \/>\n    Vincent Gardeau, pr\u00e9sident des Dauphins du Toec, et Jean-Luc Moudenc, maire de Toulouse, ont sign\u00e9 la cession officielle des parcelles pour le projet Cit\u00e9 de la Natation. (\u00a9Nina Hossein-Zadeh)Vid\u00e9os : en ce moment sur ActuDes bassins et un p\u00f4le sant\u00e9<\/p>\n<p class=\" wall-content\">Le futur complexe, <strong>estim\u00e9 \u00e0 33\u00a0millions d\u2019euros<\/strong>, ne sera pas qu\u2019une simple piscine accessible \u00ab\u2009uniquement aux adh\u00e9rents\u2009\u00bb. Il regroupera trois bassins, dont <strong>un olympique de 50\u00a0m\u00e8tres avec dix lignes d\u2019eau<\/strong>, dans lequel L\u00e9on Marchand a fait ses exploits lors des Jeux de Paris 2024, <strong>un espace d\u00e9di\u00e9 \u00e0 l\u2019apprentissage<\/strong>, ainsi qu\u2019un bassin interm\u00e9diaire de 25\u00a0m\u00e8tres.<\/p>\n<p class=\" wall-content\">\u00c0 ces installations sportives viendront s\u2019ajouter <strong>des espaces de bien-\u00eatre<\/strong>, des cabinets pour professionnels de sant\u00e9 et du param\u00e9dical, ainsi qu\u2019une zone de restauration, faisant de la Cit\u00e9 de la natation un v\u00e9ritable p\u00f4le sportif et m\u00e9dical.<\/p>\n<p>Votre r\u00e9gion, votre actu !<\/p>\n<p>Recevez chaque jour les infos qui comptent pour vous.<\/p>\n<p>\t<a href=\"https:\/\/actu.fr\/newsletter\" class=\"ac-btn ac-btn--corner ac-btn--medium ac-btn--blue800\" rel=\"nofollow noopener\" target=\"_blank\">S&rsquo;incrire<\/a><\/p>\n<p class=\" wall-content\">\u00ab\u2009C\u2019est important de pouvoir apporter un espace sant\u00e9\u2009\u00bb, confie Vincent Gardeau, qui souhaite continuer \u00e0 former dans ces bassins les futurs athl\u00e8tes Fran\u00e7ais. En soutenant le projet, l\u2019\u00c9tat \u00ab\u2009a compris l\u2019int\u00e9r\u00eat national de la Cit\u00e9 de la Natation\u2009\u00bb, ajoute Jean-Luc M\u00e9lenchon.<\/p>\n<p>    <img   decoding=\"async\" loading=\"lazy\" src=\"https:\/\/www.europesays.com\/fr\/wp-content\/uploads\/2025\/08\/img-2162-1-960x640.jpeg\" alt=\"C'est \u00e0 la place de l'ancien Hall 7 du Parc des Expositions de l'\u00eele du Ramier que la Cit\u00e9 de la Natation prendra ses quartiers si le permis de construire est valid\u00e9.\" width=\"960\" height=\"640\"\/><br \/>\n    C\u2019est \u00e0 la place de l\u2019ancien Hall 7 du Parc des Expositions de l\u2019\u00eele du Ramier que la Cit\u00e9 de la Natation prendra ses quartiers si le permis de construire est valid\u00e9. (\u00a9Nina Hossein-Zadeh)Un projet \u00e9tudi\u00e9 sous toutes ses coutures<\/p>\n<p class=\" wall-content\">La concr\u00e9tisation de ce projet n\u2019a pas \u00e9t\u00e9 un long fleuve tranquille. Avant m\u00eame de pouvoir acqu\u00e9rir la parcelle, les Dauphins du TOEC ont d\u00fb r\u00e9pondre \u00e0 <strong>plusieurs contraintes r\u00e9glementaires et environnementales<\/strong>. Les discussions avec Toulouse M\u00e9tropole, les services de l\u2019\u00c9tat et surtout l\u2019Architecte des B\u00e2timents de France ont \u00e9t\u00e9 particuli\u00e8rement soutenues.<\/p>\n<p class=\" wall-content\">L\u2019un des principaux enjeux concernait l\u2019int\u00e9gration de la Cit\u00e9 de la natation au c\u0153ur de l\u2019\u00eele du Ramier, futur \u00ab\u2009poumon vert\u2009\u00bb de la ville, et \u00e0 proximit\u00e9 de monuments prot\u00e9g\u00e9s.. \u00ab\u2009Cela n\u2019a pas \u00e9t\u00e9 facile, mais <strong>nous avons trouv\u00e9 un accord avec l\u2019architecte des b\u00e2timents de France<\/strong>. Il fallait int\u00e9grer le futur b\u00e2timent dans l\u2019\u00eele et ne pas boucher la perspective vers la piscine Nakache et la salle Mermoz. Cela a \u00e9t\u00e9 un long chantier, et nous avons notamment travaill\u00e9 sur la hauteur du futur b\u00e2timent\u2009\u00bb, expliquait r\u00e9cemment Vincent Gardeau \u00e0 Actu Toulouse.<\/p>\n<p class=\" wall-content\">\u00c0 cela s\u2019est ajout\u00e9 un travail de fond avec la pr\u00e9fecture et la Direction D\u00e9partementale des Territoires concernant le Plan de Pr\u00e9vention des Risques Inondations. <strong>La construction en zone inondable a n\u00e9cessit\u00e9 des ajustements avant que le porteur du projet obtienne le feu vert<\/strong> indispensable \u00e0 la poursuite du projet.<\/p>\n<p>Un financement du public et du priv\u00e9<\/p>\n<p class=\" wall-content\">La prochaine \u00e9tape se fera<strong> en septembre 2025 avec le d\u00e9p\u00f4t du permis de construire<\/strong>. \u00ab\u2009Il faudra environ six mois d\u2019instruction\u2009\u00bb, pr\u00e9cise le pr\u00e9sident des Dauphins du Toec. Les travaux devraient pour \u00eatre lanc\u00e9s au d\u00e9but de l\u2019ann\u00e9e 2026 pour une inauguration pr\u00e9vue en d\u00e9but d\u2019ann\u00e9e 2028.<\/p>\n<p class=\" wall-content\">Pour financer le projet, le secteur priv\u00e9 et le public mettront la main \u00e0 la p\u00e2te. <strong>Les collectivit\u00e9s vont investir 16,4 millions d\u2019euros<\/strong>, tandis que le porteur du projet pr\u00e9voit un investissement de <strong>33\u00a0millions d\u2019euros.<\/strong><\/p>\n<p class=\" wall-content\">\u00ab\u2009On a des investisseurs priv\u00e9s et on fera un emprunt. <strong>On va \u00e9galement ouvrir le financement au public qui souhaite participer \u00e0 titre priv\u00e9.<\/strong> Plus il y en aura, moins on n\u2019aura de cr\u00e9dit\u2009\u00bb, d\u00e9taille Vincent Gardeau.<\/p>\n<p>Ce que va changer la Cit\u00e9 de la Natation<\/p>\n<p class=\" wall-content\">La Cit\u00e9 de la Natation est un projet \u00ab\u2009ambitieux\u2009\u00bb tant dans l\u2019infrastructure que dans son architecture, le pr\u00e9sident du Club. Elle devrait permettre de gagner <strong>entre 500 \u00e0 1\u2009000\u00a0adh\u00e9rents suppl\u00e9mentaires<\/strong> et d\u2019ouvrir plus de cr\u00e9neaux.<\/p>\n<p class=\" wall-content\">\u00ab\u2009Aujourd\u2019hui, on refuse des inscriptions, notamment pour les tout-petits. Un \u00e9ducateur ne peut pas avoir 40 nageurs \u00e0 former. Avec l\u2019infrastructure de la Cit\u00e9 de la Natation, ce sera plus facile et on pourra \u00e9galement avoir une meilleure capacit\u00e9 d\u2019accueil lors des stages d\u2019\u00e9t\u00e9.\u2009\u00bb<\/p>\n<p class=\" wall-content\">En revanche, aucune comp\u00e9tition nationale ou internationale ne sera pr\u00e9vue sur le site.<\/p>\n<p class=\" wall-content\">Personnalisez votre actualit\u00e9 en ajoutant vos villes et m\u00e9dias en favori avec <a href=\"https:\/\/moncompte.actu.fr\" title=\"D\u00e9couvez Mon Actu\" rel=\"nofollow noopener\" data-trk=\"{&quot;cta&quot;:{&quot;action&quot;:&quot;https:\\\/\\\/moncompte.actu.fr&quot;,&quot;category&quot;:&quot;mon compte&quot;,&quot;from&quot;:&quot;article footer&quot;,&quot;name&quot;:&quot;Mon actu&quot;,&quot;type&quot;:&quot;cta&quot;}}\" target=\"_blank\">Mon Actu<\/a>.<\/p>\n","protected":false},"excerpt":{"rendered":"Par Nina Hossein-Zadeh Publi\u00e9 le 20 ao\u00fbt 2025 \u00e0 20h32 C\u2019est devant l\u2019entr\u00e9e de l\u2019embl\u00e9matique piscine Castex \u00e0&hellip;\n","protected":false},"author":2,"featured_media":332310,"comment_status":"","ping_status":"","sticky":false,"template":"","format":"standard","meta":{"footnotes":""},"categories":[2816],"tags":[1111,11,1777,674,1011,27,12,2680,25,104,2312],"class_list":{"0":"post-332309","1":"post","2":"type-post","3":"status-publish","4":"format-standard","5":"has-post-thumbnail","7":"category-toulouse","8":"tag-actu","9":"tag-actualites","10":"tag-eu","11":"tag-europe","12":"tag-fr","13":"tag-france","14":"tag-news","15":"tag-occitanie","16":"tag-republique-francaise","17":"tag-societe","18":"tag-toulouse"},"share_on_mastodon":{"url":"https:\/\/pubeurope.com\/@fr\/115062795405096729","error":""},"_links":{"self":[{"href":"https:\/\/www.europesays.com\/fr\/wp-json\/wp\/v2\/posts\/332309","targetHints":{"allow":["GET"]}}],"collection":[{"href":"https:\/\/www.europesays.com\/fr\/wp-json\/wp\/v2\/posts"}],"about":[{"href":"https:\/\/www.europesays.com\/fr\/wp-json\/wp\/v2\/types\/post"}],"author":[{"embeddable":true,"href":"https:\/\/www.europesays.com\/fr\/wp-json\/wp\/v2\/users\/2"}],"replies":[{"embeddable":true,"href":"https:\/\/www.europesays.com\/fr\/wp-json\/wp\/v2\/comments?post=332309"}],"version-history":[{"count":0,"href":"https:\/\/www.europesays.com\/fr\/wp-json\/wp\/v2\/posts\/332309\/revisions"}],"wp:featuredmedia":[{"embeddable":true,"href":"https:\/\/www.europesays.com\/fr\/wp-json\/wp\/v2\/media\/332310"}],"wp:attachment":[{"href":"https:\/\/www.europesays.com\/fr\/wp-json\/wp\/v2\/media?parent=332309"}],"wp:term":[{"taxonomy":"category","embeddable":true,"href":"https:\/\/www.europesays.com\/fr\/wp-json\/wp\/v2\/categories?post=332309"},{"taxonomy":"post_tag","embeddable":true,"href":"https:\/\/www.europesays.com\/fr\/wp-json\/wp\/v2\/tags?post=332309"}],"curies":[{"name":"wp","href":"https:\/\/api.w.org\/{rel}","templated":true}]}}