{"id":332311,"date":"2025-08-20T19:42:13","date_gmt":"2025-08-20T19:42:13","guid":{"rendered":"https:\/\/www.europesays.com\/fr\/332311\/"},"modified":"2025-08-20T19:42:13","modified_gmt":"2025-08-20T19:42:13","slug":"une-manne-pour-les-villes-touristiques-lexemple-de-lille","status":"publish","type":"post","link":"https:\/\/www.europesays.com\/fr\/332311\/","title":{"rendered":"une manne pour les villes touristiques, l\u2019exemple de Lille"},"content":{"rendered":"<p>            lire plus tard<\/p>\n<p id=\"dialog__title\" class=\"dialog__title\">Pour sauvegarder cet article, connectez-vous ou cr\u00e9ez un compte franceinfo<\/p>\n<p class=\"dialog__description\">Sans paiement. Sans abonnement.<\/p>\n<p>        Fermer la fen\u00eatre d\u2019activation des notifications France Info<\/p>\n<p>            cr\u00e9er votre compte<\/p>\n<p>            se connecter<\/p>\n<p>        Fermer la fen\u00eatre de pr\u00e9sentation<\/p>\n<p>    Publi\u00e9 le 20\/08\/2025 21:32<\/p>\n<p>        Temps de lecture : 2min &#8211; vid\u00e9o : 2min<\/p>\n<p>    <img decoding=\"async\" class=\"francetv-player-wrapper__image\" alt=\"Taxe de s\u00e9jour : une manne pour les villes touristiques, l\u2019exemple de Lille\"  width=\"432\" height=\"243\" src=\"https:\/\/www.europesays.com\/fr\/wp-content\/uploads\/2025\/08\/video-66-68a621d03f872863607955.jpg\" fetchpriority=\"high\"\/><\/p>\n<p>              Taxe de s\u00e9jour : une manne pour les villes touristiques, l\u2019exemple de Lille<br \/>\n                    (France 2)<\/p>\n<p>      2min<\/p>\n<p>\n  Le bilan de la saison touristique s&rsquo;annonce tr\u00e8s positif cette ann\u00e9e dans les Hauts-de-France, avec une fr\u00e9quentation en hausse au mois de juillet, et une tendance tout aussi encourageante pour le mois d&rsquo;ao\u00fbt. Une bonne nouvelle pour les finances de la m\u00e9tropole de Lille (Nord) : la taxe de s\u00e9jour pay\u00e9e par les voyageurs lui est directement revers\u00e9e.\n<\/p>\n<p><strong>Ce texte correspond \u00e0 une partie de la retranscription du reportage ci-dessus. Cliquez sur la vid\u00e9o pour le regarder en int\u00e9gralit\u00e9.<\/strong><\/p>\n<p>Pour chaque nuit\u00e9e \u00e0 l&rsquo;h\u00f4tel, c&rsquo;est une petite ligne sur la facture qui passe parfois inaper\u00e7ue. Dans un \u00e9tablissement de <a href=\"https:\/\/www.franceinfo.fr\/france\/hauts-de-france\/nord\/lille\/\" rel=\"nofollow noopener\" target=\"_blank\">Lille (Nord)<\/a>, la taxe de s\u00e9jour est de 1,76 euro, indolore pour un client. \u00ab\u00a0Je ne regarde pas trop les prix. Quand c&rsquo;est 1,76 euro, je ne calcule pas du tout. \u00c7a ne me choque pas non plus, ce n&rsquo;est pas cher\u00a0\u00bb, assure-t-il.<\/p>\n<p>\u00c0 Lille, les h\u00f4tels font le plein. R\u00e9sultat, l&rsquo;agglom\u00e9ration n&rsquo;a jamais collect\u00e9 autant de recettes li\u00e9es \u00e0 la taxe de s\u00e9jour : 7,5 millions d&rsquo;euros en 2024. Un autre \u00e9tablissement de 127 chambres a vers\u00e9 un gros montant : plus de 77 000 euros de taxes. Une ann\u00e9e marqu\u00e9e par une forte affluence dans la capitale des Flandres. \u00ab\u00a0Les augmentations sont li\u00e9es \u00e9videmment \u00e0 une fr\u00e9quentation qui augmente sur la m\u00e9tropole, \u00e0 de grands \u00e9v\u00e9nements sportifs qu&rsquo;il y a pu y avoir, comme la Coupe du monde de rugby, les Jeux Olympiques, le d\u00e9part du Tour de France cette ann\u00e9e\u00a0\u00bb, analyse Sophie Bailleul, directrice g\u00e9n\u00e9rale de Moxy Lille City.<\/p>\n<p>La contribution varie selon le classement de l&rsquo;h\u00e9bergement, jusqu&rsquo;\u00e0 5 euros pour une nuit\u00e9e dans un palace. Des revenus essentiels pour la m\u00e9tropole de Lille qui r\u00e9investit l&rsquo;argent dans la promotion du tourisme. \u00ab\u00a0\u00c7a peut \u00eatre de la voirie, \u00e7a peut \u00eatre de l&rsquo;accessibilit\u00e9, \u00e7a peut \u00eatre des exp\u00e9riences spectateurs ; on a pu le voir dans le cadre des Jeux Olympiques\u00a0\u00bb, illustre Eric Skyronka, premier vice-pr\u00e9sident de la m\u00e9tropole europ\u00e9enne de Lille.<\/p>\n<p>La taxe de s\u00e9jour s&rsquo;applique aussi aux locations entre particuliers, mais elle est parfois difficile \u00e0 collecter pour les communes, qui d\u00e9noncent les pratiques de certaines plateformes.<\/p>\n","protected":false},"excerpt":{"rendered":"lire plus tard Pour sauvegarder cet article, connectez-vous ou cr\u00e9ez un compte franceinfo Sans paiement. Sans abonnement. Fermer&hellip;\n","protected":false},"author":2,"featured_media":332312,"comment_status":"","ping_status":"","sticky":false,"template":"","format":"standard","meta":{"footnotes":""},"categories":[2815],"tags":[1111,11,1777,674,1011,27,811,1307,12,25],"class_list":{"0":"post-332311","1":"post","2":"type-post","3":"status-publish","4":"format-standard","5":"has-post-thumbnail","7":"category-lille","8":"tag-actu","9":"tag-actualites","10":"tag-eu","11":"tag-europe","12":"tag-fr","13":"tag-france","14":"tag-hauts-de-france","15":"tag-lille","16":"tag-news","17":"tag-republique-francaise"},"share_on_mastodon":{"url":"https:\/\/pubeurope.com\/@fr\/115062803358593881","error":""},"_links":{"self":[{"href":"https:\/\/www.europesays.com\/fr\/wp-json\/wp\/v2\/posts\/332311","targetHints":{"allow":["GET"]}}],"collection":[{"href":"https:\/\/www.europesays.com\/fr\/wp-json\/wp\/v2\/posts"}],"about":[{"href":"https:\/\/www.europesays.com\/fr\/wp-json\/wp\/v2\/types\/post"}],"author":[{"embeddable":true,"href":"https:\/\/www.europesays.com\/fr\/wp-json\/wp\/v2\/users\/2"}],"replies":[{"embeddable":true,"href":"https:\/\/www.europesays.com\/fr\/wp-json\/wp\/v2\/comments?post=332311"}],"version-history":[{"count":0,"href":"https:\/\/www.europesays.com\/fr\/wp-json\/wp\/v2\/posts\/332311\/revisions"}],"wp:featuredmedia":[{"embeddable":true,"href":"https:\/\/www.europesays.com\/fr\/wp-json\/wp\/v2\/media\/332312"}],"wp:attachment":[{"href":"https:\/\/www.europesays.com\/fr\/wp-json\/wp\/v2\/media?parent=332311"}],"wp:term":[{"taxonomy":"category","embeddable":true,"href":"https:\/\/www.europesays.com\/fr\/wp-json\/wp\/v2\/categories?post=332311"},{"taxonomy":"post_tag","embeddable":true,"href":"https:\/\/www.europesays.com\/fr\/wp-json\/wp\/v2\/tags?post=332311"}],"curies":[{"name":"wp","href":"https:\/\/api.w.org\/{rel}","templated":true}]}}