{"id":332313,"date":"2025-08-20T19:43:21","date_gmt":"2025-08-20T19:43:21","guid":{"rendered":"https:\/\/www.europesays.com\/fr\/332313\/"},"modified":"2025-08-20T19:43:21","modified_gmt":"2025-08-20T19:43:21","slug":"video-a-marseille-une-brigade-rochers-pour-traquer-les-dechets-du-littoral","status":"publish","type":"post","link":"https:\/\/www.europesays.com\/fr\/332313\/","title":{"rendered":"VID\u00c9O. \u00c0 Marseille, une \u00ab\u00a0brigade rochers\u00a0\u00bb pour traquer les d\u00e9chets du littoral"},"content":{"rendered":"<p>Depuis l&rsquo;\u00e9t\u00e9 2024, Marseille a renforc\u00e9 la <a href=\"https:\/\/www.laprovence.com\/article\/region\/29570299590695\/vite-un-plan-contre-les-dechets-dans-les-calanques-de-marseille\" target=\"_blank\" rel=\"noopener\">lutte contre les d\u00e9chets abandonn\u00e9s<\/a>. En raison d&rsquo;un littoral souvent difficile d&rsquo;acc\u00e8s et soumis \u00e0 une pollution r\u00e9currente, la Ville a mis en place une unit\u00e9 sp\u00e9cialis\u00e9e, la \u00ab\u00a0brigade rochers\u00a0\u00bb. Ces agents interviennent dans les recoins escarp\u00e9s du littoral, l\u00e0 o\u00f9 les services classiques ne peuvent pas se rendre. Leur mission : prot\u00e9ger les c\u00f4tes marseillaises, de plus en plus menac\u00e9es par la fr\u00e9quentation touristique.<\/p>\n<p>Ce lundi 18 ao\u00fbt matin, entre la plage des Catalans et le Mar\u00e9graphe, les agents ont ramass\u00e9 plusieurs sacs de d\u00e9tritus. Cette intervention a \u00e9t\u00e9 motiv\u00e9e par les signalements des habitants, qui alertent la mairie face \u00e0 la pr\u00e9sence croissante de d\u00e9chets sur les rochers. Plastiques, canettes, emballages\u2026 autant de r\u00e9sidus abandonn\u00e9s qui s&rsquo;accumulent, d\u00e9gradant le paysage et mena\u00e7ant la faune marine.<\/p>\n<p><a href=\"https:\/\/www.laprovence.com\/article\/region\/1708819349970215\/tourisme-a-marseille-le-trop-plein\" target=\"_blank\" rel=\"noopener\">L&rsquo;enjeu est de taille : chaque \u00e9t\u00e9, Marseille attire plus de trois millions de visiteurs<\/a>, une affluence qui exerce une forte pression sur le littoral. Les zones rocheuses, parfois inaccessibles \u00e0 pied, deviennent rapidement des points noirs o\u00f9 les d\u00e9chets s&rsquo;entassent. \u00a0\u00bb Il est imp\u00e9ratif d&#8217;emp\u00eacher que ces d\u00e9tritus ne finissent dans la mer et ne nuisent \u00e0 la biodiversit\u00e9 marine \u00ab\u00a0, souligne Herv\u00e9 Menchon, adjoint au maire de Marseille en charge de la pr\u00e9servation des espaces marins.<\/p>\n<p>Un littoral sous surveillance permanente<strong\/><\/p>\n<p>Pour prot\u00e9ger son littoral, la Ville mobilise tout l&rsquo;\u00e9t\u00e9 pr\u00e8s de 80 agents. Chaque jour, ils se relaient pour nettoyer les 57 kilom\u00e8tres de c\u00f4tes et les 21 plages marseillaises. Ramassage manuel, interventions cibl\u00e9es, mais aussi sensibilisation des usagers : la strat\u00e9gie allie actions sur le terrain et pr\u00e9vention.<\/p>\n<p>Cependant, les moyens d\u00e9ploy\u00e9s ne suffiront pas \u00e0 eux seuls. La survie de ce littoral fragile d\u00e9pend avant tout d&rsquo;un changement de comportement collectif : \u00e9viter de jeter, trier et respecter l&rsquo;espace commun. En un mot, changer les habitudes.<\/p>\n<p>La brigade rochers poursuit donc ses op\u00e9rations discr\u00e8tes mais essentielles. Son objectif est de pr\u00e9server ce patrimoine naturel, source de fiert\u00e9 pour les Marseillais et facteur d&rsquo;attractivit\u00e9 pour la cit\u00e9 phoc\u00e9enne, qui accueille chaque ann\u00e9e des millions de visiteurs.<\/p>\n","protected":false},"excerpt":{"rendered":"Depuis l&rsquo;\u00e9t\u00e9 2024, Marseille a renforc\u00e9 la lutte contre les d\u00e9chets abandonn\u00e9s. En raison d&rsquo;un littoral souvent difficile&hellip;\n","protected":false},"author":2,"featured_media":332314,"comment_status":"","ping_status":"","sticky":false,"template":"","format":"standard","meta":{"footnotes":""},"categories":[2814],"tags":[17,1111,11,17434,436,1777,674,1011,27,884,12,471,882,25,46945,46946,96,133],"class_list":{"0":"post-332313","1":"post","2":"type-post","3":"status-publish","4":"format-standard","5":"has-post-thumbnail","7":"category-marseille","8":"tag-17","9":"tag-actu","10":"tag-actualites","11":"tag-brigade","12":"tag-environnement","13":"tag-eu","14":"tag-europe","15":"tag-fr","16":"tag-france","17":"tag-marseille","18":"tag-news","19":"tag-pour","20":"tag-provence-alpes-cote-dazur","21":"tag-republique-francaise","22":"tag-rochers","23":"tag-traquer","24":"tag-une","25":"tag-video"},"share_on_mastodon":{"url":"https:\/\/pubeurope.com\/@fr\/115062807196814775","error":""},"_links":{"self":[{"href":"https:\/\/www.europesays.com\/fr\/wp-json\/wp\/v2\/posts\/332313","targetHints":{"allow":["GET"]}}],"collection":[{"href":"https:\/\/www.europesays.com\/fr\/wp-json\/wp\/v2\/posts"}],"about":[{"href":"https:\/\/www.europesays.com\/fr\/wp-json\/wp\/v2\/types\/post"}],"author":[{"embeddable":true,"href":"https:\/\/www.europesays.com\/fr\/wp-json\/wp\/v2\/users\/2"}],"replies":[{"embeddable":true,"href":"https:\/\/www.europesays.com\/fr\/wp-json\/wp\/v2\/comments?post=332313"}],"version-history":[{"count":0,"href":"https:\/\/www.europesays.com\/fr\/wp-json\/wp\/v2\/posts\/332313\/revisions"}],"wp:featuredmedia":[{"embeddable":true,"href":"https:\/\/www.europesays.com\/fr\/wp-json\/wp\/v2\/media\/332314"}],"wp:attachment":[{"href":"https:\/\/www.europesays.com\/fr\/wp-json\/wp\/v2\/media?parent=332313"}],"wp:term":[{"taxonomy":"category","embeddable":true,"href":"https:\/\/www.europesays.com\/fr\/wp-json\/wp\/v2\/categories?post=332313"},{"taxonomy":"post_tag","embeddable":true,"href":"https:\/\/www.europesays.com\/fr\/wp-json\/wp\/v2\/tags?post=332313"}],"curies":[{"name":"wp","href":"https:\/\/api.w.org\/{rel}","templated":true}]}}