{"id":332315,"date":"2025-08-20T19:44:11","date_gmt":"2025-08-20T19:44:11","guid":{"rendered":"https:\/\/www.europesays.com\/fr\/332315\/"},"modified":"2025-08-20T19:44:11","modified_gmt":"2025-08-20T19:44:11","slug":"laffaire-rabiot-met-tout-marseille-en-etat-de-choc-comment-en-sommes-nous-arrives-la","status":"publish","type":"post","link":"https:\/\/www.europesays.com\/fr\/332315\/","title":{"rendered":"L\u2019affaire Rabiot met tout Marseille en \u00e9tat de choc\u00a0: \u00ab\u00a0Comment en sommes-nous arriv\u00e9s l\u00e0\u00a0?\u00a0\u00bb"},"content":{"rendered":"<p class=\"paragraph text_align_left lp-f-body-02\">Sous une m\u00e9t\u00e9o capricieuse balay\u00e9e par un ciel grisonnant et une averse rafra\u00eechissante, ce mercredi 20 ao\u00fbt, ils sont plusieurs dizaines \u00e0 patienter devant l\u2019imposante barri\u00e8re du centre Robert Louis-Dreyfus. Maillots de l\u2019OM sur le dos, accoud\u00e9s aux barri\u00e8res de s\u00e9curit\u00e9, minots et plus \u00e2g\u00e9s tentent de retisser <a href=\"https:\/\/www.leparisien.fr\/sports\/football\/ligue-1\/comportement-inadmissible-clash-et-futur-transfert-les-dessous-du-divorce-fracassant-entre-rabiot-et-lom-19-08-2025-IFBY3XNA7FCD7N2A6AXVC333IU.php\" target=\"_blank\" rel=\"noreferrer noopener\">le fil de 24 heures sous haute tension.<\/a><\/p>\n<p class=\"paragraph text_align_left lp-f-body-02\">La veille, le club olympien a publi\u00e9 un communiqu\u00e9 actant les d\u00e9parts de Rabiot et Rowe, tous deux acteurs d\u2019une violente bagarre dans le vestiaire du Roazhon Park, quelques instants apr\u00e8s le<a href=\"https:\/\/www.leparisien.fr\/sports\/football\/ligue-1\/rennes-marseille-0-0-en-inferiorite-numerique-pendant-plus-dune-heure-rennes-crucifie-lom-15-08-2025-N2UGYQ3ZKZDTRMKRWNSFVMSCNM.php\" target=\"_self\" rel=\"noopener\"> revers face \u00e0 Rennes (0-1)<\/a> vendredi dernier. Sur les hauteurs de la Valentine, les discussions gravitent autour de l\u2019affaire Rabiot. Les avis sont confront\u00e9s, souvent contradictoires, parfois concordants.<\/p>\n","protected":false},"excerpt":{"rendered":"Sous une m\u00e9t\u00e9o capricieuse balay\u00e9e par un ciel grisonnant et une averse rafra\u00eechissante, ce mercredi 20 ao\u00fbt, ils&hellip;\n","protected":false},"author":2,"featured_media":332316,"comment_status":"","ping_status":"","sticky":false,"template":"","format":"standard","meta":{"footnotes":""},"categories":[2814],"tags":[1111,11,2329,1777,674,63,1011,27,46438,66,884,12,1176,149,882,25,60],"class_list":{"0":"post-332315","1":"post","2":"type-post","3":"status-publish","4":"format-standard","5":"has-post-thumbnail","7":"category-marseille","8":"tag-actu","9":"tag-actualites","10":"tag-adrien-rabiot","11":"tag-eu","12":"tag-europe","13":"tag-football","14":"tag-fr","15":"tag-france","16":"tag-jonathan-rowe","17":"tag-ligue-1","18":"tag-marseille","19":"tag-news","20":"tag-olympique-de-marseille","21":"tag-om","22":"tag-provence-alpes-cote-dazur","23":"tag-republique-francaise","24":"tag-sports"},"share_on_mastodon":{"url":"https:\/\/pubeurope.com\/@fr\/115062811141863982","error":""},"_links":{"self":[{"href":"https:\/\/www.europesays.com\/fr\/wp-json\/wp\/v2\/posts\/332315","targetHints":{"allow":["GET"]}}],"collection":[{"href":"https:\/\/www.europesays.com\/fr\/wp-json\/wp\/v2\/posts"}],"about":[{"href":"https:\/\/www.europesays.com\/fr\/wp-json\/wp\/v2\/types\/post"}],"author":[{"embeddable":true,"href":"https:\/\/www.europesays.com\/fr\/wp-json\/wp\/v2\/users\/2"}],"replies":[{"embeddable":true,"href":"https:\/\/www.europesays.com\/fr\/wp-json\/wp\/v2\/comments?post=332315"}],"version-history":[{"count":0,"href":"https:\/\/www.europesays.com\/fr\/wp-json\/wp\/v2\/posts\/332315\/revisions"}],"wp:featuredmedia":[{"embeddable":true,"href":"https:\/\/www.europesays.com\/fr\/wp-json\/wp\/v2\/media\/332316"}],"wp:attachment":[{"href":"https:\/\/www.europesays.com\/fr\/wp-json\/wp\/v2\/media?parent=332315"}],"wp:term":[{"taxonomy":"category","embeddable":true,"href":"https:\/\/www.europesays.com\/fr\/wp-json\/wp\/v2\/categories?post=332315"},{"taxonomy":"post_tag","embeddable":true,"href":"https:\/\/www.europesays.com\/fr\/wp-json\/wp\/v2\/tags?post=332315"}],"curies":[{"name":"wp","href":"https:\/\/api.w.org\/{rel}","templated":true}]}}