{"id":332317,"date":"2025-08-20T19:45:18","date_gmt":"2025-08-20T19:45:18","guid":{"rendered":"https:\/\/www.europesays.com\/fr\/332317\/"},"modified":"2025-08-20T19:45:18","modified_gmt":"2025-08-20T19:45:18","slug":"lyon-tacle-par-les-ecologistes-ce-paysagiste-qui-soccupe-des-espaces-abandonnes-repond","status":"publish","type":"post","link":"https:\/\/www.europesays.com\/fr\/332317\/","title":{"rendered":"Lyon. Tacl\u00e9 par les \u00e9cologistes, ce paysagiste qui s&rsquo;occupe des espaces \u00ab\u00a0abandonn\u00e9s\u00a0\u00bb r\u00e9pond"},"content":{"rendered":"<p>            Par<br \/>\n        <strong><br \/>\n            <a href=\"https:\/\/actu.fr\/auteur\/ludivine-caporal\" title=\"Consulter tous les articles de Ludivine Caporal\" target=\"_blank\" rel=\"noopener\">Ludivine Caporal<\/a><br \/>\n        <\/strong><\/p>\n<p>        Publi\u00e9 le<\/p>\n<p>            20 ao\u00fbt 2025 \u00e0 16h04        <\/p>\n<p>Ses vid\u00e9os et la m\u00e9diatisation de son travail via des articles de presse ont suscit\u00e9 la pol\u00e9mique.<br \/>Robin Gervais, paysagiste lyonnais, s\u2019est r\u00e9cemment mis en sc\u00e8ne sur les r\u00e9seaux sociaux en train de \u00ab\u2009rafra\u00eechir\u2009\u00bb et \u00ab\u2009entretenir\u2009\u00bb des espaces verts qu\u2019il jugeait \u00ab\u2009abandonn\u00e9s\u2009\u00bb au sein de la ville de <a href=\"https:\/\/actu.fr\/auvergne-rhone-alpes\/lyon_69123\" target=\"_blank\" rel=\"noopener\">Lyon<\/a>, tels que ceux de la <a href=\"https:\/\/actu.fr\/auvergne-rhone-alpes\/lyon_69123\/lyon-ouverte-fin-2021-cette-aire-de-covoiturage-que-personne-n-utilise-va-disparaitre_59750754.html\" target=\"_blank\" rel=\"noopener\">gare de covoiturage des quais du Rh\u00f4ne<\/a>, <strong>de mani\u00e8re b\u00e9n\u00e9vole et sans en avoir demand\u00e9 l\u2019autorisation.<br \/><\/strong>Une initiative qui se voulait positive mais qui a finalement \u00e9t\u00e9 <strong>grandement critiqu\u00e9e,<\/strong> notamment par les \u00e9lus \u00e9cologistes eux-m\u00eames.<\/p>\n<p>\u00ab\u2009C\u2019est du vandalisme\u2009\u00bb<\/p>\n<p class=\" wall-content\">\u00ab\u2009Ce n\u2019est pas de l\u2019entretien, c\u2019est du vandalisme\u2009\u00bb, s\u2019est particuli\u00e8rement \u00e9nerv\u00e9 l\u2019adjoint aux mobilit\u00e9s et aux espaces publics du 9e arrondissement de Lyon, Quentin Carpentier.<\/p>\n<p class=\" wall-content\">\u00ab\u2009D\u2019avoir tondu \u00e0 ras comme \u00e7a, en pleine vague de chaleur, c\u2019est surtout <strong>une \u00e9norme connerie<\/strong> qui montre une m\u00e9connaissance totale et l\u2019absence de toute notion valable sur le v\u00e9g\u00e9tal et sur la biodiversit\u00e9 en g\u00e9n\u00e9ral [\u2026] L\u00e0 tout est mort et les sols vont se dess\u00e9cher, alors qu\u2019avant la v\u00e9g\u00e9tation serait repartie d\u00e8s l\u2019automne [\u2026] Mais bon, puisque la v\u00e9g\u00e9tation\u2009\u00bb c\u2019est sale \u00ab\u2026\u00bb, a-t-il \u00e9crit sur X.<\/p>\n<p class=\" wall-content\"><a href=\"https:\/\/www.instagram.com\/p\/DNBXLOutnMg\/embed\" title=\"Ouvrir le lien sur Instagram\" target=\"_blank\" rel=\"noopener\">Visualiser le contenu sur Instagram<\/a><\/p>\n<p class=\" wall-content\">\n<p>\u00ab\u00c7a d\u00e9bordait sur la route et l\u2019endroit \u00e9tait sale\u2009\u00bb<\/p>\n<p class=\" wall-content\">Si chacun y est all\u00e9 de son petit commentaire et de son petit avis sur les r\u00e9seaux sociaux, le paysagiste Robin Gervais, lui, est finalement rest\u00e9 assez silencieux face \u00e0 tout \u00e7a. Nous sommes donc all\u00e9s l\u2019interroger pour savoir s\u2019il souhaitait r\u00e9pondre \u00e0 ses d\u00e9tracteurs, de quelque mani\u00e8re que ce soit.<\/p>\n<p class=\" wall-content\">\u00ab\u2009Je pense qu\u2019il n\u2019y a <strong>pas de v\u00e9rit\u00e9<\/strong> dans ce cas-l\u00e0 et que \u00e7a <strong>d\u00e9pend du contexte<\/strong>. D\u2019apr\u00e8s un agronome qui a r\u00e9pondu sur Twitter, c\u2019est plut\u00f4t positif ce que j\u2019ai fait donc je me fie \u00e0 son jugement\u2009\u00bb, a-t-il ainsi formul\u00e9.<\/p>\n<blockquote class=\"ac-article-quote wall-content\">\n<p>Le fait est que l\u2019entretien de cette gare de covoiturage n\u2019avait pas \u00e9t\u00e9 fait depuis tr\u00e8s longtemps. \u00c7a d\u00e9bordait sur la route (ce qui peut \u00eatre dangereux) et l\u2019endroit \u00e9tait sale. Pas \u00e0 cause des plantes, mais les gens ont laiss\u00e9 des d\u00e9tritus, des gravats, etc. En entretenant un tout petit peu cet espace, \u00e7a permet aussi d\u2019\u00eatre plus invitant pour les gens \u00e0 l\u2019utiliser. On est aussi \u00e0 l\u2019entr\u00e9e de Lyon et c\u2019est dommage d\u2019avoir cette premi\u00e8re image en arrivant. J\u2019adore qu\u2019on laisse certains endroits en friches quand le reste est bien entretenu pour les mettre en valeur.<br \/>\nJe rajouterai que les prairies sont fauch\u00e9es r\u00e9guli\u00e8rement pour renouveler les v\u00e9g\u00e9taux et que c\u2019est plus app\u00e9tissant pour nos petits insectes et autres oiseaux et mammif\u00e8res.<\/p>\n<p>    <strong>Robin Gervais<\/strong><br \/>\n        Paysagiste lyonnais    <\/p><\/blockquote>\n<p class=\" wall-content\">Lui qui s\u2019est retrouv\u00e9 d\u2019un seul coup au c\u0153ur des d\u00e9bats dit avoir, en tout cas, simplement voulu montrer \u00ab\u2009qu\u2019au lieu de toujours r\u00e2ler, on pouvait agir \u00e0 son niveau pour embellir sa ville et donc rendre la vie plus sympa pour les autres\u2009\u00bb, a-t-il conclu.<\/p>\n<p class=\" wall-content\">Personnalisez votre actualit\u00e9 en ajoutant vos villes et m\u00e9dias en favori avec <a href=\"https:\/\/moncompte.actu.fr\" title=\"D\u00e9couvez Mon Actu\" rel=\"nofollow noopener\" data-trk=\"{&quot;cta&quot;:{&quot;action&quot;:&quot;https:\\\/\\\/moncompte.actu.fr&quot;,&quot;category&quot;:&quot;mon compte&quot;,&quot;from&quot;:&quot;article footer&quot;,&quot;name&quot;:&quot;Mon actu&quot;,&quot;type&quot;:&quot;cta&quot;}}\" target=\"_blank\">Mon Actu<\/a>.<\/p>\n<p>                    <script async src=\"\/\/www.instagram.com\/embed.js\"><\/script><\/p>\n","protected":false},"excerpt":{"rendered":"Par Ludivine Caporal Publi\u00e9 le 20 ao\u00fbt 2025 \u00e0 16h04 Ses vid\u00e9os et la m\u00e9diatisation de son travail&hellip;\n","protected":false},"author":2,"featured_media":332318,"comment_status":"","ping_status":"","sticky":false,"template":"","format":"standard","meta":{"footnotes":""},"categories":[1889],"tags":[1111,11,2430,51,1777,674,1011,27,2428,12,25,104],"class_list":{"0":"post-332317","1":"post","2":"type-post","3":"status-publish","4":"format-standard","5":"has-post-thumbnail","7":"category-lyon","8":"tag-actu","9":"tag-actualites","10":"tag-auvergne-rhone-alpes","11":"tag-ecologie","12":"tag-eu","13":"tag-europe","14":"tag-fr","15":"tag-france","16":"tag-lyon","17":"tag-news","18":"tag-republique-francaise","19":"tag-societe"},"share_on_mastodon":{"url":"https:\/\/pubeurope.com\/@fr\/115062815140797387","error":""},"_links":{"self":[{"href":"https:\/\/www.europesays.com\/fr\/wp-json\/wp\/v2\/posts\/332317","targetHints":{"allow":["GET"]}}],"collection":[{"href":"https:\/\/www.europesays.com\/fr\/wp-json\/wp\/v2\/posts"}],"about":[{"href":"https:\/\/www.europesays.com\/fr\/wp-json\/wp\/v2\/types\/post"}],"author":[{"embeddable":true,"href":"https:\/\/www.europesays.com\/fr\/wp-json\/wp\/v2\/users\/2"}],"replies":[{"embeddable":true,"href":"https:\/\/www.europesays.com\/fr\/wp-json\/wp\/v2\/comments?post=332317"}],"version-history":[{"count":0,"href":"https:\/\/www.europesays.com\/fr\/wp-json\/wp\/v2\/posts\/332317\/revisions"}],"wp:featuredmedia":[{"embeddable":true,"href":"https:\/\/www.europesays.com\/fr\/wp-json\/wp\/v2\/media\/332318"}],"wp:attachment":[{"href":"https:\/\/www.europesays.com\/fr\/wp-json\/wp\/v2\/media?parent=332317"}],"wp:term":[{"taxonomy":"category","embeddable":true,"href":"https:\/\/www.europesays.com\/fr\/wp-json\/wp\/v2\/categories?post=332317"},{"taxonomy":"post_tag","embeddable":true,"href":"https:\/\/www.europesays.com\/fr\/wp-json\/wp\/v2\/tags?post=332317"}],"curies":[{"name":"wp","href":"https:\/\/api.w.org\/{rel}","templated":true}]}}