{"id":332321,"date":"2025-08-20T19:49:13","date_gmt":"2025-08-20T19:49:13","guid":{"rendered":"https:\/\/www.europesays.com\/fr\/332321\/"},"modified":"2025-08-20T19:49:13","modified_gmt":"2025-08-20T19:49:13","slug":"les-etats-unis-annoncent-de-nouvelles-sanctions-contre-des-magistrats-de-la-cour-penale-internationale-dont-un-juge-francais","status":"publish","type":"post","link":"https:\/\/www.europesays.com\/fr\/332321\/","title":{"rendered":"Les Etats-Unis annoncent de nouvelles sanctions contre des magistrats de la Cour p\u00e9nale internationale, dont un juge fran\u00e7ais"},"content":{"rendered":"\n<p class=\"c-chapo \">\n  La CPI a imm\u00e9diatement qualifi\u00e9 ces sanctions d'\u00a0\u00bbattaque flagrante contre l&rsquo;ind\u00e9pendance d&rsquo;une institution judiciaire impartiale\u00a0\u00bb.\n<\/p>\n<p>            lire plus tard<\/p>\n<p id=\"dialog__title\" class=\"dialog__title\">Pour sauvegarder cet article, connectez-vous ou cr\u00e9ez un compte franceinfo<\/p>\n<p class=\"dialog__description\">Sans paiement. Sans abonnement.<\/p>\n<p>        Fermer la fen\u00eatre d\u2019activation des notifications France Info<\/p>\n<p>            cr\u00e9er votre compte<\/p>\n<p>            se connecter<\/p>\n<p>        Fermer la fen\u00eatre de pr\u00e9sentation<\/p>\n<p>    <img loading=\"lazy\" decoding=\"async\" class=\"signature__image lazyload\" width=\"100\" height=\"100\" data- alt=\"\" src=\"https:\/\/www.europesays.com\/fr\/wp-content\/uploads\/2025\/05\/64a68815cd1a7_placeholder-36b69ec8.png\"\/><\/p>\n<p>    Publi\u00e9 le 20\/08\/2025 20:54<\/p>\n<p>      Mis \u00e0 jour le 20\/08\/2025 21:26<\/p>\n<p>        Temps de lecture : 3min<\/p>\n<p>    <img decoding=\"async\"  alt=\"La Cour p\u00e9nale internationale (CPI), \u00e0 la Haye (Pays-Bas), le 23 juillet 2025. (NICOLAS ECONOMOU \/ NURPHOTO \/ AFP)\" width=\"432\" height=\"243\" src=\"https:\/\/www.europesays.com\/fr\/wp-content\/uploads\/2025\/08\/075-economou-notitle250715-nplbc-68a6077c0adbe049849001.jpg\" fetchpriority=\"high\"\/><\/p>\n<p>      La Cour p\u00e9nale internationale (CPI), \u00e0 la Haye (Pays-Bas), le 23 juillet 2025. (NICOLAS ECONOMOU \/ NURPHOTO \/ AFP)<\/p>\n<p>La Cour p\u00e9nale internationale (CPI) est bel et bien dans le collimateur de Washington. Les Etats-Unis ont annonc\u00e9, mercredi 20 ao\u00fbt, de nouvelles sanctions contre cette juridiction, qu&rsquo;ils accusent de \u00ab\u00a0politisation\u00a0\u00bb, visant quatre magistrats. Il s&rsquo;agit de\u00a0la juge canadienne Kimberly Prost, le juge fran\u00e7ais Nicolas Guillou, qui est impliqu\u00e9 <a href=\"https:\/\/www.franceinfo.fr\/monde\/proche-orient\/israel-palestine\/guerre-au-proche-orient-pourquoi-benyamin-netanyahou-ne-risque-pas-d-etre-arrete-lors-de-sa-visite-aux-etats-unis-malgre-le-mandat-de-la-cpi-contre-lui_7052624.html\" rel=\"nofollow noopener\" target=\"_blank\">dans le dossier du mandat d&rsquo;arr\u00eat visant Benyamin N\u00e9tanyahou<\/a>, ainsi que deux procureures adjointes, Nazhat Shameem Khan, des \u00eeles Fidji, et Mame Mandiaye Niang, du S\u00e9n\u00e9gal.<\/p>\n<p>Les mesures annonc\u00e9es consistent en une interdiction d&rsquo;entr\u00e9e sur le sol am\u00e9ricain et un gel des avoirs \u00e9ventuels d\u00e9tenus aux Etats-Unis, ainsi que toute transaction financi\u00e8re avec eux. Ces magistrats sont sanctionn\u00e9s pour avoir \u00ab\u00a0directement particip\u00e9 aux efforts d\u00e9ploy\u00e9s par la CPI pour enqu\u00eater, arr\u00eater, d\u00e9tenir ou poursuivre des ressortissants des Etats-Unis ou d&rsquo;Isra\u00ebl, sans le consentement de l&rsquo;un ou l&rsquo;autre de ces pays\u00a0\u00bb, a fait savoir dans un communiqu\u00e9 le secr\u00e9taire d&rsquo;Etat am\u00e9ricain, <a href=\"https:\/\/www.franceinfo.fr\/monde\/usa\/presidentielle\/donald-trump\/victoire-de-donald-trump-marco-rubio-nomme-au-poste-de-secretaire-d-etat-chef-de-la-diplomatie-americaine_6895412.html\" rel=\"nofollow noopener\" target=\"_blank\">Marco Rubio<\/a>. Ce n&rsquo;est pas la premi\u00e8re fois que la CPI est bl\u00e2m\u00e9e par Washington, depuis l&rsquo;arriv\u00e9e au pouvoir de Donald Trump en janvier.<\/p>\n<p>Les Etats-Unis \u00ab\u00a0ont clairement et fermement exprim\u00e9 leur opposition \u00e0 la politisation de la CPI\u00a0\u00bb, a d\u00e9nonc\u00e9 le chef de la diplomatie am\u00e9ricaine. Il a affirm\u00e9 que l&rsquo;institution bas\u00e9e \u00e0 La\u00a0Haye repr\u00e9sentait \u00ab\u00a0une menace pour la s\u00e9curit\u00e9 nationale\u00a0\u00bb.\u00a0<\/p>\n<p>Washington rejette en particulier des proc\u00e9dures ayant vis\u00e9 des soldats am\u00e9ricains en Afghanistan, suspect\u00e9s de crimes de guerre. Mais aussi les <a href=\"https:\/\/www.franceinfo.fr\/monde\/proche-orient\/israel-palestine\/guerre-au-proche-orient-pourquoi-benyamin-netanyahou-ne-risque-pas-d-etre-arrete-lors-de-sa-visite-aux-etats-unis-malgre-le-mandat-de-la-cpi-contre-lui_7052624.html\" rel=\"nofollow noopener\" target=\"_blank\">mandats d&rsquo;arr\u00eat de la CPI contre le Premier ministre isra\u00e9lien<\/a> et son ancien ministre de la D\u00e9fense, Yoav Gallant, soup\u00e7onn\u00e9s de crimes de guerre et de crimes contre l&rsquo;humanit\u00e9 dans la guerre dans la bande de Gaza. Ni les Etats-Unis ni Isra\u00ebl ne sont membres de la CPI.<\/p>\n<p>La CPI a imm\u00e9diatement qualifi\u00e9 les sanctions am\u00e9ricaines d'\u00a0\u00bbattaque flagrante contre l&rsquo;ind\u00e9pendance d&rsquo;une institution judiciaire impartiale\u00a0\u00bb. La France a exprim\u00e9 sa \u00ab\u00a0consternation\u00a0\u00bb, mais \u00e9galement \u00ab\u00a0sa solidarit\u00e9 \u00e0 l&rsquo;\u00e9gard des magistrats vis\u00e9s par cette d\u00e9cision\u00a0\u00bb, selon un porte-parole du minist\u00e8re des Affaires \u00e9trang\u00e8res. Il a estim\u00e9 que les sanctions am\u00e9ricaines sont \u00ab\u00a0contraires au principe d&rsquo;ind\u00e9pendance de la justice\u00a0\u00bb.\u00a0<\/p>\n<p>Sans surprise, Benyamin N\u00e9tanyahou, lui-m\u00eame vis\u00e9 par un mandat d&rsquo;arr\u00eat de la CPI depuis novembre 2024, a salu\u00e9 ces sanctions am\u00e9ricaines. \u00ab\u00a0C&rsquo;est une action d\u00e9cisive contre la campagne de diffamation et de mensonges visant l&rsquo;Etat d&rsquo;Isra\u00ebl (et son arm\u00e9e) en faveur de la v\u00e9rit\u00e9 et de la justice\u00a0\u00bb, a-t-il d\u00e9clar\u00e9.<\/p>\n","protected":false},"excerpt":{"rendered":"La CPI a imm\u00e9diatement qualifi\u00e9 ces sanctions d&rsquo;\u00a0\u00bbattaque flagrante contre l&rsquo;ind\u00e9pendance d&rsquo;une institution judiciaire impartiale\u00a0\u00bb. lire plus tard&hellip;\n","protected":false},"author":2,"featured_media":332322,"comment_status":"","ping_status":"","sticky":false,"template":"","format":"standard","meta":{"footnotes":""},"categories":[1888],"tags":[1111,1928,11,1927,1777,674,1011,27,12,1926,626,1925,25],"class_list":{"0":"post-332321","1":"post","2":"type-post","3":"status-publish","4":"format-standard","5":"has-post-thumbnail","7":"category-paris","8":"tag-actu","9":"tag-actu-paris","10":"tag-actualites","11":"tag-actualites-paris","12":"tag-eu","13":"tag-europe","14":"tag-fr","15":"tag-france","16":"tag-news","17":"tag-news-paris","18":"tag-paris","19":"tag-paris-news","20":"tag-republique-francaise"},"share_on_mastodon":{"url":"https:\/\/pubeurope.com\/@fr\/115062830873157103","error":""},"_links":{"self":[{"href":"https:\/\/www.europesays.com\/fr\/wp-json\/wp\/v2\/posts\/332321","targetHints":{"allow":["GET"]}}],"collection":[{"href":"https:\/\/www.europesays.com\/fr\/wp-json\/wp\/v2\/posts"}],"about":[{"href":"https:\/\/www.europesays.com\/fr\/wp-json\/wp\/v2\/types\/post"}],"author":[{"embeddable":true,"href":"https:\/\/www.europesays.com\/fr\/wp-json\/wp\/v2\/users\/2"}],"replies":[{"embeddable":true,"href":"https:\/\/www.europesays.com\/fr\/wp-json\/wp\/v2\/comments?post=332321"}],"version-history":[{"count":0,"href":"https:\/\/www.europesays.com\/fr\/wp-json\/wp\/v2\/posts\/332321\/revisions"}],"wp:featuredmedia":[{"embeddable":true,"href":"https:\/\/www.europesays.com\/fr\/wp-json\/wp\/v2\/media\/332322"}],"wp:attachment":[{"href":"https:\/\/www.europesays.com\/fr\/wp-json\/wp\/v2\/media?parent=332321"}],"wp:term":[{"taxonomy":"category","embeddable":true,"href":"https:\/\/www.europesays.com\/fr\/wp-json\/wp\/v2\/categories?post=332321"},{"taxonomy":"post_tag","embeddable":true,"href":"https:\/\/www.europesays.com\/fr\/wp-json\/wp\/v2\/tags?post=332321"}],"curies":[{"name":"wp","href":"https:\/\/api.w.org\/{rel}","templated":true}]}}