{"id":332325,"date":"2025-08-20T19:51:11","date_gmt":"2025-08-20T19:51:11","guid":{"rendered":"https:\/\/www.europesays.com\/fr\/332325\/"},"modified":"2025-08-20T19:51:11","modified_gmt":"2025-08-20T19:51:11","slug":"la-tour-eiffel-est-aussi-visible-a-mamers","status":"publish","type":"post","link":"https:\/\/www.europesays.com\/fr\/332325\/","title":{"rendered":"La tour Eiffel est aussi visible \u00e0 Mamers"},"content":{"rendered":"<p>            Par<br \/>\n        <strong><br \/>\n            <a href=\"https:\/\/actu.fr\/auteur\/nicolas-boutellier\" title=\"Consulter tous les articles de Nicolas Boutellier\" rel=\"nofollow noopener\" target=\"_blank\">Nicolas Boutellier<\/a><br \/>\n        <\/strong><\/p>\n<p>        Publi\u00e9 le<\/p>\n<p>            20 ao\u00fbt 2025 \u00e0 18h36        <\/p>\n<p data-end=\"759\">Ici c\u2019est Mamers\u2009! Embl\u00e8me de la France et de <b>Paris<\/b>, <b>la tour Eiffel<\/b> pourrait aussi \u00eatre le fer de lance de<b> Mamers <\/b>(<a href=\"https:\/\/actu.fr\/le-perche\/\" rel=\"nofollow noopener\" target=\"_blank\">Sarthe<\/a>). En effet, la commune poss\u00e8de une version miniature de la c\u00e9l\u00e8bre dame de fer.<\/p>\n<p data-end=\"759\" class=\" wall-content\">Comme pour sa grande s\u0153ur, il faut lever les yeux pour l\u2019apercevoir. Pourtant, elle ne mesure que <b>1\u00a0m 10 de haut<\/b>. Elle a la particularit\u00e9 d\u2019\u00eatre nich\u00e9e sur un toit mamertin depuis <b>1889<\/b>. Date de la fin des travaux de la tour Eiffel parisienne. La petite s\u0153ur mamertine est plus discr\u00e8te et elle t\u00e9moigne d\u2019une histoire singuli\u00e8re.<\/p>\n<p>La petite s\u0153ur<\/p>\n<p data-end=\"1829\" class=\" wall-content\">D\u2019un c\u00f4t\u00e9 <b>Paris<\/b>, capitale de la France et de l\u2019autre <b>Mamers<\/b>, capitale du Saosnois. Leur point commun\u2009: la tour Eiffel. Celle de Mamers est aussi vieille que la mythique dame parisienne. Qu\u2019on l\u2019aime ou pas, la tour Eiffel a beaucoup inspir\u00e9.<\/p>\n<p data-end=\"1829\" class=\" wall-content\">Notamment<b> Monsieur Petit<\/b>, propri\u00e9taire de<b> l\u2019h\u00f4tel du Cygne<\/b> de Mamers, qui souhaitait se d\u00e9marquer de ses concurrents. Il fait alors appel \u00e0 l\u2019architecte <b>Alexandre Poirier<\/b> pour r\u00e9aliser<b> une r\u00e9plique<\/b> de la tour Eiffel et l\u2019installe<b> sur le toit<\/b> de son \u00e9tablissement.<\/p>\n<p>\u00ab\u2009Un moyen d\u2019attirer\u2009\u00bb<br \/>\n    <img   decoding=\"async\" loading=\"lazy\" class=\"size-large\" src=\"https:\/\/www.europesays.com\/fr\/wp-content\/uploads\/2025\/08\/c34b2ad1c4986084b2ad1c498fb4b2v-960x640.jpg\" alt=\"Il faut lever les yeux pour observer la tour Eiffel de Mamers.\" width=\"960\" height=\"640\"\/><br \/>\n    Il faut lever les yeux pour observer la tour Eiffel de Mamers. \u00a9Nicolas BOUTELLIERVid\u00e9os : en ce moment sur Actu<\/p>\n<p data-end=\"1829\" class=\" wall-content\">\u00ab\u2009Mamers \u00e9tait une ville de garnison et il y avait beaucoup de passage. La tour Eiffel faisait beaucoup parler d\u2019elle et elle constituait donc un moyen d\u2019attirer\u2009\u00bb, explique <b>Brigitte H\u00e9risson<\/b>, responsable de l\u2019office de tourisme Maine Saosnois.<\/p>\n<p data-end=\"1829\" class=\" wall-content\">\u00c0 l\u2019\u00e9poque, on pouvait <b>monter sur le toit<\/b> pour approcher la petite tour. \u00ab\u2009Le probl\u00e8me c\u2019est qu\u2019on manque de sources \u00e0 son sujet\u2009\u00bb, glisse la responsable. Selon la rumeur, Alexandre Poirier aurait travaill\u00e9 sur le <b>chantier de la tour Eiffel<\/b> parisienne mais l\u00e0 encore, il n\u2019y a aucune preuve.<\/p>\n<p>Votre r\u00e9gion, votre actu !<\/p>\n<p>Recevez chaque jour les infos qui comptent pour vous.<\/p>\n<p>\t<a href=\"https:\/\/actu.fr\/newsletter\" class=\"ac-btn ac-btn--corner ac-btn--medium ac-btn--blue800\" rel=\"nofollow noopener\" target=\"_blank\">S&rsquo;incrire<\/a><br \/>\nManque d\u2019entretien<\/p>\n<p data-end=\"1829\" class=\" wall-content\"><b>En 136\u00a0ans d\u2019histoire<\/b>, la majestueuse tour de Gustave Eiffel a \u00e9t\u00e9 repeinte 20\u00a0fois et elle est entretenue r\u00e9guli\u00e8rement. Car face \u00e0 la m\u00e9t\u00e9o et aux ravages du temps, la peinture s\u2019effrite et le fer s\u2019oxyde. \u00c0 Mamers, la petite tour n\u2019a pas eu la chance d\u2019\u00eatre aussi bien entretenue et choy\u00e9e. Et pourtant on s\u2019est occup\u00e9 d\u2019elle quand cela s\u2019est av\u00e9r\u00e9 absolument n\u00e9cessaire.<\/p>\n<blockquote class=\"ac-article-quote wall-content\">\n<p>Dans les ann\u00e9es 1990, elle a \u00e9t\u00e9 descendue de son toit pour \u00eatre restaur\u00e9e par les \u00e9l\u00e8ves du lyc\u00e9e professionnel de Mamers.<\/p>\n<p>Brigitte H\u00e9risson, responsable de l\u2019office de tourisme Maine Saosnois<\/p><\/blockquote>\n<p data-end=\"2590\" class=\" wall-content\">La restauration de l\u2019\u00e9difice \u00e9tait urgente car la tour avait d\u00e9j\u00e0 perdu deux de ses quatre pieds.<\/p>\n<p data-end=\"2590\" class=\" wall-content\">\u00ab\u2009\u00c0 l\u2019\u00e9poque, aucune information ne circulait dans la presse et \u00e0 Mamers tout le monde se demandait ce qu\u2019il lui \u00e9tait arriv\u00e9.\u2009\u00bb Une preuve de l\u2019attachement des Mamertins et des Mamertines \u00e0 cet \u00e9difice.<\/p>\n<p data-end=\"3069\" class=\" wall-content\">Aujourd\u2019hui, la petite tour a tout d\u2019une grande. \u00ab\u2009Elle fait partie du patrimoine mamertin\u2009\u00bb, sourit Brigitte H\u00e9risson.<\/p>\n<p data-end=\"3069\" class=\" wall-content\">L\u2019office de tourisme Maine Saosnois propose <b>des audioguides<\/b> pour d\u00e9couvrir la ville et ses moindres recoins. \u00ab\u2009Elle est m\u00eame sur les flyers.\u2009\u00bb La tour Eiffel de Mamers garde encore une part de secrets qui ne seront peut-\u00eatre jamais r\u00e9v\u00e9l\u00e9s.<\/p>\n<p data-end=\"3069\" class=\" wall-content\">En tout cas, elle continue d\u2019attirer les curieux dans la capitale du Saosnois.<\/p>\n<p class=\" wall-content\">Personnalisez votre actualit\u00e9 en ajoutant vos villes et m\u00e9dias en favori avec <a href=\"https:\/\/moncompte.actu.fr\" title=\"D\u00e9couvez Mon Actu\" rel=\"nofollow noopener\" data-trk=\"{&quot;cta&quot;:{&quot;action&quot;:&quot;https:\\\/\\\/moncompte.actu.fr&quot;,&quot;category&quot;:&quot;mon compte&quot;,&quot;from&quot;:&quot;article footer&quot;,&quot;name&quot;:&quot;Mon actu&quot;,&quot;type&quot;:&quot;cta&quot;}}\" target=\"_blank\">Mon Actu<\/a>.<\/p>\n","protected":false},"excerpt":{"rendered":"Par Nicolas Boutellier Publi\u00e9 le 20 ao\u00fbt 2025 \u00e0 18h36 Ici c\u2019est Mamers\u2009! Embl\u00e8me de la France et&hellip;\n","protected":false},"author":2,"featured_media":332326,"comment_status":"","ping_status":"","sticky":false,"template":"","format":"standard","meta":{"footnotes":""},"categories":[1888],"tags":[11,1777,674,1011,27,12,626,25,104],"class_list":{"0":"post-332325","1":"post","2":"type-post","3":"status-publish","4":"format-standard","5":"has-post-thumbnail","7":"category-paris","8":"tag-actualites","9":"tag-eu","10":"tag-europe","11":"tag-fr","12":"tag-france","13":"tag-news","14":"tag-paris","15":"tag-republique-francaise","16":"tag-societe"},"share_on_mastodon":{"url":"https:\/\/pubeurope.com\/@fr\/115062838649059692","error":""},"_links":{"self":[{"href":"https:\/\/www.europesays.com\/fr\/wp-json\/wp\/v2\/posts\/332325","targetHints":{"allow":["GET"]}}],"collection":[{"href":"https:\/\/www.europesays.com\/fr\/wp-json\/wp\/v2\/posts"}],"about":[{"href":"https:\/\/www.europesays.com\/fr\/wp-json\/wp\/v2\/types\/post"}],"author":[{"embeddable":true,"href":"https:\/\/www.europesays.com\/fr\/wp-json\/wp\/v2\/users\/2"}],"replies":[{"embeddable":true,"href":"https:\/\/www.europesays.com\/fr\/wp-json\/wp\/v2\/comments?post=332325"}],"version-history":[{"count":0,"href":"https:\/\/www.europesays.com\/fr\/wp-json\/wp\/v2\/posts\/332325\/revisions"}],"wp:featuredmedia":[{"embeddable":true,"href":"https:\/\/www.europesays.com\/fr\/wp-json\/wp\/v2\/media\/332326"}],"wp:attachment":[{"href":"https:\/\/www.europesays.com\/fr\/wp-json\/wp\/v2\/media?parent=332325"}],"wp:term":[{"taxonomy":"category","embeddable":true,"href":"https:\/\/www.europesays.com\/fr\/wp-json\/wp\/v2\/categories?post=332325"},{"taxonomy":"post_tag","embeddable":true,"href":"https:\/\/www.europesays.com\/fr\/wp-json\/wp\/v2\/tags?post=332325"}],"curies":[{"name":"wp","href":"https:\/\/api.w.org\/{rel}","templated":true}]}}