{"id":332327,"date":"2025-08-20T19:52:10","date_gmt":"2025-08-20T19:52:10","guid":{"rendered":"https:\/\/www.europesays.com\/fr\/332327\/"},"modified":"2025-08-20T19:52:10","modified_gmt":"2025-08-20T19:52:10","slug":"220-enfants-partis-de-drome-ardeche-a-paris-pour-la-journee-des-oublies-des-vacances-du-secours-populaire","status":"publish","type":"post","link":"https:\/\/www.europesays.com\/fr\/332327\/","title":{"rendered":"220 enfants partis de Dr\u00f4me Ard\u00e8che \u00e0 Paris pour la journ\u00e9e des \u00ab\u00a0oubli\u00e9s des vacances\u00a0\u00bb du Secours populaire"},"content":{"rendered":"<p>Pour ses 80 ans, le Secours populaire a r\u00e9uni 40.000 enfants sur le Champs-de-Mars \u00e0 Paris pour sa journ\u00e9e des \u00ab\u00a0oubli\u00e9s des vacances\u00a0\u00bb. 220 enfants sont partis de Dr\u00f4me et d&rsquo;Ard\u00e8che pour y participer. <\/p>\n<p>\u00ab\u00a0C&rsquo;\u00e9tait trop beau\u00a0\u00bb, \u00ab\u00a0c&rsquo;\u00e9tait merveilleux\u00a0\u00bb, \u00ab\u00a0tout le monde n&rsquo;a pas cette chance\u00a0\u00bb&#8230; les jeunes dr\u00f4mard\u00e9chois partis pour <strong>la journ\u00e9e des \u00ab\u00a0oubli\u00e9s des vacances\u00a0\u00bb du Secours populaire \u00e0 Paris<\/strong> ce mercredi 20 ao\u00fbt n&rsquo;ont pas regrett\u00e9 le voyage. Pour ses 80 ans, l&rsquo;association a rassembl\u00e9 40.000 enfants sur le Champs-de-Mars \u00e0 Paris pour un pique-nique g\u00e9ant, au milieu des terrains de jeux install\u00e9s pour l&rsquo;occasion et face \u00e0 un concert surprise o\u00f9 ont chant\u00e9 notamment Bigflo et Oli ou encore Vitaa.<\/p>\n<p>Au total, ce sont <strong>220 enfants qui ont pris le train mercredi matin \u00e0 la gare de Valence-TGV<\/strong> pour rejoindre Paris. 43 jeunes Dr\u00f4mois, 110 Ard\u00e9chois et m\u00eame 70 venus d&rsquo;autres pays, qui participent en ce moment au village Copains du monde \u00e0 Meyras, pr\u00e8s d&rsquo;Aubenas, organis\u00e9 \u00e9galement par le Secours populaire d&rsquo;Ard\u00e8che. Beaucoup disent que ce sont leurs seules \u00ab\u00a0vacances\u00a0\u00bb de l&rsquo;\u00e9t\u00e9. \u00ab\u00a0Ce sont des familles \u00e0 petits revenus\u00a0\u00bb explique Edwige Bach\u00e9, de Privas, qui les accompagne, \u00ab\u00a0ce sont des enfants qui ne demandent que \u00e7a\u00a0: sortir de leur quartier, d\u00e9couvrir des choses\u00a0!\u00a0\u00bb Les enfants de Dr\u00f4me et d&rsquo;Ard\u00e8che et leurs accompagnateurs\u00a0<strong>ont pris le m\u00e9tro<\/strong> pour se d\u00e9placer &#8211; c&rsquo;\u00e9tait une premi\u00e8re pour beaucoup &#8211; et sont mont\u00e9s dans <strong>un bateau-mouche<\/strong> pour un aller-retour sur la Seine avant de rejoindre le Champs-de-Mars, devant la Tour Eiffel.<\/p>\n<p><img loading=\"lazy\" decoding=\"async\" class=\"VisualPreview svelte-1rldrkz\" src=\"data:image\/jpeg;base64,\/9j\/2wBDACgcHiMeGSgjISMtKygwPGRBPDc3PHtYXUlkkYCZlo+AjIqgtObDoKrarYqMyP\/L2u71\/\/\/\/m8H\/\/\/\/6\/+b9\/\/j\/2wBDASstLTw1PHZBQXb4pYyl+Pj4+Pj4+Pj4+Pj4+Pj4+Pj4+Pj4+Pj4+Pj4+Pj4+Pj4+Pj4+Pj4+Pj4+Pj4+Pj4+Pj\/wAARCAATACoDASIAAhEBAxEB\/8QAFwABAQEBAAAAAAAAAAAAAAAAAAIDAf\/EABcQAQEBAQAAAAAAAAAAAAAAAAASAQL\/xAAVAQEBAAAAAAAAAAAAAAAAAAAAAf\/EABQRAQAAAAAAAAAAAAAAAAAAAAD\/2gAMAwEAAhEDEQA\/AN7LYUUo2tO9sqTvSDTe02y3pNCtQBHNToAjUgK\/\/9k=\" alt=\"Les enfants et leurs accompagnateurs ont pu d\u00e9couvrir Paris, certains pour la premi\u00e8re fois, avant de rejoindre la f\u00eate sur le Champs-de-Mars\" width=\"600\" height=\"277\"\/>  Les enfants et leurs accompagnateurs ont pu d\u00e9couvrir Paris, certains pour la premi\u00e8re fois, avant de rejoindre la f\u00eate sur le Champs-de-Mars  &#8211; SP<img loading=\"lazy\" decoding=\"async\" class=\"VisualPreview svelte-1rldrkz\" src=\"data:image\/jpeg;base64,\/9j\/2wBDACgcHiMeGSgjISMtKygwPGRBPDc3PHtYXUlkkYCZlo+AjIqgtObDoKrarYqMyP\/L2u71\/\/\/\/m8H\/\/\/\/6\/+b9\/\/j\/2wBDASstLTw1PHZBQXb4pYyl+Pj4+Pj4+Pj4+Pj4+Pj4+Pj4+Pj4+Pj4+Pj4+Pj4+Pj4+Pj4+Pj4+Pj4+Pj4+Pj4+Pj\/wAARCAAqAB8DASIAAhEBAxEB\/8QAGAAAAwEBAAAAAAAAAAAAAAAAAAECAwT\/xAAXEAEBAQEAAAAAAAAAAAAAAAAAARES\/8QAFAEBAAAAAAAAAAAAAAAAAAAAAP\/EABQRAQAAAAAAAAAAAAAAAAAAAAD\/2gAMAwEAAhEDEQA\/AOjkuWuFgM+Ry0wsBoRptAAtGgdqbRU0BaXSaQP\/2Q==\" alt=\"Des cartes postales ont \u00e9t\u00e9 envoy\u00e9es aux donateurs par les enfants\" width=\"600\" height=\"802\"\/>  Des cartes postales ont \u00e9t\u00e9 envoy\u00e9es aux donateurs par les enfants  &#8211; SP<\/p>\n","protected":false},"excerpt":{"rendered":"Pour ses 80 ans, le Secours populaire a r\u00e9uni 40.000 enfants sur le Champs-de-Mars \u00e0 Paris pour sa&hellip;\n","protected":false},"author":2,"featured_media":332328,"comment_status":"","ping_status":"","sticky":false,"template":"","format":"standard","meta":{"footnotes":""},"categories":[1888],"tags":[11,1777,674,1011,27,12,626,25],"class_list":{"0":"post-332327","1":"post","2":"type-post","3":"status-publish","4":"format-standard","5":"has-post-thumbnail","7":"category-paris","8":"tag-actualites","9":"tag-eu","10":"tag-europe","11":"tag-fr","12":"tag-france","13":"tag-news","14":"tag-paris","15":"tag-republique-francaise"},"share_on_mastodon":{"url":"https:\/\/pubeurope.com\/@fr\/115062842824978515","error":""},"_links":{"self":[{"href":"https:\/\/www.europesays.com\/fr\/wp-json\/wp\/v2\/posts\/332327","targetHints":{"allow":["GET"]}}],"collection":[{"href":"https:\/\/www.europesays.com\/fr\/wp-json\/wp\/v2\/posts"}],"about":[{"href":"https:\/\/www.europesays.com\/fr\/wp-json\/wp\/v2\/types\/post"}],"author":[{"embeddable":true,"href":"https:\/\/www.europesays.com\/fr\/wp-json\/wp\/v2\/users\/2"}],"replies":[{"embeddable":true,"href":"https:\/\/www.europesays.com\/fr\/wp-json\/wp\/v2\/comments?post=332327"}],"version-history":[{"count":0,"href":"https:\/\/www.europesays.com\/fr\/wp-json\/wp\/v2\/posts\/332327\/revisions"}],"wp:featuredmedia":[{"embeddable":true,"href":"https:\/\/www.europesays.com\/fr\/wp-json\/wp\/v2\/media\/332328"}],"wp:attachment":[{"href":"https:\/\/www.europesays.com\/fr\/wp-json\/wp\/v2\/media?parent=332327"}],"wp:term":[{"taxonomy":"category","embeddable":true,"href":"https:\/\/www.europesays.com\/fr\/wp-json\/wp\/v2\/categories?post=332327"},{"taxonomy":"post_tag","embeddable":true,"href":"https:\/\/www.europesays.com\/fr\/wp-json\/wp\/v2\/tags?post=332327"}],"curies":[{"name":"wp","href":"https:\/\/api.w.org\/{rel}","templated":true}]}}