{"id":332329,"date":"2025-08-20T19:53:11","date_gmt":"2025-08-20T19:53:11","guid":{"rendered":"https:\/\/www.europesays.com\/fr\/332329\/"},"modified":"2025-08-20T19:53:11","modified_gmt":"2025-08-20T19:53:11","slug":"mais-que-manigance-la-russie-dans-cet-aeroport-du-nord-de-la-syrie","status":"publish","type":"post","link":"https:\/\/www.europesays.com\/fr\/332329\/","title":{"rendered":"Mais que manigance la Russie dans cet a\u00e9roport du nord de la Syrie?"},"content":{"rendered":"<p>C&rsquo;est une pr\u00e9sence militaire qui s&rsquo;est fait relativement discr\u00e8te,<br \/>\nmais qui demeure bel et bien active. Depuis <a href=\"https:\/\/www.slate.fr\/monde\/chute-regime-bachar-el-assad-victimes-briser-long-silence-terreur-prison-torture-oppression-dictature-syrie-temoignage-lattaquie\" target=\"_blank\" rel=\"nofollow noopener\">la chute de Bachar el-Assad<\/a>,<br \/>\nqui a fui la Syrie le 8 d\u00e9cembre 2024 pour se r\u00e9fugier \u00e0 Moscou, la Russie, qui<br \/>\nfaisait r\u00e9gner la terreur sur le pays, main dans la main avec le dictateur syrien, a cess\u00e9<br \/>\nses bombardements r\u00e9guliers de la population, mais conserve des bases<br \/>\nmilitaires.<\/p>\n<p>Depuis mars 2025, <a href=\"https:\/\/www.slate.fr\/monde\/syrie-russie-base-attaque-djihadiste-vladimir-poutine-milice-hmeimim-ahmed-al-charaa-bachar-el-assad\" target=\"_blank\" rel=\"nofollow noopener\">la base a\u00e9rienne de Hmeimim<\/a>, au sud-est de<br \/>\nLattaqui\u00e9, ancien fief loyaliste et place forte de Moscou en Syrie, envoie et<br \/>\nre\u00e7oit r\u00e9guli\u00e8rement de nuit des avions-cargos transportant tant\u00f4t des troupes,<br \/>\ntant\u00f4t du mat\u00e9riel militaire, qui font la liaison avec l&rsquo;a\u00e9roport de Qamichli, dans<br \/>\nle nord-est kurde, non loin de la fronti\u00e8re turque. Ce dernier a vu ses locaux d&rsquo;h\u00e9bergement<br \/>\n\u00eatre agrandis au cours des derni\u00e8res semaines, tandis que le p\u00e9rim\u00e8tre de la<br \/>\nbase \u00e9tait renforc\u00e9, <a href=\"https:\/\/www.forbes.com\/sites\/pauliddon\/2025\/08\/15\/what-russias-military-is-doing-in-this-strategic-syria-airport\/\" target=\"_blank\" rel=\"nofollow noopener\">comme le rapporte le magazine am\u00e9ricain Forbes<\/a>, reprenant <a href=\"https:\/\/www.syria.tv\/%D8%A8%D8%AA%D8%AD%D8%B1%D9%83%D8%A7%D8%AA-%D9%84%D9%8A%D9%84%D9%8A%D8%A9-%D8%B1%D9%88%D8%B3%D9%8A%D8%A7-%D8%AA%D8%B9%D8%B2%D8%B2-%D9%82%D8%A7%D8%B9%D8%AF%D8%AA%D9%87%D8%A7-%D9%88%D8%AA%D8%B2%D9%8A%D8%AF-%D8%B9%D8%AF%D8%AF-%D9%82%D9%88%D8%A7%D8%AA%D9%87%D8%A7-%D9%81%D9%8A-%D8%A7%D9%84%D9%82%D8%A7%D9%85%D8%B4%D9%84%D9%8A\" target=\"_blank\" rel=\"nofollow noopener\">une information du m\u00e9dia local Syria TV<\/a>.<\/p>\n<p>Si les troupes pr\u00e9sentes sur place sont relativement<br \/>\nlimit\u00e9es, l&rsquo;arm\u00e9e russe ayant op\u00e9r\u00e9 des transferts de soldats et d&rsquo;armes dans ses<br \/>\nautres bases de la r\u00e9gion, en particulier en Libye, elle dispose d&rsquo;h\u00e9licopt\u00e8res d&rsquo;attaque <a href=\"http:\/\/www.strategic-bureau.com\/ka-52-alligator-helicoptere-russie\/\" target=\"_blank\" rel=\"nofollow noopener\">Kamov Ka-52 Alligator<\/a> et de v\u00e9hicules antia\u00e9riens de type Pantsir-S1 <a href=\"https:\/\/israel-alma.org\/renewed-russian-entrenchment-in-northeastern-syria-qamishli\/\" target=\"_blank\" rel=\"nofollow noopener\">stationn\u00e9s \u00e0<br \/>\nQamichli<\/a>.<\/p>\n<p>        <img decoding=\"async\" alt=\"Abonnez-vous gratuitement \u00e0 la newsletter de Slate !\" loading=\"lazy\" class=\"ms-4 ms-md-0\" width=\"82\" height=\"82\" src=\"https:\/\/www.slate.fr\/assets\/newsletter-dd7c4ea7fb4ce45aacc56875521d4bde7ec4ba23f0a0ae088566df808b3a80c3.svg\"\/><br \/>\n        Abonnez-vous gratuitement \u00e0 la newsletter de Slate !Les articles sont s\u00e9lectionn\u00e9s pour vous, en fonction de vos centres d\u2019int\u00e9r\u00eat, tous les jours dans votre bo\u00eete mail.<\/p>\n<p>L&rsquo;accord kurde en question<\/p>\n<p>Ces transferts militaires, vraisemblablement coordonn\u00e9s en<br \/>\npartie avec les Forces d\u00e9mocratiques syriennes (FDS), tenues par les <a href=\"https:\/\/www.slate.fr\/dossier\/15647\/kurdes\" class=\"tag-link\" rel=\"nofollow noopener\" target=\"_blank\">Kurdes<\/a>,<br \/>\nqui dominent cette r\u00e9gion du nord-est et ne sont pas les plus heureux du nouveau gouvernement syrien<br \/>\nd&rsquo;Ahmed al-Charaa, co\u00efncide \u00e9galement avec le <a href=\"https:\/\/www.reuters.com\/business\/media-telecom\/us-pulls-out-two-more-bases-syria-worrying-kurdish-forces-2025-06-17\/\" target=\"_blank\" rel=\"nofollow noopener\">retrait des troupes \u00e9tats-uniennes<\/a>, l&rsquo;administration Trump ayant pr\u00e9vu de passer de huit bases<br \/>\n\u00e0 une seule dans ce m\u00eame nord-est de la <a href=\"https:\/\/www.slate.fr\/dossier\/2419\/syrie\" class=\"tag-link\" rel=\"nofollow noopener\" target=\"_blank\">Syrie<\/a>.<\/p>\n<p>Alors que <a href=\"https:\/\/www.lemonde.fr\/idees\/article\/2025\/06\/16\/l-integration-des-kurdes-lueur-d-espoir-dans-la-reconstruction-de-la-syrie_6613541_3232.html\" target=\"_blank\" rel=\"nofollow noopener\">l&rsquo;accord du 10 mars 2025<\/a> pass\u00e9 entre le gouvernement<br \/>\nd&rsquo;Ahmed al-Charaa et le chef des Forces d\u00e9mocratiques syriennes, le g\u00e9n\u00e9ral Mazloum Abdi, qui vise une int\u00e9gration des institutions<br \/>\nautonomes kurdes \u00e0 l&rsquo;\u00c9tat syrien, semble s&#8217;embourber, les mouvements russes peuvent<br \/>\nappara\u00eetre comme un potentiel levier de n\u00e9gociations pour chaque partie.<\/p>\n<p>\u00abPendant la guerre civile, la pr\u00e9sence russe\u00a0\u2013et<br \/>\niranienne\u2013 \u00e0 l&rsquo;a\u00e9roport de Qamichli \u00e9tait probablement le symbole le plus<br \/>\nvisible des relations ouvertes des Forces d\u00e9mocratiques syriennes avec la coalition pro-Assad, indique l&rsquo;analyste ind\u00e9pendant <a href=\"https:\/\/www.kyleorton.com\/p\/what-are-the-russians-up-to-in-syria\" target=\"_blank\" rel=\"nofollow noopener\">Kyle Orton<\/a>. Apr\u00e8s la chute du r\u00e9gime,<br \/>\ncela a eu pratiquement le m\u00eame objectif: offrir des options aux FDS, alors que<br \/>\nles Am\u00e9ricains se dirigent vers la sortie.\u00bb<\/p>\n<p>De son c\u00f4t\u00e9, <a href=\"https:\/\/www.slate.fr\/monde\/nouveau-president-syrien-eviter-guerre-civile-pays-crise-bachar-charaa-sunnite-chiite-druzes-israel\" target=\"_blank\" rel=\"nofollow noopener\">Ahmed al-Charaa<\/a> pourrait<br \/>\nutiliser l&rsquo;argument d&rsquo;une collusion entre les FDS et la Russie pour justifier<br \/>\nune confrontation directe sans brusquer les \u00c9tats-Unis. Quant \u00e0 la <a href=\"https:\/\/www.slate.fr\/monde\/chute-regime-bachar-el-assad-casse-tete-vladimir-poutine-russie-syrie-rebelles-htc-strategie-proche-orient-afrique-bases-tartous-hmeimim\" target=\"_blank\" rel=\"nofollow noopener\">Russie<\/a>, qui<br \/>\nn&rsquo;a pas int\u00e9r\u00eat \u00e0 s&rsquo;ali\u00e9ner Ahmed al-Charaa, elle pourrait se saisir de l&rsquo;occasion pour<br \/>\ntenter de jouer les m\u00e9diateurs et regagner une marge d&rsquo;influence sur les nouveaux<br \/>\nma\u00eetres de Damas.<\/p>\n","protected":false},"excerpt":{"rendered":"C&rsquo;est une pr\u00e9sence militaire qui s&rsquo;est fait relativement discr\u00e8te, mais qui demeure bel et bien active. Depuis la&hellip;\n","protected":false},"author":2,"featured_media":332330,"comment_status":"","ping_status":"","sticky":false,"template":"","format":"standard","meta":{"footnotes":""},"categories":[1591],"tags":[11,1887,12,1885,1886,132],"class_list":{"0":"post-332329","1":"post","2":"type-post","3":"status-publish","4":"format-standard","5":"has-post-thumbnail","7":"category-russie","8":"tag-actualites","9":"tag-federation-de-russie","10":"tag-news","11":"tag-russia","12":"tag-russian-federation","13":"tag-russie"},"share_on_mastodon":{"url":"https:\/\/pubeurope.com\/@fr\/115062846876349170","error":""},"_links":{"self":[{"href":"https:\/\/www.europesays.com\/fr\/wp-json\/wp\/v2\/posts\/332329","targetHints":{"allow":["GET"]}}],"collection":[{"href":"https:\/\/www.europesays.com\/fr\/wp-json\/wp\/v2\/posts"}],"about":[{"href":"https:\/\/www.europesays.com\/fr\/wp-json\/wp\/v2\/types\/post"}],"author":[{"embeddable":true,"href":"https:\/\/www.europesays.com\/fr\/wp-json\/wp\/v2\/users\/2"}],"replies":[{"embeddable":true,"href":"https:\/\/www.europesays.com\/fr\/wp-json\/wp\/v2\/comments?post=332329"}],"version-history":[{"count":0,"href":"https:\/\/www.europesays.com\/fr\/wp-json\/wp\/v2\/posts\/332329\/revisions"}],"wp:featuredmedia":[{"embeddable":true,"href":"https:\/\/www.europesays.com\/fr\/wp-json\/wp\/v2\/media\/332330"}],"wp:attachment":[{"href":"https:\/\/www.europesays.com\/fr\/wp-json\/wp\/v2\/media?parent=332329"}],"wp:term":[{"taxonomy":"category","embeddable":true,"href":"https:\/\/www.europesays.com\/fr\/wp-json\/wp\/v2\/categories?post=332329"},{"taxonomy":"post_tag","embeddable":true,"href":"https:\/\/www.europesays.com\/fr\/wp-json\/wp\/v2\/tags?post=332329"}],"curies":[{"name":"wp","href":"https:\/\/api.w.org\/{rel}","templated":true}]}}