{"id":332337,"date":"2025-08-20T19:57:12","date_gmt":"2025-08-20T19:57:12","guid":{"rendered":"https:\/\/www.europesays.com\/fr\/332337\/"},"modified":"2025-08-20T19:57:12","modified_gmt":"2025-08-20T19:57:12","slug":"cyclisme-gautherat-au-chaud-aux-pays-bas-hofstetter-de-retour-en-allemagne","status":"publish","type":"post","link":"https:\/\/www.europesays.com\/fr\/332337\/","title":{"rendered":"Cyclisme. Gautherat au chaud aux Pays-Bas, Hofstetter de retour en Allemagne"},"content":{"rendered":"<p>Le Colmarien de D\u00e9cathlon-AG2R La Mondiale a termin\u00e9 bien au chaud dans le peloton (81e ) \u00e0 l\u2019issue de la premi\u00e8re \u00e9tape du Tour du Benelux remport\u00e9e au sprint par le champion d\u2019Europe Tim Merlier, ce mercredi entre Terneuzen et Breskens. De son c\u00f4t\u00e9, Hugo Hofstetter (Israel-Premier Tech) a fait sa rentr\u00e9e sur le Tour d\u2019Allemagne apr\u00e8s \u00eatre devenu papa cet \u00e9t\u00e9. Le Haut-Rhinois a pris la 52e place du prologue du Tour d\u2019Allemagne disput\u00e9 ce mercredi sur 3\u00a0km \u00e0 Essen. Il termine \u00e0 12\u2019\u2019 du vainqueur, le Danois Soren Waerenskjold (Uno-Mobility).<\/p>\n<p>Basket-ball Deux recrues \u00e0 la SIG f\u00e9minine<\/p>\n<p>Promue en Ligue 2, la SIG f\u00e9minine vient d\u2019officialiser ses deux premi\u00e8res recrues. L\u2019aili\u00e8re Justine Mouyokolo (21 ans), internationale en 3&#215;3, arrive de l\u2019ASVEL et devrait trouver avec le club illkirchois le temps de jeu qui lui faisait jusque-l\u00e0 d\u00e9faut (seulement 8 matches et 37 minutes au total la saison pass\u00e9e au plus haut niveau hexagonal).<\/p>\n<p>Elle sera&#8230;<\/p>\n","protected":false},"excerpt":{"rendered":"Le Colmarien de D\u00e9cathlon-AG2R La Mondiale a termin\u00e9 bien au chaud dans le peloton (81e ) \u00e0 l\u2019issue&hellip;\n","protected":false},"author":2,"featured_media":332338,"comment_status":"","ping_status":"","sticky":false,"template":"","format":"standard","meta":{"footnotes":""},"categories":[1587],"tags":[11,672,1804,1805,1803,1777,674,1801,12,1802,517,1467],"class_list":{"0":"post-332337","1":"post","2":"type-post","3":"status-publish","4":"format-standard","5":"has-post-thumbnail","7":"category-allemagne","8":"tag-actualites","9":"tag-allemagne","10":"tag-bundesrepublik-deutschland","11":"tag-de","12":"tag-deutschland","13":"tag-eu","14":"tag-europe","15":"tag-germany","16":"tag-news","17":"tag-republique-federale-dallemagne","18":"tag-sport","19":"tag-tennis"},"share_on_mastodon":{"url":"https:\/\/pubeurope.com\/@fr\/115062862224437273","error":""},"_links":{"self":[{"href":"https:\/\/www.europesays.com\/fr\/wp-json\/wp\/v2\/posts\/332337","targetHints":{"allow":["GET"]}}],"collection":[{"href":"https:\/\/www.europesays.com\/fr\/wp-json\/wp\/v2\/posts"}],"about":[{"href":"https:\/\/www.europesays.com\/fr\/wp-json\/wp\/v2\/types\/post"}],"author":[{"embeddable":true,"href":"https:\/\/www.europesays.com\/fr\/wp-json\/wp\/v2\/users\/2"}],"replies":[{"embeddable":true,"href":"https:\/\/www.europesays.com\/fr\/wp-json\/wp\/v2\/comments?post=332337"}],"version-history":[{"count":0,"href":"https:\/\/www.europesays.com\/fr\/wp-json\/wp\/v2\/posts\/332337\/revisions"}],"wp:featuredmedia":[{"embeddable":true,"href":"https:\/\/www.europesays.com\/fr\/wp-json\/wp\/v2\/media\/332338"}],"wp:attachment":[{"href":"https:\/\/www.europesays.com\/fr\/wp-json\/wp\/v2\/media?parent=332337"}],"wp:term":[{"taxonomy":"category","embeddable":true,"href":"https:\/\/www.europesays.com\/fr\/wp-json\/wp\/v2\/categories?post=332337"},{"taxonomy":"post_tag","embeddable":true,"href":"https:\/\/www.europesays.com\/fr\/wp-json\/wp\/v2\/tags?post=332337"}],"curies":[{"name":"wp","href":"https:\/\/api.w.org\/{rel}","templated":true}]}}