{"id":332339,"date":"2025-08-20T19:58:17","date_gmt":"2025-08-20T19:58:17","guid":{"rendered":"https:\/\/www.europesays.com\/fr\/332339\/"},"modified":"2025-08-20T19:58:17","modified_gmt":"2025-08-20T19:58:17","slug":"selon-liran-leurope-na-pas-le-droit-de-retablir-des-sanctions","status":"publish","type":"post","link":"https:\/\/www.europesays.com\/fr\/332339\/","title":{"rendered":"selon l&rsquo;Iran, l&rsquo;Europe n&rsquo;a pas le droit de r\u00e9tablir des sanctions"},"content":{"rendered":"<p>Dans une lettre adress\u00e9e \u00e0 l\u2019ONU, l\u2019Allemagne, la France et le Royaume-Uni ont dit \u00eatre pr\u00eats \u00e0 d\u00e9clencher le \u00absnapback\u00bb contre l\u2019Iran si aucune solution n\u00e9goci\u00e9e n\u2019est trouv\u00e9e sur le programme nucl\u00e9aire iranien d\u2019ici fin ao\u00fbt.<\/p>\n<p class=\"fig-paragraph\">Le ministre\u00a0<a href=\"http:\/\/www.lefigaro.fr\/international\/cancer-alzheimer-sclerose-en-plaques-ces-donnees-inestimables-de-l-institut-weizmann-detruites-par-les-missiles-iraniens-20250731\" target=\"_blank\" data-fig-type=\"Article\" rel=\"noopener\" data-gtm-custom-categorie=\"navigation\" data-gtm-custom-action=\"crossclick\" data-gtm-custom-label=\"Contextuel\" data-gtm-event=\"customEventSPE\" data-fig-domain=\"LEFIGARO\">iranien<\/a>\u00a0des Affaires \u00e9trang\u00e8res, Abbas Araghchi, a affirm\u00e9 mercredi que les puissances europ\u00e9ennes n&rsquo;avaient pas le droit de d\u00e9clencher le m\u00e9canisme de r\u00e9imposition automatique de\u00a0<a href=\"http:\/\/www.lefigaro.fr\/international\/nucleaire-iranien-berlin-londres-et-paris-prets-a-reimposer-les-sanctions-contre-l-iran-20250813\" target=\"_blank\" data-fig-type=\"NewsFlash\" rel=\"noopener\" data-gtm-custom-categorie=\"navigation\" data-gtm-custom-action=\"crossclick\" data-gtm-custom-label=\"Contextuel\" data-gtm-event=\"customEventSPE\" data-fig-domain=\"LEFIGARO\">sanctions<\/a>, pr\u00e9vu par l&rsquo;accord sur le nucl\u00e9aire de 2015, ni de prolonger l&rsquo;\u00e9ch\u00e9ance d&rsquo;octobre pour l&rsquo;activer.<\/p>\n<p class=\"fig-paragraph\">Ces propos interviennent apr\u00e8s une rencontre en juillet entre des diplomates iraniens et des \u00e9missaires de l&rsquo;Allemagne, la France et du Royaume-Uni &#8211; trois pays parties \u00e0 l&rsquo;accord sur le nucl\u00e9aire iranien en 2015 -, les premiers pourparlers de ce type depuis la fin de la guerre de 12 jours entre Isra\u00ebl et l&rsquo;Iran en juin. Ces hostilit\u00e9s ont fait d\u00e9railler les n\u00e9gociations nucl\u00e9aires entre T\u00e9h\u00e9ran et les \u00c9tats-Unis, alli\u00e9s d&rsquo;Isra\u00ebl, et pouss\u00e9 l&rsquo;Iran \u00e0 suspendre sa coop\u00e9ration avec l&rsquo;Agence internationale de l&rsquo;\u00e9nergie atomique (AIEA).<\/p>\n<p>                                    <a class=\"fig-a11y-skip a11y-hidden\" href=\"#fig-a11y-skip-main-inarticle\"><br \/>\n        Passer la publicit\u00e9<br \/>\n    <\/a><\/p>\n<p class=\"fig-paragraph\">Dans une lettre adress\u00e9e la semaine derni\u00e8re \u00e0 l&rsquo;<a href=\"http:\/\/www.lefigaro.fr\/flash-actu\/l-onu-denonce-l-expression-honteuse-de-l-apathie-internationale-face-a-un-nouveau-record-de-morts-d-humanitaires-20250819\" target=\"_blank\" data-fig-type=\"NewsFlash\" rel=\"noopener\" data-gtm-custom-categorie=\"navigation\" data-gtm-custom-action=\"crossclick\" data-gtm-custom-label=\"Contextuel\" data-gtm-event=\"customEventSPE\" data-fig-domain=\"LEFIGARO\">ONU<\/a>, l&rsquo;Allemagne, la France et le Royaume-Uni ont dit \u00eatre pr\u00eats \u00e0 d\u00e9clencher le m\u00e9canisme de r\u00e9tablissement des sanctions, dit \u00absnapback\u00bb, contre l&rsquo;Iran si aucune solution n\u00e9goci\u00e9e n&rsquo;est trouv\u00e9e sur le programme nucl\u00e9aire iranien d&rsquo;ici fin ao\u00fbt. Ce trio europ\u00e9en fait partie des puissances mondiales, avec la Chine, la Russie et les \u00c9tats-Unis, qui avaient n\u00e9goci\u00e9 l&rsquo;accord nucl\u00e9aire historique de 2015 avec T\u00e9h\u00e9ran, pr\u00e9voyant un encadrement des activit\u00e9s nucl\u00e9aires iraniennes en \u00e9change d&rsquo;une lev\u00e9e des sanctions internationales.<\/p>\n<p>\u00abSnapback\u00bb<\/p>\n<p class=\"fig-paragraph\">Les \u00c9tats-Unis se sont retir\u00e9s unilat\u00e9ralement de ce texte en 2018 et ont r\u00e9impos\u00e9 leurs sanctions mais les trois pays europ\u00e9ens avaient assur\u00e9 leur attachement \u00e0 l&rsquo;accord et affirmaient vouloir poursuivre les \u00e9changes commerciaux avec l&rsquo;Iran. Les sanctions onusiennes et europ\u00e9ennes n&rsquo;ont donc pas \u00e9t\u00e9 r\u00e9tablies. Les Europ\u00e9ens accusent toutefois T\u00e9h\u00e9ran de ne pas avoir respect\u00e9 ses engagements et tentent de relancer les n\u00e9gociations sur son programme nucl\u00e9aire alors qu&rsquo;ils craignent que l&rsquo;Iran ne poursuive un programme nucl\u00e9aire \u00e0 des fins militaires, ce que les autorit\u00e9s iraniennes r\u00e9futent.<\/p>\n<p class=\"fig-paragraph\">Ils ont menac\u00e9 de r\u00e9tablir les sanctions en vertu du \u00absnapback\u00bb pr\u00e9vu par l&rsquo;accord de 2015 qui expire en octobre, que l&rsquo;Iran cherche \u00e0 \u00e9viter \u00e0 tout prix. Selon le Financial Times, ils ont propos\u00e9 de prolonger l&rsquo;\u00e9ch\u00e9ance d&rsquo;octobre pour le d\u00e9clenchement du \u00absnapback\u00bb, si l&rsquo;Iran reprenait les discussions avec Washington et r\u00e9tablissait sa coop\u00e9ration avec l&rsquo;AIEA. Dans son article publi\u00e9 la semaine derni\u00e8re, le quotidien britannique ajoutait que cette offre \u00e9tait \u00abrest\u00e9e sans r\u00e9ponse de la part de l&rsquo;Iran\u00bb.<\/p>\n<p class=\"fig-paragraph\">Mais mercredi, Abbas Araghchi a exprim\u00e9 le rejet de son pays de cette prolongation propos\u00e9e par les puissances europ\u00e9ennes. \u00ab\u00c0 partir du moment o\u00f9 nous consid\u00e9rons qu&rsquo;elles n&rsquo;ont pas le droit de mettre en oeuvre le snapback, il est naturel qu&rsquo;elles n&rsquo;ont pas non plus le droit d&rsquo;en prolonger le d\u00e9lai\u00bb, a d\u00e9clar\u00e9 Abbas Araghchi \u00e0 l&rsquo;agence de presse officielle Irna. \u00abNous n&rsquo;avons pas encore atteint une base pour des n\u00e9gociations avec les Europ\u00e9ens\u00bb, a-t-il ajout\u00e9.<\/p>\n<p class=\"fig-paragraph\">Abbas Araghchi avait indiqu\u00e9 plus t\u00f4t mercredi que son pays ne pouvait \u00abpas mettre fin totalement\u00bb \u00e0 sa coop\u00e9ration avec l&rsquo;AIEA, apr\u00e8s la suspension par T\u00e9h\u00e9ran des inspections men\u00e9es par le gendarme onusien. Il a ajout\u00e9 que le retour des inspecteurs de l&rsquo;AIEA sur les sites nucl\u00e9aires iraniens d\u00e9pendait d&rsquo;une d\u00e9cision de la plus haute institution de s\u00e9curit\u00e9 d&rsquo;Iran. Le mois dernier, l&rsquo;Iran avait officiellement suspendu sa coop\u00e9ration avec l&rsquo;AIEA, invoquant l&rsquo;incapacit\u00e9 de l&rsquo;agence \u00e0 condamner les frappes isra\u00e9liennes et am\u00e9ricaines sur ses sites nucl\u00e9aires en juin lors de la guerre.<\/p>\n","protected":false},"excerpt":{"rendered":"Dans une lettre adress\u00e9e \u00e0 l\u2019ONU, l\u2019Allemagne, la France et le Royaume-Uni ont dit \u00eatre pr\u00eats \u00e0 d\u00e9clencher&hellip;\n","protected":false},"author":2,"featured_media":332340,"comment_status":"","ping_status":"","sticky":false,"template":"","format":"standard","meta":{"footnotes":""},"categories":[1586],"tags":[11,1777,674,1011,27,3019,12,25],"class_list":{"0":"post-332339","1":"post","2":"type-post","3":"status-publish","4":"format-standard","5":"has-post-thumbnail","7":"category-europe","8":"tag-actualites","9":"tag-eu","10":"tag-europe","11":"tag-fr","12":"tag-france","13":"tag-iran","14":"tag-news","15":"tag-republique-francaise"},"share_on_mastodon":{"url":"https:\/\/pubeurope.com\/@fr\/115062866117376353","error":""},"_links":{"self":[{"href":"https:\/\/www.europesays.com\/fr\/wp-json\/wp\/v2\/posts\/332339","targetHints":{"allow":["GET"]}}],"collection":[{"href":"https:\/\/www.europesays.com\/fr\/wp-json\/wp\/v2\/posts"}],"about":[{"href":"https:\/\/www.europesays.com\/fr\/wp-json\/wp\/v2\/types\/post"}],"author":[{"embeddable":true,"href":"https:\/\/www.europesays.com\/fr\/wp-json\/wp\/v2\/users\/2"}],"replies":[{"embeddable":true,"href":"https:\/\/www.europesays.com\/fr\/wp-json\/wp\/v2\/comments?post=332339"}],"version-history":[{"count":0,"href":"https:\/\/www.europesays.com\/fr\/wp-json\/wp\/v2\/posts\/332339\/revisions"}],"wp:featuredmedia":[{"embeddable":true,"href":"https:\/\/www.europesays.com\/fr\/wp-json\/wp\/v2\/media\/332340"}],"wp:attachment":[{"href":"https:\/\/www.europesays.com\/fr\/wp-json\/wp\/v2\/media?parent=332339"}],"wp:term":[{"taxonomy":"category","embeddable":true,"href":"https:\/\/www.europesays.com\/fr\/wp-json\/wp\/v2\/categories?post=332339"},{"taxonomy":"post_tag","embeddable":true,"href":"https:\/\/www.europesays.com\/fr\/wp-json\/wp\/v2\/tags?post=332339"}],"curies":[{"name":"wp","href":"https:\/\/api.w.org\/{rel}","templated":true}]}}