{"id":332347,"date":"2025-08-20T20:02:12","date_gmt":"2025-08-20T20:02:12","guid":{"rendered":"https:\/\/www.europesays.com\/fr\/332347\/"},"modified":"2025-08-20T20:02:12","modified_gmt":"2025-08-20T20:02:12","slug":"lex-miss-france-camille-cerf-a-postule-pour-remplacer-olivier-minne-dans-fort-boyard","status":"publish","type":"post","link":"https:\/\/www.europesays.com\/fr\/332347\/","title":{"rendered":"L\u2019ex-Miss France Camille Cerf a postul\u00e9 pour remplacer Olivier Minne dans \u00ab\u00a0Fort Boyard\u00a0\u00bb"},"content":{"rendered":"<p>        <img decoding=\"async\" loading=\"lazy\" src=\"https:\/\/www.europesays.com\/fr\/wp-content\/uploads\/2025\/08\/959436b_upload-1-lo61wvc50nem-afp-20181202-1ba5lg-v1-highres-francebeautymisscontest.jpg\"  width=\"728\" height=\"409\" alt=\"\u00c9lue Miss France en 2015, l\u2019ex reine de beaut\u00e9 imagine bien son futur \u00e0 la t\u00e9l\u00e9vision et plus pr\u00e9cisement sur le mythique fort de France 2. \"\/>  <\/p>\n<p>FRANCOIS LO PRESTI \/ AFP<\/p>\n<p>\u00c9lue Miss France en 2015, l\u2019ex reine de beaut\u00e9 imagine bien son futur \u00e0 la t\u00e9l\u00e9vision et plus pr\u00e9cisement sur le mythique fort de France 2. <\/p>\n<p class=\"asset asset-text\">T\u00c9L\u00c9VISION &#8211; Fort d\u2019\u00e9poque, situ\u00e9 entre l\u2019\u00eele d\u2019Aix et l\u2019\u00eele d\u2019Ol\u00e9ron, cherche nouveau pr\u00e9sentateur. Ou pr\u00e9sentatrice\u00a0? Le d\u00e9part de l\u2019animateur de l\u2019\u00e9mission <a href=\"https:\/\/www.huffingtonpost.fr\/france\/article\/fort-boyard-sera-ouvert-au-public-apres-de-grands-travaux-mais-il-va-falloir-etre-patient_232890.html\" target=\"_blank\" rel=\"noopener\">Fort Boyard<\/a>, Olivier Minne, sera d\u00e9finitivement act\u00e9 apr\u00e8s une derni\u00e8re \u00e9mission diffus\u00e9e samedi 30\u00a0ao\u00fbt. Mais en attendant le d\u00e9part \u00e9mu de celui qui aura tenu la fortification la plus c\u00e9l\u00e8bre du PAF entre 2003 et 2025, en coulisses, \u00e7a s\u2019agite d\u00e9j\u00e0 pour lui trouver un rempla\u00e7ant.<\/p>\n<p class=\"asset asset-text\">Et certains ne manquent pas de faire savoir leur disponibilit\u00e9 pour prendre la rel\u00e8ve d\u2019<a href=\"https:\/\/www.huffingtonpost.fr\/medias\/article\/olivier-minne-rejoint-m6-a-la-rentree-prochaine-pour-animer-de-grands-divertissements-sur-la-chaine_249548.html\" target=\"_blank\" rel=\"noopener\" title=\"Nouvelle fen\u00eatre\">Olivier Minne<\/a>. Comme le d\u00e9voile <a href=\"https:\/\/www.gala.fr\/l_actu\/news_de_stars\/exclu-olivier-minne-quitte-fort-boyard-une-celebre-miss-france-a-depose-sa-candidature-pour-le-remplacer-20250820\" target=\"_blank\" rel=\"noopener\" title=\"Nouvelle fen\u00eatre\">Gala<\/a> ce mercredi 20\u00a0ao\u00fbt, l\u2019ancienne <a href=\"https:\/\/www.huffingtonpost.fr\/people\/article\/camille-cerf-ex-miss-france-attend-son-premier-enfant_217172.html\" target=\"_blank\" rel=\"noopener\" title=\"Nouvelle fen\u00eatre\">Miss France Camille Cerf<\/a> serait d\u00e9j\u00e0 pr\u00eate \u00e0 reprendre la clepsydre. Apr\u00e8s avoir \u00e9t\u00e9 candidate pour l\u2019avant-derni\u00e8re \u00e9mission pr\u00e9sent\u00e9e par Olivier Minne (diffus\u00e9e samedi 23\u00a0ao\u00fbt sur France 2), Miss France 2015\u00a0ne cache pas ses ambitions.<\/p>\n<p class=\"asset asset-text\">\u00ab\u00a0Quand j\u2019ai su qu\u2019Olivier Minne partait, j\u2019ai fait savoir que je n\u2019\u00e9tais pas contre l\u2019id\u00e9e d\u2019animer le jeu. Le fort est vraiment une passion. Comme c\u2019est un r\u00eave d\u2019enfant, j\u2019ai d\u00e9pos\u00e9 ma candidature. Bon, je ne pense pas qu\u2019elle a \u00e9t\u00e9 retenue\u00a0\u00bb, d\u00e9voile-t-elle dans une interview \u00e0 para\u00eetre samedi.<\/p>\n<p class=\"asset asset-text\">\u00ab\u00a0J\u2019ai vraiment essay\u00e9 de me d\u00e9fendre alors que je n\u2019aie jamais fait \u00e7a de ma vie. Ce sera peut-\u00eatre pour plus tard. M\u00eame si je pense en \u00eatre capable, je me suis dit que \u00e7a serait difficile de faire mieux qu\u2019Olivier Minne\u00a0\u00bb, d\u00e9veloppe celle que l\u2019on a pu voir sur NRJ12, Gulli ou cette ann\u00e9e <a href=\"https:\/\/www.huffingtonpost.fr\/divertissement\/article\/intervilles-et-topa-la-vachette-reviendront-ils-en-2026-malgre-des-audiences-basses-et-des-critiques-acerbes_252979.html\" target=\"_blank\" rel=\"noopener\">dans Intervilles sur France 2<\/a>.<\/p>\n<p>                     Nouveau bin\u00f4me femme-homme\u00a0?    <\/p>\n<p class=\"asset asset-text\">Si elle pense ne pas avoir \u00e9t\u00e9 retenue, l\u2019id\u00e9e d\u2019une pr\u00e9sentatrice f\u00e9minine pour Fort Boyard commence \u00e0 faire son chemin <a href=\"https:\/\/www.huffingtonpost.fr\/divertissement\/article\/fort-boyard-olivier-minne-rend-un-vibrant-hommage-a-patrice-laffont-avant-un-episode-special_238411.html\" target=\"_blank\" rel=\"noopener\">apr\u00e8s Patrice Laffont\u00a0au lancement du programme<\/a>, Jean-Pierre Castaldi durant deux ans (2000-2002) et Olivier Minne depuis. M\u00eame si des femmes ont parfois \u00e9t\u00e9 choisies comme co-pr\u00e9sentatrices, \u00e0 l\u2019instar d\u2019Anne-Ga\u00eblle Riccio, ce n\u2019est d\u00e9sormais plus le cas.<\/p>\n<p class=\"asset asset-text\">Sur ce sujet, c\u2019est peut-\u00eatre la mascotte de Fort Boyard qui en parle le mieux. Dans une r\u00e9cente interview pour <a href=\"https:\/\/tvmag.lefigaro.fr\/programme-tv\/actu-tele\/yann-le-gac-pere-fouras-dans-fort-boyard-olivier-minne-a-une-grande-place-dans-ma-vie-son-depart-change-beaucoup-de-choses-20250816\" target=\"_blank\" rel=\"noopener\" title=\"Nouvelle fen\u00eatre\">TV Magazine<\/a>, Yann Le Gac (<a href=\"https:\/\/www.huffingtonpost.fr\/medias\/article\/koh-lanta-on-a-rencontre-le-concepteur-de-l-epreuve-des-poteaux_147273.html\" target=\"_blank\" rel=\"noopener\" title=\"Nouvelle fen\u00eatre\">alias P\u00e8re Fouras dans l\u2019\u00e9mission<\/a>) \u00e9mettait l\u2019id\u00e9e d\u2019un retour \u00e0 un duo homme-femme pour pr\u00e9senter le programme de France 2. Visiblement peu convaincu par l\u2019hypoth\u00e8se Cyril F\u00e9raud, il d\u00e9clarait ceci\u00a0: \u00ab\u00a0Pourquoi ne pas envisager une co-animation avec une femme\u00a0? Il y a eu des femmes mais que ce soit\u00a0Sophie Davant, Sarah Lelouch\u00a0ou\u00a0Anne-Ga\u00eblle Riccio, elles avaient plut\u00f4t un r\u00f4le d\u2019accompagnatrice\u00a0\u00bb.<\/p>\n<p class=\"asset asset-text\">\u00ab\u00a0L\u2019animateur, le ma\u00eetre du fort, \u00e9tait plut\u00f4t du c\u00f4t\u00e9 du fort et l\u2019animatrice, du c\u00f4t\u00e9 des candidats en essayant de les encourager, leur donner des conseils. Je trouve que c\u2019est la bonne occasion pour insuffler un peu de f\u00e9minit\u00e9\u00a0\u00bb, plaidait-il au moment d\u2019\u00e9voquer sa perte de motivation pour son personnage apr\u00e8s le d\u00e9part annonc\u00e9 de son \u00ab\u00a0ami\u00a0\u00bb Olivier Minne.<\/p>\n","protected":false},"excerpt":{"rendered":"FRANCOIS LO PRESTI \/ AFP \u00c9lue Miss France en 2015, l\u2019ex reine de beaut\u00e9 imagine bien son futur&hellip;\n","protected":false},"author":2,"featured_media":332348,"comment_status":"","ping_status":"","sticky":false,"template":"","format":"standard","meta":{"footnotes":""},"categories":[4],"tags":[11,17055,251,58,15745,1011,27,594,500,3034,12,25,252],"class_list":{"0":"post-332347","1":"post","2":"type-post","3":"status-publish","4":"format-standard","5":"has-post-thumbnail","7":"category-france","8":"tag-actualites","9":"tag-camille-cerf","10":"tag-culture","11":"tag-divertissement","12":"tag-fort-boyard","13":"tag-fr","14":"tag-france","15":"tag-france-2","16":"tag-medias","17":"tag-miss-france","18":"tag-news","19":"tag-republique-francaise","20":"tag-television"},"share_on_mastodon":{"url":"https:\/\/pubeurope.com\/@fr\/115062881959219507","error":""},"_links":{"self":[{"href":"https:\/\/www.europesays.com\/fr\/wp-json\/wp\/v2\/posts\/332347","targetHints":{"allow":["GET"]}}],"collection":[{"href":"https:\/\/www.europesays.com\/fr\/wp-json\/wp\/v2\/posts"}],"about":[{"href":"https:\/\/www.europesays.com\/fr\/wp-json\/wp\/v2\/types\/post"}],"author":[{"embeddable":true,"href":"https:\/\/www.europesays.com\/fr\/wp-json\/wp\/v2\/users\/2"}],"replies":[{"embeddable":true,"href":"https:\/\/www.europesays.com\/fr\/wp-json\/wp\/v2\/comments?post=332347"}],"version-history":[{"count":0,"href":"https:\/\/www.europesays.com\/fr\/wp-json\/wp\/v2\/posts\/332347\/revisions"}],"wp:featuredmedia":[{"embeddable":true,"href":"https:\/\/www.europesays.com\/fr\/wp-json\/wp\/v2\/media\/332348"}],"wp:attachment":[{"href":"https:\/\/www.europesays.com\/fr\/wp-json\/wp\/v2\/media?parent=332347"}],"wp:term":[{"taxonomy":"category","embeddable":true,"href":"https:\/\/www.europesays.com\/fr\/wp-json\/wp\/v2\/categories?post=332347"},{"taxonomy":"post_tag","embeddable":true,"href":"https:\/\/www.europesays.com\/fr\/wp-json\/wp\/v2\/tags?post=332347"}],"curies":[{"name":"wp","href":"https:\/\/api.w.org\/{rel}","templated":true}]}}