{"id":332353,"date":"2025-08-20T20:05:11","date_gmt":"2025-08-20T20:05:11","guid":{"rendered":"https:\/\/www.europesays.com\/fr\/332353\/"},"modified":"2025-08-20T20:05:11","modified_gmt":"2025-08-20T20:05:11","slug":"rugby-quel-est-ce-club-de-pro-d2-qui-songerait-a-recruter-antoine-dupont","status":"publish","type":"post","link":"https:\/\/www.europesays.com\/fr\/332353\/","title":{"rendered":"Rugby : quel est ce club de Pro D2 qui songerait \u00e0 recruter Antoine Dupont"},"content":{"rendered":"<p>\n                                                                \u00c0 la t\u00eate du Biarritz Olympique depuis cet \u00e9t\u00e9, Pierre-Edouard St\u00e9rin affiche un r\u00eave audacieux : voir Antoine Dupont en rouge et blanc.\n                            <\/p>\n<p>Le Biarritz Olympique s\u2019est offert cet \u00e9t\u00e9 un nouveau souffle avec l\u2019arriv\u00e9e de Pierre-Edouard St\u00e9rin \u00e0 sa pr\u00e9sidence. L\u2019homme d\u2019affaires, qui figure parmi les cent plus grandes fortunes fran\u00e7aises avec un patrimoine estim\u00e9 \u00e0 1,6 milliard d\u2019euros, a rachet\u00e9 les parts de Shaun H\u00e9garty pour assurer la survie du club en Pro D2. \u00c0 Aguil\u00e9ra, il incarne d\u00e9sormais la stabilit\u00e9 financi\u00e8re et surtout l\u2019ambition d\u2019un retour au premier plan.<\/p>\n<p>\u00c0 peine install\u00e9, St\u00e9rin a pr\u00e9sent\u00e9 les grandes lignes de son projet baptis\u00e9 \u00ab\u00a0Brennus 2032\u00a0\u00bb. Dans un message publi\u00e9 sur les r\u00e9seaux sociaux, il a partag\u00e9 la vision d\u2019un BO \u00e0 nouveau champion de France d\u2019ici une d\u00e9cennie. Depuis, il \u00e9change r\u00e9guli\u00e8rement avec la direction sur les leviers de d\u00e9veloppement du club, notamment sur le recrutement.<\/p>\n<p>\u00ab\u00a0Pourquoi pas ?\u00a0\u00bb<\/p>\n<p>C\u2019est sur ce dernier point que son imagination s\u2019est emball\u00e9e. Le milliardaire r\u00eave d\u2019attirer, \u00e0 moyen ou long terme, la plus grande star actuelle du rugby mondial : Antoine Dupont. Le capitaine du XV de France, sous contrat avec le Stade Toulousain jusqu\u2019en 2027, n\u2019est pas libre de ses mouvements, mais St\u00e9rin souhaiterait \u00e9tablir d\u00e8s aujourd\u2019hui un contact, en pr\u00e9vision d\u2019une possible arriv\u00e9e lorsque le joueur entamera la fin de sa carri\u00e8re. En 2032, Antoine Dupont aura 36 ans.<\/p>\n<p>L\u2019op\u00e9ration aurait une port\u00e9e consid\u00e9rable, bien au-del\u00e0 du terrain. L\u2019arriv\u00e9e de Dupont \u00e0 Aguil\u00e9ra remplirait le stade, renforcerait l\u2019image du club et offrirait un coup de projecteur m\u00e9diatique sans pr\u00e9c\u00e9dent au BO. Si Pierre-Edouard St\u00e9rin ne s\u2019exprime pas publiquement sur ce dossier, Cyril Arrosteguy, pr\u00e9sident du directoire, confirme cette ambition aupr\u00e8s du <a href=\"https:\/\/www.rugbyrama.fr\/2025\/08\/20\/pro-d2-biarritz-quand-pierre-edouard-sterin-songe-a-recruter-antoine-dupont-12884704.php\" target=\"_self\" rel=\"nofollow noopener\">Midi Olympique<\/a> : \u00ab\u00a0Il\u00a0n\u2019y a pas de limites \u00e0 notre ambition et pourquoi ne pas essayer de compter Antoine Dupont dans nos rangs \u00e0 moyen terme ?\u00a0\u00bb. Une d\u00e9claration qui en dit long sur les r\u00eaves d\u2019un Biarritz d\u00e9cid\u00e9 \u00e0 retrouver son prestige perdu.<\/p>\n","protected":false},"excerpt":{"rendered":"\u00c0 la t\u00eate du Biarritz Olympique depuis cet \u00e9t\u00e9, Pierre-Edouard St\u00e9rin affiche un r\u00eave audacieux : voir Antoine&hellip;\n","protected":false},"author":2,"featured_media":332354,"comment_status":"","ping_status":"","sticky":false,"template":"","format":"standard","meta":{"footnotes":""},"categories":[1416],"tags":[1011,27,479,1468,60],"class_list":{"0":"post-332353","1":"post","2":"type-post","3":"status-publish","4":"format-standard","5":"has-post-thumbnail","7":"category-rugby","8":"tag-fr","9":"tag-france","10":"tag-rugby","11":"tag-rugby-football","12":"tag-sports"},"share_on_mastodon":{"url":"https:\/\/pubeurope.com\/@fr\/115062893655757922","error":""},"_links":{"self":[{"href":"https:\/\/www.europesays.com\/fr\/wp-json\/wp\/v2\/posts\/332353","targetHints":{"allow":["GET"]}}],"collection":[{"href":"https:\/\/www.europesays.com\/fr\/wp-json\/wp\/v2\/posts"}],"about":[{"href":"https:\/\/www.europesays.com\/fr\/wp-json\/wp\/v2\/types\/post"}],"author":[{"embeddable":true,"href":"https:\/\/www.europesays.com\/fr\/wp-json\/wp\/v2\/users\/2"}],"replies":[{"embeddable":true,"href":"https:\/\/www.europesays.com\/fr\/wp-json\/wp\/v2\/comments?post=332353"}],"version-history":[{"count":0,"href":"https:\/\/www.europesays.com\/fr\/wp-json\/wp\/v2\/posts\/332353\/revisions"}],"wp:featuredmedia":[{"embeddable":true,"href":"https:\/\/www.europesays.com\/fr\/wp-json\/wp\/v2\/media\/332354"}],"wp:attachment":[{"href":"https:\/\/www.europesays.com\/fr\/wp-json\/wp\/v2\/media?parent=332353"}],"wp:term":[{"taxonomy":"category","embeddable":true,"href":"https:\/\/www.europesays.com\/fr\/wp-json\/wp\/v2\/categories?post=332353"},{"taxonomy":"post_tag","embeddable":true,"href":"https:\/\/www.europesays.com\/fr\/wp-json\/wp\/v2\/tags?post=332353"}],"curies":[{"name":"wp","href":"https:\/\/api.w.org\/{rel}","templated":true}]}}