{"id":332357,"date":"2025-08-20T20:08:14","date_gmt":"2025-08-20T20:08:14","guid":{"rendered":"https:\/\/www.europesays.com\/fr\/332357\/"},"modified":"2025-08-20T20:08:14","modified_gmt":"2025-08-20T20:08:14","slug":"aldeguer-le-roi-des-fins-de-course-dont-marquez-cherche-a-sinspirer","status":"publish","type":"post","link":"https:\/\/www.europesays.com\/fr\/332357\/","title":{"rendered":"Aldeguer, le roi des fins de course dont M\u00e1rquez cherche \u00e0 s&rsquo;inspirer"},"content":{"rendered":"<p><a href=\"https:\/\/fr.motorsport.com\/driver\/fermin-aldeguer\/945314\/\" target=\"_blank\" rel=\"noopener nofollow\">Ferm\u00edn Aldeguer<\/a> a fait forte impression en prenant la deuxi\u00e8me place au Grand Prix d&rsquo;Autriche. Cette performance a \u00e9t\u00e9 permise par un rythme tr\u00e8s impressionnant en fin de course.<\/p>\n<p>Le pilote Gresini n&rsquo;a pas v\u00e9ritablement hauss\u00e9 le ton mais il a perdu moins de temps que ses rivaux, qui commen\u00e7aient \u00e0 payer la d\u00e9gradation de leur pneu arri\u00e8re. Si l&rsquo;on exclut le premier tour de l&rsquo;\u00e9preuve, naturellement plus lent puisque les pilotes doivent s&rsquo;\u00e9lancer, il n&rsquo;a pas boucl\u00e9 un tour au-dessus de la barre des 1&rsquo;31, contrairement \u00e0 l&rsquo;int\u00e9gralit\u00e9 de ses rivaux.<\/p>\n<p>En seulement 12 Grands Prix en MotoGP, Aldeguer s&rsquo;est forg\u00e9 une r\u00e9putation de pilote redoutable en fin d&rsquo;\u00e9preuve. Il avait d\u00e9j\u00e0 r\u00e9alis\u00e9 de spectaculaires remont\u00e9es \u00e0 Austin, o\u00f9 il a finalement chut\u00e9, au Mans, th\u00e9\u00e2tre de son premier podium sous la pluie, au Mugello, au Sachsenring et \u00e0 Brno.<\/p>\n<p>\u00ab\u00a0Je me surprends toujours avec mon rythme dans les derniers tours\u00a0\u00bb, a reconnu Aldeguer sur le site officiel du MotoGP. L&rsquo;Espagnol a constat\u00e9 qu&rsquo;il \u00e9tait tr\u00e8s fort dans ce domaine\u00a0: \u00ab\u00a0Je suis le meilleur chez Ducati pour g\u00e9rer le pneu arri\u00e8re, [je le sais] parce qu&rsquo;on a toutes les donn\u00e9es de Michelin. C&rsquo;est comme \u00e7a, je ne sais pas pourquoi, c&rsquo;est mon style\u00a0! Je suis peut-\u00eatre tr\u00e8s propre sur l&rsquo;acc\u00e9l\u00e9rateur, j&rsquo;utilise tr\u00e8s bien les gaz.\u00a0\u00bb<\/p>\n<p>   <img decoding=\"async\" draggable=\"false\" src=\"https:\/\/www.europesays.com\/fr\/wp-content\/uploads\/2025\/08\/1755720493_433_fermin-aldeguer-gresini-racing.jpg\" alt=\"Fermin Aldeguer, Gresini Racing\" width=\"1200\" height=\"800\" loading=\"lazy\"\/> <\/p>\n<p class=\"title\">Ferm\u00edn Aldeguer<\/p>\n<p class=\"photographer\">Photo de: Gold and Goose Photography \/ LAT Images \/ via Getty Images<\/p>\n<p>\u00ab\u00a0C&rsquo;est mon style\u00a0\u00bb, a-t-il r\u00e9sum\u00e9 en conf\u00e9rence de presse au Red Bull Ring. \u00ab\u00a0Je ne fais rien de diff\u00e9rent de quand je travaille chez moi ou en essais. Je pense que c&rsquo;est li\u00e9 \u00e0 ma vitesse en milieu de courbe, ma fa\u00e7on de g\u00e9rer l&rsquo;acc\u00e9l\u00e9rateur, parce que je suis tr\u00e8s propre pour l&rsquo;utiliser. \u00ab\u00a0<\/p>\n<blockquote>\n<p>Si un pilote peut se battre avec Marc dans les derniers tours, c&rsquo;est peut-\u00eatre moi.<\/p>\n<\/blockquote>\n<p>Le rythme affich\u00e9 par Ferm\u00edn Aldeguer a quelque peu inqui\u00e9t\u00e9 <a href=\"https:\/\/fr.motorsport.com\/driver\/marc-marquez\/92646\/\" target=\"_blank\" rel=\"noopener nofollow\">Marc M\u00e1rquez<\/a> \u00e0 Spielberg. \u00ab\u00a0Je savais que parmi les pilotes Ducati, c&rsquo;est celui qui avait la meilleure gestion du pneu\u00a0\u00bb, a <a href=\"https:\/\/fr.motorsport.com\/motogp\/news\/marquez-un-peu-peur-aldeguer-pas-controle\/10751431\/\" rel=\"nofollow noopener\" target=\"_blank\">confi\u00e9 le leader du championnat<\/a>. Aldeguer a conscience que, quand les derniers tours arrivent, il peut rivaliser avec tout le monde.<\/p>\n<p>\u00ab\u00a0En moi, je sais que si un pilote peut se battre avec Marc dans les derniers tours, c&rsquo;est peut-\u00eatre moi. Mais je suis un d\u00e9butant, il faut continuer \u00e0 travailler, ne pas penser \u00e0 la victoire maintenant, continuer \u00e0 tout donner, rester sur la bonne voie, dans cette progression.\u00a0\u00bb<\/p>\n<p>Les fr\u00e8res M\u00e1rquez admiratifs<\/p>\n<p>La capacit\u00e9 d&rsquo;Aldeguer \u00e0 g\u00e9rer son pneu arri\u00e8re suscite en tout cas les louanges des autres pilotes Ducati. <a href=\"https:\/\/fr.motorsport.com\/driver\/alex-marquez\/96324\/\" target=\"_blank\" rel=\"noopener nofollow\">\u00c1lex M\u00e1rquez<\/a> avait d\u00e9j\u00e0 remarqu\u00e9 le potentiel de son co\u00e9quipier et n&rsquo;a pas \u00e9t\u00e9 surpris de le voir sur le podium.<\/p>\n<p>\u00ab\u00a0Si vous regardez le rythme du sprint, je pense qu&rsquo;\u00e0 trois tours de la fin, il \u00e9tait le seul en 1&rsquo;29, et il a roul\u00e9 en 1&rsquo;29&Prime;4\u00a0\u00bb, soulignait le deuxi\u00e8me du championnat apr\u00e8s la course. \u00ab\u00a0Je m&rsquo;attendais \u00e0 le voir sur le podium [dimanche], sinc\u00e8rement, en partant de la deuxi\u00e8me ligne. Il a fait un travail incroyable. On l&rsquo;avait d\u00e9j\u00e0 vu \u00e0 Austin.\u00a0\u00bb<\/p>\n<p>\u00ab\u00a0\u00c7a d\u00e9pend des pistes, sur certaines il sollicite beaucoup le pneu, et sur certaines il est le meilleur. Il est tr\u00e8s constant sur \u00e7a. [&#8230;] Il \u00e9tait le meilleur pour g\u00e9rer le pneu [samedi] et encore [dimanche]. Il avait la vitesse et il en a profit\u00e9.\u00a0\u00bb<\/p>\n<p>   <img decoding=\"async\" draggable=\"false\" src=\"https:\/\/www.europesays.com\/fr\/wp-content\/uploads\/2025\/08\/1755720494_254_fermin-aldeguer-gresini-racing.jpg\" alt=\"Fermin Aldeguer, Gresini Racing\" width=\"1200\" height=\"800\" loading=\"lazy\"\/> <\/p>\n<p class=\"title\">Ferm\u00edn Aldeguer<\/p>\n<p class=\"photographer\">Photo de: Gold and Goose Photography \/ LAT Images \/ via Getty Images<\/p>\n<p>Marc M\u00e1rquez commence \u00e0 surveiller de pr\u00e8s les performances de Ferm\u00edn Aldeguer. Le pilote Ducati a l&rsquo;habitude d&rsquo;\u00eatre le plus performant dans les virages \u00e0 gauche mais apr\u00e8s les essais, il a remarqu\u00e9 que le d\u00e9butant \u00e9tait meilleur que lui dans deux courbes au Red Bull Ring, ce qui l&rsquo;aidait pour \u00e9conomiser son pneu, et il a voulu s&rsquo;inspirer de son pilotage.<\/p>\n<p>\u00ab\u00a0J&rsquo;ai v\u00e9rifi\u00e9 ses donn\u00e9es dans le secteur 3, ce double virage sur la gauche et un seul \u00e0 droite, et il \u00e9tait plus rapide que moi\u00a0\u00bb, a confi\u00e9 M\u00e1rquez. \u00ab\u00a0Je me suis dit qu&rsquo;il faisait quelque chose dans les virages \u00e0 gauche. J&rsquo;ai vu qu&rsquo;il gardait beaucoup de vitesse en courbe. Avec la carcasse [renforc\u00e9e du pneu arri\u00e8re] que l&rsquo;on avait ce week-end, c&rsquo;est une chose qu&rsquo;il fallait faire.\u00a0\u00bb<\/p>\n<p>\u00ab\u00a0Dans un virage stop-and-go, si l&rsquo;arri\u00e8re flotte, \u00e0 l&rsquo;acc\u00e9l\u00e9ration on n&rsquo;a pas ce grip en plus. Ici, on avait une carcasse diff\u00e9rente et cette vitesse en courbe l&rsquo;aidait \u00e0 pr\u00e9server le pneu, \u00e0 garder la vitesse et \u00e0 ne pas beaucoup solliciter le pneu. J&rsquo;ai essay\u00e9 de le copier un peu dans ces deux virages. Pour le reste, j&rsquo;ai pilot\u00e9 \u00e0 ma fa\u00e7on parce que dans les virages \u00e0 droite, il est super bon et il pilote diff\u00e9remment.\u00a0\u00bb<\/p>\n<p>Des progr\u00e8s \u00e0 faire<\/p>\n<p>Ferm\u00edn Aldeguer ne veut pas uniquement s&rsquo;appuyer sur ses forces actuelles. Il estime avoir encore beaucoup d&rsquo;exp\u00e9rience \u00e0 prendre et des domaines \u00e0 am\u00e9liorer pour pouvoir r\u00e9ellement devenir un pr\u00e9tendant \u00e0 la victoire.<\/p>\n<p>\u00ab\u00a0L&rsquo;une des choses sur lesquelles je veux travailler, c&rsquo;est ce d\u00e9but de course. Je veux faire plus d&rsquo;essais de d\u00e9part, je veux \u00eatre dans les premi\u00e8res places dans les premiers tours, pour faciliter les courses. C&rsquo;est une saison d&rsquo;apprentissage, on a cet &lsquo;avantage&rsquo; dans la derni\u00e8re partie de la course et il faut en profiter.\u00a0\u00bb<\/p>\n<p>\u00ab\u00a0Je dois travailler pour redresser la moto, pour adapter mon style \u00e0 cette moto, pour \u00eatre plus performant sur d&rsquo;autres pistes, mais on progresse tr\u00e8s vite et je pense que toute mon \u00e9quipe et tout Ducati sont tr\u00e8s heureux de mon adaptation\u00a0\u00bb, a-t-il r\u00e9sum\u00e9.<\/p>\n<p>Lire aussi :<\/p>\n<p>Dans cet article<\/p>\n<p>Soyez le premier inform\u00e9 et souscrivez aux alertes mails pour recevoir les infos en temps r\u00e9el<\/p>\n<p>    S&rsquo;abonner aux alertes de news<\/p>\n","protected":false},"excerpt":{"rendered":"Ferm\u00edn Aldeguer a fait forte impression en prenant la deuxi\u00e8me place au Grand Prix d&rsquo;Autriche. Cette performance a&hellip;\n","protected":false},"author":2,"featured_media":332358,"comment_status":"","ping_status":"","sticky":false,"template":"","format":"standard","meta":{"footnotes":""},"categories":[1413],"tags":[46954,3453,1011,27,34489,3452,46955,1457,1456,1458,34490,60],"class_list":{"0":"post-332357","1":"post","2":"type-post","3":"status-publish","4":"format-standard","5":"has-post-thumbnail","7":"category-moto","8":"tag-aldeguer","9":"tag-fermu00edn-aldeguer","10":"tag-fr","11":"tag-france","12":"tag-gp-dautriche","13":"tag-gresini-racing","14":"tag-le-roi-des-fins-de-course-dont-mu00e1rquez-cherche-u00e0-sinspirer","15":"tag-moto","16":"tag-motocycle","17":"tag-motogp","18":"tag-red-bull-ring","19":"tag-sports"},"share_on_mastodon":{"url":"https:\/\/pubeurope.com\/@fr\/115062905903196888","error":""},"_links":{"self":[{"href":"https:\/\/www.europesays.com\/fr\/wp-json\/wp\/v2\/posts\/332357","targetHints":{"allow":["GET"]}}],"collection":[{"href":"https:\/\/www.europesays.com\/fr\/wp-json\/wp\/v2\/posts"}],"about":[{"href":"https:\/\/www.europesays.com\/fr\/wp-json\/wp\/v2\/types\/post"}],"author":[{"embeddable":true,"href":"https:\/\/www.europesays.com\/fr\/wp-json\/wp\/v2\/users\/2"}],"replies":[{"embeddable":true,"href":"https:\/\/www.europesays.com\/fr\/wp-json\/wp\/v2\/comments?post=332357"}],"version-history":[{"count":0,"href":"https:\/\/www.europesays.com\/fr\/wp-json\/wp\/v2\/posts\/332357\/revisions"}],"wp:featuredmedia":[{"embeddable":true,"href":"https:\/\/www.europesays.com\/fr\/wp-json\/wp\/v2\/media\/332358"}],"wp:attachment":[{"href":"https:\/\/www.europesays.com\/fr\/wp-json\/wp\/v2\/media?parent=332357"}],"wp:term":[{"taxonomy":"category","embeddable":true,"href":"https:\/\/www.europesays.com\/fr\/wp-json\/wp\/v2\/categories?post=332357"},{"taxonomy":"post_tag","embeddable":true,"href":"https:\/\/www.europesays.com\/fr\/wp-json\/wp\/v2\/tags?post=332357"}],"curies":[{"name":"wp","href":"https:\/\/api.w.org\/{rel}","templated":true}]}}