{"id":332366,"date":"2025-08-20T20:13:17","date_gmt":"2025-08-20T20:13:17","guid":{"rendered":"https:\/\/www.europesays.com\/fr\/332366\/"},"modified":"2025-08-20T20:13:17","modified_gmt":"2025-08-20T20:13:17","slug":"bassin-olympique-sur-le-toit-et-architecture-futuriste-a-toulouse-le-projet-fou-de-cite-de-la-natation","status":"publish","type":"post","link":"https:\/\/www.europesays.com\/fr\/332366\/","title":{"rendered":"Bassin olympique sur le toit et architecture futuriste\u00a0: \u00e0 Toulouse, le projet fou de Cit\u00e9 de la natation"},"content":{"rendered":"<p>\n                                                                    l&rsquo;essentiel<br \/>\n                                                                Les Dauphins du Toec, le club de L\u00e9on Marchand, sont d\u00e9sormais propri\u00e9taires du terrain c\u00e9d\u00e9 par la mairie de Toulouse o\u00f9 sera construite la Cit\u00e9 de la natation, sur l\u2019\u00eele du Ramier. Un b\u00e2timent futuriste avec bassin olympique sur le toit attendu pour 2028.\n                            <\/p>\n<p>\u00ab\u00a0\u2005Sur l\u2019\u00eele du Ramier, le Grand Parc Garonne a l\u2019ambition d\u2019\u00eatre un grand lieu de vie. Et nous voulons y construire quelque chose de prestigieux. Nous avons l\u2019ambition de b\u00e2tir un beau site. Non seulement pour de belles performances sportives mais aussi pour faire beau.\u00a0\u00bb Pr\u00e9sident des Dauphins du Toec, Vincent Gardeau, comme un sportif de haut niveau, m\u00eame s\u2019il se fixe un objectif, reste humble.<\/p>\n<p>Car le projet de Cit\u00e9 de la natation, port\u00e9 par le club centenaire de L\u00e9on Marchand, <a href=\"https:\/\/www.ladepeche.fr\/2022\/10\/30\/dossier-dauphins-du-toec-la-fabrique-a-champions-bientot-une-cite-de-la-natation-a-toulouse-10772627.php\" target=\"_self\" rel=\"nofollow noopener\">d\u00e9voil\u00e9 en 2022<\/a>, a d\u00e9j\u00e0 fait du chemin. Et du cabinet d\u2019architecture du Toulousain Jean-Paul Viguier, en collaboration avec le bureau d\u2019\u00e9tudes Betem et Nova Consulting, sont sorties des vues de synth\u00e8se qui en disent plus. Elles laissent deviner un b\u00e2timent contemporain, qui va surprendre par ses mat\u00e9riaux, son style, son audace\u2026<\/p>\n<p>Construit tr\u00e8s s\u00e9rieusement, c\u2019est m\u00eame un projet un peu fou qui va na\u00eetre ici. Et unique de cette ampleur dans l\u2019Hexagone.<\/p>\n<p>Un bassin en or<\/p>\n<p>Sur pilotis pour cause de zone inondable comme toute l\u2019\u00eele du Ramier, la Cit\u00e9 de la natation offrira 10\u00a0000\u00a0m2 sur cinq niveaux qui s\u2019\u00e9tageront tel un plongeoir au milieu des arbres.<\/p>\n<p>        <img decoding=\"async\" class=\"std-img__img responsive-img\" src=\"https:\/\/www.europesays.com\/fr\/wp-content\/uploads\/2025\/08\/1755720795_272_image.jpg\" alt=\"Le grand bassin sera sur le toit du b\u00e2timent, au cinqui\u00e8me niveau.\"\/><\/p>\n<p>                Le grand bassin sera sur le toit du b\u00e2timent, au cinqui\u00e8me niveau.<br \/>\n                                    Viguier<\/p>\n<p>Et, sur son toit, \u00e0 21 m\u00e8tres de hauteur, culminera le grand bassin olympique long de 50 m\u00e8tres et large de dix couloirs. D\u00e9j\u00e0 baptis\u00e9 L\u00e9on Marchand, il a \u00e9t\u00e9 conquis de haute lutte par le club et la mairie, apr\u00e8s les JO de Paris o\u00f9 il a servi, pour \u00eatre install\u00e9 \u00e0 Toulouse, chez les Dauphins. Une forme de concr\u00e9tisation pour la Cit\u00e9 de la natation que le club porte avant m\u00eame les exploits de L\u00e9on Marchand.<\/p>\n<p>        <img decoding=\"async\" class=\"std-img__img responsive-img\" src=\"https:\/\/www.europesays.com\/fr\/wp-content\/uploads\/2025\/08\/1755720796_496_image.jpg\" alt=\"Le bassin olympique culminera \u00e0 21 m\u00e8tres de hauteur.\"\/><\/p>\n<p>                Le bassin olympique culminera \u00e0 21 m\u00e8tres de hauteur.<br \/>\n                                    Viguier<\/p>\n<p>\nCe mercredi, \u00e0 l\u2019entr\u00e9e de la piscine Castex, o\u00f9 les Dauphins s\u2019entra\u00eenent et que fr\u00e9quente encore de temps en temps le champion olympique, le maire, Jean-Luc Moudenc, et Vincent Gardeau ont symboliquement sign\u00e9 un protocole qui marque une avanc\u00e9e concr\u00e8te. En juin, la mairie et la M\u00e9tropole ont vendu au club la parcelle o\u00f9 sera b\u00e2tie la Cit\u00e9 de la natation. Occup\u00e9e aujourd\u2019hui par le hall 7 de l\u2019ex-Parc des expos qui sera d\u00e9truit, elle est attenante \u00e0 Castex.<\/p>\n<p>        <img decoding=\"async\" class=\"std-img__img responsive-img\" src=\"https:\/\/www.europesays.com\/fr\/wp-content\/uploads\/2025\/08\/1755720797_295_image.jpg\" alt=\"Vincent Gardeau (\u00e0 g.) et Jean-Luc Moudenc ont sign\u00e9 un protocole pour la vente du terrain.\"\/><\/p>\n<p>                Vincent Gardeau (\u00e0 g.) et Jean-Luc Moudenc ont sign\u00e9 un protocole pour la vente du terrain.<br \/>\n                                    DDM &#8211; MARC SALVET<\/p>\n<p>Voil\u00e0 donc les Dauphins chez eux. Le pr\u00e9sident pr\u00e9voit le d\u00e9p\u00f4t du permis de construire \u00e0 l\u2019automne, un d\u00e9but des travaux mi-2026 et une inauguration en 2028.<\/p>\n<p>Vincent Gardeau l\u2019a rappel\u00e9\u00a0: les nageurs sont \u00e0 l\u2019\u00e9troit dans les piscines municipales. Et l\u2019effet L\u00e9on Marchand est l\u00e0\u00a0: le club est pass\u00e9 \u00e0 2000 adh\u00e9rents \u00e0 la rentr\u00e9e 2024 contre 1\u00a0650. Avantage pour la mairie\u00a0: \u00ab\u00a0800\u00a0heures par semaine de cr\u00e9neaux de nage vont \u00eatre lib\u00e9r\u00e9es dans les piscines\u00a0\u00bb, a soulign\u00e9 Jean-Luc Moudenc. \u00ab\u00a0Ce centre d\u2019excellence profitera \u00e0 tous.\u00a0\u00bb<\/p>\n<p>Les Dauphins ont le soutien de l\u2019Etat, de la mairie, des conseils r\u00e9gional et d\u00e9partemental, soit 16,4 M\u20ac de subvention pour un investissement de 33\u00a0M\u20ac qui sera compl\u00e9t\u00e9 par des partenaires priv\u00e9s, un emprunt et une souscription aupr\u00e8s des Toulousains.<\/p>\n","protected":false},"excerpt":{"rendered":"l&rsquo;essentiel Les Dauphins du Toec, le club de L\u00e9on Marchand, sont d\u00e9sormais propri\u00e9taires du terrain c\u00e9d\u00e9 par la&hellip;\n","protected":false},"author":2,"featured_media":332367,"comment_status":"","ping_status":"","sticky":false,"template":"","format":"standard","meta":{"footnotes":""},"categories":[1358],"tags":[1348,1384,1385,1386,58,59,1011,27],"class_list":{"0":"post-332366","1":"post","2":"type-post","3":"status-publish","4":"format-standard","5":"has-post-thumbnail","7":"category-arts-et-design","8":"tag-arts","9":"tag-arts-and-design","10":"tag-arts-et-design","11":"tag-design","12":"tag-divertissement","13":"tag-entertainment","14":"tag-fr","15":"tag-france"},"share_on_mastodon":{"url":"https:\/\/pubeurope.com\/@fr\/115062926999861463","error":""},"_links":{"self":[{"href":"https:\/\/www.europesays.com\/fr\/wp-json\/wp\/v2\/posts\/332366","targetHints":{"allow":["GET"]}}],"collection":[{"href":"https:\/\/www.europesays.com\/fr\/wp-json\/wp\/v2\/posts"}],"about":[{"href":"https:\/\/www.europesays.com\/fr\/wp-json\/wp\/v2\/types\/post"}],"author":[{"embeddable":true,"href":"https:\/\/www.europesays.com\/fr\/wp-json\/wp\/v2\/users\/2"}],"replies":[{"embeddable":true,"href":"https:\/\/www.europesays.com\/fr\/wp-json\/wp\/v2\/comments?post=332366"}],"version-history":[{"count":0,"href":"https:\/\/www.europesays.com\/fr\/wp-json\/wp\/v2\/posts\/332366\/revisions"}],"wp:featuredmedia":[{"embeddable":true,"href":"https:\/\/www.europesays.com\/fr\/wp-json\/wp\/v2\/media\/332367"}],"wp:attachment":[{"href":"https:\/\/www.europesays.com\/fr\/wp-json\/wp\/v2\/media?parent=332366"}],"wp:term":[{"taxonomy":"category","embeddable":true,"href":"https:\/\/www.europesays.com\/fr\/wp-json\/wp\/v2\/categories?post=332366"},{"taxonomy":"post_tag","embeddable":true,"href":"https:\/\/www.europesays.com\/fr\/wp-json\/wp\/v2\/tags?post=332366"}],"curies":[{"name":"wp","href":"https:\/\/api.w.org\/{rel}","templated":true}]}}