{"id":332368,"date":"2025-08-20T20:14:16","date_gmt":"2025-08-20T20:14:16","guid":{"rendered":"https:\/\/www.europesays.com\/fr\/332368\/"},"modified":"2025-08-20T20:14:16","modified_gmt":"2025-08-20T20:14:16","slug":"anne-percin-recoit-un-prix-pour-son-roman-les-loups-de-babylone","status":"publish","type":"post","link":"https:\/\/www.europesays.com\/fr\/332368\/","title":{"rendered":"Anne Percin re\u00e7oit un prix pour son roman Les loups de Babylone."},"content":{"rendered":"<p>Bepolar.fr respecte les droits d\u2019auteur et s\u2019est toujours engag\u00e9 \u00e0 \u00eatre rigoureux sur ce point, dans le respect du travail des artistes que nous cherchons \u00e0 valoriser. Les photos sont utilis\u00e9es \u00e0 des fins illustratives et non dans un but d\u2019exploitation commerciale. et nous veillons \u00e0 n\u2019illustrer nos articles qu\u2019avec des photos fournis dans les dossiers de presse pr\u00e9vues pour cette utilisation. Cependant, si vous, lecteur &#8211; anonyme, distributeur, attach\u00e9 de presse, artiste, photographe constatez qu\u2019une photo est diffus\u00e9e sur Bepolar.fr alors que les droits ne sont pas respect\u00e9s, ayez la gentillesse de contacter la <a href=\"https:\/\/www.bepolar.fr\/mailto:redaction@bepolar.fr\" class=\"spip_mail\" rel=\"nofollow noopener\" target=\"_blank\">r\u00e9daction<\/a>. Nous nous engageons \u00e0 retirer toutes photos litigieuses. Merci pour votre compr\u00e9hension.<\/p>\n","protected":false},"excerpt":{"rendered":"Bepolar.fr respecte les droits d\u2019auteur et s\u2019est toujours engag\u00e9 \u00e0 \u00eatre rigoureux sur ce point, dans le respect&hellip;\n","protected":false},"author":2,"featured_media":332369,"comment_status":"","ping_status":"","sticky":false,"template":"","format":"standard","meta":{"footnotes":""},"categories":[1357],"tags":[46956,1379,58,59,1011,27,1380],"class_list":{"0":"post-332368","1":"post","2":"type-post","3":"status-publish","4":"format-standard","5":"has-post-thumbnail","7":"category-livres","8":"tag-anne-percin-recoit-un-prix-pour-son-roman-les-loups-de-babylone","9":"tag-books","10":"tag-divertissement","11":"tag-entertainment","12":"tag-fr","13":"tag-france","14":"tag-livres"},"share_on_mastodon":{"url":"https:\/\/pubeurope.com\/@fr\/115062929045261861","error":""},"_links":{"self":[{"href":"https:\/\/www.europesays.com\/fr\/wp-json\/wp\/v2\/posts\/332368","targetHints":{"allow":["GET"]}}],"collection":[{"href":"https:\/\/www.europesays.com\/fr\/wp-json\/wp\/v2\/posts"}],"about":[{"href":"https:\/\/www.europesays.com\/fr\/wp-json\/wp\/v2\/types\/post"}],"author":[{"embeddable":true,"href":"https:\/\/www.europesays.com\/fr\/wp-json\/wp\/v2\/users\/2"}],"replies":[{"embeddable":true,"href":"https:\/\/www.europesays.com\/fr\/wp-json\/wp\/v2\/comments?post=332368"}],"version-history":[{"count":0,"href":"https:\/\/www.europesays.com\/fr\/wp-json\/wp\/v2\/posts\/332368\/revisions"}],"wp:featuredmedia":[{"embeddable":true,"href":"https:\/\/www.europesays.com\/fr\/wp-json\/wp\/v2\/media\/332369"}],"wp:attachment":[{"href":"https:\/\/www.europesays.com\/fr\/wp-json\/wp\/v2\/media?parent=332368"}],"wp:term":[{"taxonomy":"category","embeddable":true,"href":"https:\/\/www.europesays.com\/fr\/wp-json\/wp\/v2\/categories?post=332368"},{"taxonomy":"post_tag","embeddable":true,"href":"https:\/\/www.europesays.com\/fr\/wp-json\/wp\/v2\/tags?post=332368"}],"curies":[{"name":"wp","href":"https:\/\/api.w.org\/{rel}","templated":true}]}}