{"id":332370,"date":"2025-08-20T20:15:46","date_gmt":"2025-08-20T20:15:46","guid":{"rendered":"https:\/\/www.europesays.com\/fr\/332370\/"},"modified":"2025-08-20T20:15:46","modified_gmt":"2025-08-20T20:15:46","slug":"la-date-de-sortie-et-les-premieres-images-devoilees","status":"publish","type":"post","link":"https:\/\/www.europesays.com\/fr\/332370\/","title":{"rendered":"La date de sortie et les premi\u00e8res images d\u00e9voil\u00e9es"},"content":{"rendered":"<p>Netflix vient d&rsquo;annoncer la date de sortie de la saison 5 d&rsquo;Emily in Paris. Une cinqui\u00e8me salve qui se partage entre Paris et l&rsquo;Italie, comme on peut le voir sur les premi\u00e8res images d\u00e9voil\u00e9es, sur lesquelles l&rsquo;h\u00e9ro\u00efne jou\u00e9e par Lily Collins s&rsquo;offre une petite vir\u00e9e \u00e0 Venise. <\/p>\n<p>Un an et demi apr\u00e8s la sortie de la saison 4,<a href=\"https:\/\/www.programme-tv.net\/news\/series-tv\/384730-emily-in-paris-tout-le-monde-ma-dit-non-ces-acteurs-francais-qui-refusent-de-rejoindre-la-serie-netflix\/\" data-api-deeplink=\"teleloisirs:\/\/news\/384730\" target=\"_blank\" rel=\"noopener\"> Emily in Paris<\/a> fait son retour sur Netflix ! Ce mercredi 20 ao\u00fbt, la plateforme de streaming vient de d\u00e9voiler la <a href=\"https:\/\/www.programme-tv.net\/news\/series-tv\/314930-netflix-toutes-les-dates-de-sortie-de-vos-series-preferees-de-2023\/\" data-api-deeplink=\"teleloisirs:\/\/news\/314930\" target=\"_blank\" rel=\"noopener\">date de sortie<\/a> de la saison 5 de la plus fran\u00e7aise de ses s\u00e9ries am\u00e9ricaines. Et si l\u2019heure est \u00e0 l\u2019\u00e9t\u00e9 et \u00e0 la dolce vita sur la plupart des photos accompagnant cette ann\u00e9e, <a href=\"https:\/\/www.programme-tv.net\/news\/series-tv\/362079-emily-in-paris-saison-5-netflix-casting-intrigues-les-premieres-informations-sur-les-prochains-episodes-de-la-serie\/\" data-api-deeplink=\"teleloisirs:\/\/news\/362079\" target=\"_blank\" rel=\"noopener\">la saison 5 d\u2019Emily in Paris<\/a> sera en fait diffus\u00e9e cet hiver, le 18 d\u00e9cembre 2025 plus pr\u00e9cis\u00e9ment ! Comme il fallait s\u2019y attendre au vu de la fin de la saison 4, une grande partie de ces nouveaux \u00e9pisodes d\u2019Emily in Paris se d\u00e9roulera\u2026 en Italie ! Souvenez-vous : apr\u00e8s sa rupture avec Gabriel, Emily se rapprochait du s\u00e9duisant Marcello, un Italien, et se voyait offrir l\u2019opportunit\u00e9 de travailler pour le nouveau bureau de l\u2019Agence Grateau \u00e0 Rome. <a href=\"https:\/\/www.programme-tv.net\/news\/series-tv\/362486-emily-in-paris-detendez-vous-la-reponse-tres-drole-du-maire-de-rome-a-emmanuel-macron\/\" data-api-deeplink=\"teleloisirs:\/\/news\/362486\" target=\"_blank\" rel=\"noopener\">Une d\u00e9localisation de la s\u00e9rie de Netflix qui avait fait parler m\u00eame jusqu&rsquo;aux hautes sph\u00e8res politiques !<\/a><\/p>\n<p>                        Emily in Paris : \u00e0 quoi faut-il s\u2019attendre dans la saison 5 sur Netflix ?<\/p>\n<p>Mais que r\u00e9serve cette cinqui\u00e8me saison d\u2019Emily in Paris aux fans ? \u00ab\u00a0D\u00e9sormais \u00e0 la t\u00eate de l\u2019Agence Grateau \u00e0 Rome, Emily fait face \u00e0 de nouveaux challenges professionnels et romantiques, alors qu\u2019elle s\u2019adapte \u00e0 sa vie dans une nouvelle vie, indique Netflix dans une communiqu\u00e9. Mais alors que tout semble se mettre en place, une id\u00e9e au travail va se retourner contre elle et d\u00e9clencher une cascade de c\u0153urs bris\u00e9s et de revers professionnels.\u00a0\u00bb Faut-il y voir le signe d\u2019une nouvelle rupture pour l&rsquo;h\u00e9ro\u00efne jou\u00e9e par <a href=\"https:\/\/www.programme-tv.net\/news\/people\/370894-lily-collins-emily-in-paris-et-son-mari-partagent-de-tendres-photos-apres-la-naissance-de-leur-fille\/\" data-api-deeplink=\"teleloisirs:\/\/news\/370894\" target=\"_blank\" rel=\"noopener\">Lily Collins <\/a>et se pr\u00e9parer \u00e0 dire, nous aussi, adieu \u00e0 Marcello ?<\/p>\n<p>Emily in Paris saison 5 : un gros secret va \u00e9clater et \u00ab\u00a0menacer l\u2019une de ses relations les plus proches\u00a0\u00bb<\/p>\n<p>\u00ab\u00a0Cherchant de la stabilit\u00e9, Emily va se r\u00e9fugier dans son mode de vie fran\u00e7ais, jusqu\u2019\u00e0 ce qu\u2019un gros secret menace l\u2019une de ses relations les plus proches. En affrontant ce conflit avec honn\u00eatet\u00e9, Emily en ressortira avec des liens renforc\u00e9s et une nouvelle clart\u00e9 et capacit\u00e9 \u00e0 saisir les opportunit\u00e9s.\u00a0\u00bb Voil\u00e0 de quoi attiser notre curiosit\u00e9 ! En attendant de d\u00e9couvrir ces nouveaux \u00e9pisodes \u00e0 partir du 18 d\u00e9cembre sur Netflix, vous pouvez d\u00e9couvrir les premi\u00e8res images de cette saison 5.<\/p>\n<p>            Emily in Paris : les premi\u00e8res photos de la saison 5 sans Mich\u00e8le Laroque ou Bryan Greenberg<\/p>\n<p>L\u2019occasion de voir que l\u2019h\u00e9ro\u00efne va s\u2019offrir une petit vir\u00e9e \u00e0 Venise, une premi\u00e8re pour la s\u00e9rie qui aime poser ses cam\u00e9ras dans un nouvel endroit chaque ann\u00e9e. En revanche, pas de trace sur ces photos des nouveaux acteurs annonc\u00e9s au casting de cette saison 5, l\u2019actrice am\u00e9ricaine <a href=\"https:\/\/www.programme-tv.net\/biographie\/17633-driver-minnie\/\" data-link-people=\"c5782edc-79df-4c8d-ac0d-1920111d7042\" target=\"_blank\" rel=\"noopener\">Minnie Driver<\/a>, <a href=\"https:\/\/www.programme-tv.net\/news\/series-tv\/382503-emily-in-paris-une-celebre-actrice-francaise-et-un-acteur-phare-des-freres-scott-rejoignent-la-saison-5\/\" data-api-deeplink=\"teleloisirs:\/\/news\/382503\" target=\"_blank\" rel=\"noopener\">l\u2019ancien acteur des Fr\u00e8res Scott Bryan Greenberg<\/a> ou la com\u00e9dienne fran\u00e7aise <a href=\"https:\/\/www.programme-tv.net\/news\/series-tv\/384668-ils-lont-tout-de-suite-adoree-michele-laroque-a-impressionne-lequipe-demily-in-paris-sur-le-tournage-de-la-saison-5\/\" data-api-deeplink=\"teleloisirs:\/\/news\/384668\" target=\"_blank\" rel=\"noopener\">Mich\u00e8le Laroque, qui a impressionn\u00e9 la production sur le tournage. <\/a><\/p>\n<blockquote class=\"twitter-tweet\">\n<p lang=\"en\" dir=\"ltr\">Benvenuto! Emily in Paris Season 5 arrives DECEMBER 18! <\/p>\n<p>Here&rsquo;s your first look: <a href=\"https:\/\/t.co\/HA1aWiCzlS\">pic.twitter.com\/HA1aWiCzlS<\/a><\/p>\n<p>\u2014 Netflix (@netflix) <a href=\"https:\/\/twitter.com\/netflix\/status\/1958182235519017428?ref_src=twsrc%5Etfw\" target=\"_blank\" rel=\"noopener\">August 20, 2025<\/a><\/p><\/blockquote>\n<p>        <script async src=\"https:\/\/platform.twitter.com\/widgets.js\" charset=\"utf-8\"><\/script><\/p>\n","protected":false},"excerpt":{"rendered":"Netflix vient d&rsquo;annoncer la date de sortie de la saison 5 d&rsquo;Emily in Paris. Une cinqui\u00e8me salve qui&hellip;\n","protected":false},"author":2,"featured_media":332371,"comment_status":"","ping_status":"","sticky":false,"template":"","format":"standard","meta":{"footnotes":""},"categories":[1356],"tags":[244,58,11739,59,1011,27,12512,127,1722,1721,4496,129,252,1364],"class_list":{"0":"post-332370","1":"post","2":"type-post","3":"status-publish","4":"format-standard","5":"has-post-thumbnail","7":"category-television","8":"tag-commentaire","9":"tag-divertissement","10":"tag-emily-in-paris","11":"tag-entertainment","12":"tag-fr","13":"tag-france","14":"tag-lily-collins","15":"tag-netflix","16":"tag-pub-streaming-netflix","17":"tag-su00e9rie-netflix","18":"tag-superstream","19":"tag-svod","20":"tag-television","21":"tag-tv"},"share_on_mastodon":{"url":"https:\/\/pubeurope.com\/@fr\/115062933008996989","error":""},"_links":{"self":[{"href":"https:\/\/www.europesays.com\/fr\/wp-json\/wp\/v2\/posts\/332370","targetHints":{"allow":["GET"]}}],"collection":[{"href":"https:\/\/www.europesays.com\/fr\/wp-json\/wp\/v2\/posts"}],"about":[{"href":"https:\/\/www.europesays.com\/fr\/wp-json\/wp\/v2\/types\/post"}],"author":[{"embeddable":true,"href":"https:\/\/www.europesays.com\/fr\/wp-json\/wp\/v2\/users\/2"}],"replies":[{"embeddable":true,"href":"https:\/\/www.europesays.com\/fr\/wp-json\/wp\/v2\/comments?post=332370"}],"version-history":[{"count":0,"href":"https:\/\/www.europesays.com\/fr\/wp-json\/wp\/v2\/posts\/332370\/revisions"}],"wp:featuredmedia":[{"embeddable":true,"href":"https:\/\/www.europesays.com\/fr\/wp-json\/wp\/v2\/media\/332371"}],"wp:attachment":[{"href":"https:\/\/www.europesays.com\/fr\/wp-json\/wp\/v2\/media?parent=332370"}],"wp:term":[{"taxonomy":"category","embeddable":true,"href":"https:\/\/www.europesays.com\/fr\/wp-json\/wp\/v2\/categories?post=332370"},{"taxonomy":"post_tag","embeddable":true,"href":"https:\/\/www.europesays.com\/fr\/wp-json\/wp\/v2\/tags?post=332370"}],"curies":[{"name":"wp","href":"https:\/\/api.w.org\/{rel}","templated":true}]}}