{"id":332375,"date":"2025-08-20T20:21:40","date_gmt":"2025-08-20T20:21:40","guid":{"rendered":"https:\/\/www.europesays.com\/fr\/332375\/"},"modified":"2025-08-20T20:21:40","modified_gmt":"2025-08-20T20:21:40","slug":"lyon-le-nombre-de-cas-dhepatites-a-en-hausse-de-356-dans-le-rhone","status":"publish","type":"post","link":"https:\/\/www.europesays.com\/fr\/332375\/","title":{"rendered":"Lyon. Le nombre de cas d\u2019h\u00e9patites A en hausse de 356\u00a0% dans le Rh\u00f4ne"},"content":{"rendered":"<p>La hausse est importante. Depuis le d\u00e9but de l\u2019ann\u00e9e 2025, une augmentation du nombre de cas d\u2019h\u00e9patites A est observ\u00e9e dans le d\u00e9partement du Rh\u00f4ne par rapport aux ann\u00e9es pr\u00e9c\u00e9dentes\u00a0: 73 cas d\u00e9clar\u00e9s entre le 1er\u00a0janvier et le 31\u00a0juillet 2025, contre 16 cas \u00e0 la m\u00eame p\u00e9riode en 2024 et en 2023. Soit une augmentation de 356\u00a0%, selon un bilan \u00e9voqu\u00e9, le 19\u00a0ao\u00fbt, par la Direction g\u00e9n\u00e9rale de la sant\u00e9 dans une note adress\u00e9e aux professionnels de sant\u00e9.<\/p>\n<p>Dans une pr\u00e9c\u00e9dente communication, l\u2019Agence r\u00e9gionale de sant\u00e9 Auvergne Rh\u00f4ne-Alpes \u00e9voquait <a href=\"https:\/\/www.leprogres.fr\/sante\/2025\/08\/06\/recrudescence-des-cas-d-hepatite-a-en-region-lyonnaise-voici-les-bons-gestes-a-adopter\" target=\"_blank\" rel=\"nofollow noopener\">plus d\u2019une quarantaine de cas<\/a> depuis le mois de juin, \u00ab\u00a0dans un contexte de recrudescence des contaminations en Europe\u00a0\u00bb.<\/p>\n<p>  D\u00e9j\u00e0 57 cas depuis le 1er\u00a0juillet<\/p>\n<p>Cependant, la tendance s\u2019acc\u00e9l\u00e8re dans la r\u00e9gion lyonnaise avec 34 cas signal\u00e9s en juillet et d\u00e9j\u00e0 23 cas d\u00e9clar\u00e9s entre le 1er et le 13\u00a0ao\u00fbt. Ces cas sont \u00ab\u00a0majoritairement localis\u00e9s dans la ville de Lyon et plus sp\u00e9cifiquement au niveau du 7e arrondissement\u00a0\u00bb. Cependant, \u00ab\u00a0\u00e0 ce stade, aucune hypoth\u00e8se permettant d\u2019expliquer la recrudescence n\u2019a \u00e9t\u00e9 identifi\u00e9e. Les investigations sont en cours\u00a0\u00bb, pr\u00e9cisent les autorit\u00e9s de sant\u00e9.<\/p>\n<p>Les cas sont des adultes, en majorit\u00e9 \u00e2g\u00e9s de moins de 65 ans (pas de cas p\u00e9diatriques). Les caract\u00e9ristiques (\u00e2ge moyen, sympt\u00f4mes, hospitalisation) \u00ab\u00a0ne sont pas diff\u00e9rentes de celles des ann\u00e9es pr\u00e9c\u00e9dentes\u00a0\u00bb, constate la DGS qui invite m\u00e9decins, infirmiers, sages-femmes et pharmaciens \u00e0 \u00eatre \u00ab\u00a0vigilants face \u00e0 des patients pr\u00e9sentant des sympt\u00f4mes compatibles, m\u00eame sans notion d\u2019exposition \u00e9vidente\u00a0\u00bb, et \u00e0 demander un bilan h\u00e9patique ainsi qu\u2019une s\u00e9rologie.<\/p>\n<p><a href=\"https:\/\/www.leprogres.fr\/magazine-sante\/2025\/07\/30\/et-si-vous-aviez-une-hepatite-sans-le-savoir-c-est-le-cas-de-60-des-personnes-infectees-en-europe\" target=\"_blank\" rel=\"nofollow noopener\">L\u2019h\u00e9patite A,<\/a> qui se transmet par voie oro-f\u00e9cale, peut se manifester par la pr\u00e9sence de fi\u00e8vre, douleurs abdominales, naus\u00e9es, perte d\u2019app\u00e9tit, asth\u00e9nie et ict\u00e8re. Dans la majorit\u00e9 des cas, elle gu\u00e9rit spontan\u00e9ment sans s\u00e9quelles. Le risque de s\u00e9v\u00e9rit\u00e9 et de mortalit\u00e9 augmente avec l\u2019\u00e2ge et en pr\u00e9sence de comorbidit\u00e9s h\u00e9patiques.<\/p>\n","protected":false},"excerpt":{"rendered":"La hausse est importante. Depuis le d\u00e9but de l\u2019ann\u00e9e 2025, une augmentation du nombre de cas d\u2019h\u00e9patites A&hellip;\n","protected":false},"author":2,"featured_media":332376,"comment_status":"","ping_status":"","sticky":false,"template":"","format":"standard","meta":{"footnotes":""},"categories":[10],"tags":[2757,107,1011,27,72,2428,2756,2429,71],"class_list":{"0":"post-332375","1":"post","2":"type-post","3":"status-publish","4":"format-standard","5":"has-post-thumbnail","7":"category-sante","8":"tag-edition-lyon-villeurbanne","9":"tag-fil-info","10":"tag-fr","11":"tag-france","12":"tag-health","13":"tag-lyon","14":"tag-lyon-bassin","15":"tag-rhone","16":"tag-sante"},"share_on_mastodon":{"url":"https:\/\/pubeurope.com\/@fr\/115062956589455527","error":""},"_links":{"self":[{"href":"https:\/\/www.europesays.com\/fr\/wp-json\/wp\/v2\/posts\/332375","targetHints":{"allow":["GET"]}}],"collection":[{"href":"https:\/\/www.europesays.com\/fr\/wp-json\/wp\/v2\/posts"}],"about":[{"href":"https:\/\/www.europesays.com\/fr\/wp-json\/wp\/v2\/types\/post"}],"author":[{"embeddable":true,"href":"https:\/\/www.europesays.com\/fr\/wp-json\/wp\/v2\/users\/2"}],"replies":[{"embeddable":true,"href":"https:\/\/www.europesays.com\/fr\/wp-json\/wp\/v2\/comments?post=332375"}],"version-history":[{"count":0,"href":"https:\/\/www.europesays.com\/fr\/wp-json\/wp\/v2\/posts\/332375\/revisions"}],"wp:featuredmedia":[{"embeddable":true,"href":"https:\/\/www.europesays.com\/fr\/wp-json\/wp\/v2\/media\/332376"}],"wp:attachment":[{"href":"https:\/\/www.europesays.com\/fr\/wp-json\/wp\/v2\/media?parent=332375"}],"wp:term":[{"taxonomy":"category","embeddable":true,"href":"https:\/\/www.europesays.com\/fr\/wp-json\/wp\/v2\/categories?post=332375"},{"taxonomy":"post_tag","embeddable":true,"href":"https:\/\/www.europesays.com\/fr\/wp-json\/wp\/v2\/tags?post=332375"}],"curies":[{"name":"wp","href":"https:\/\/api.w.org\/{rel}","templated":true}]}}