{"id":332393,"date":"2025-08-20T20:36:46","date_gmt":"2025-08-20T20:36:46","guid":{"rendered":"https:\/\/www.europesays.com\/fr\/332393\/"},"modified":"2025-08-20T20:36:46","modified_gmt":"2025-08-20T20:36:46","slug":"dimanche-au-kiosque-concert-des-atoms","status":"publish","type":"post","link":"https:\/\/www.europesays.com\/fr\/332393\/","title":{"rendered":"Dimanche au kiosque concert des Atom\u2019s"},"content":{"rendered":"<p>Compos\u00e9 de cinq musiciens, deux chanteuses et deux chanteurs, les Atom\u2019s se produiront au kiosque du parc Sainte-Th\u00e9r\u00e8se. A leur programme figure de la vari\u00e9t\u00e9 fran\u00e7aise et internationale des ann\u00e9es 60 \u00e0 aujourd\u2019hui. Ils reprendront des titres de Michel Sardou, ABBA, Johnny Hallyday, T\u00e9l\u00e9phone, AC\/DC, Bruel, Indochine\u2026<\/p>\n<p class=\"note\">Dimanche 24\u00a0ao\u00fbt, \u00e0 16\u00a0h, au kiosque du parc Sainte-Th\u00e9r\u00e8se, \u00e0 Ludres. Ouvert \u00e0 tous.<\/p>\n","protected":false},"excerpt":{"rendered":"Compos\u00e9 de cinq musiciens, deux chanteuses et deux chanteurs, les Atom\u2019s se produiront au kiosque du parc Sainte-Th\u00e9r\u00e8se.&hellip;\n","protected":false},"author":2,"featured_media":332394,"comment_status":"","ping_status":"","sticky":false,"template":"","format":"standard","meta":{"footnotes":""},"categories":[9635],"tags":[1111,11,1687,1704,1777,674,1011,27,775,11413,9649,873,1702,12,25],"class_list":{"0":"post-332393","1":"post","2":"type-post","3":"status-publish","4":"format-standard","5":"has-post-thumbnail","7":"category-nancy","8":"tag-actu","9":"tag-actualites","10":"tag-culture-loisirs","11":"tag-edition-nancy-et-agglomeration","12":"tag-eu","13":"tag-europe","14":"tag-fr","15":"tag-france","16":"tag-grand-est","17":"tag-ludres","18":"tag-metropole-du-grand-nancy-54b2","19":"tag-musique","20":"tag-nancy","21":"tag-news","22":"tag-republique-francaise"},"share_on_mastodon":{"url":"https:\/\/pubeurope.com\/@fr\/115063015564734156","error":""},"_links":{"self":[{"href":"https:\/\/www.europesays.com\/fr\/wp-json\/wp\/v2\/posts\/332393","targetHints":{"allow":["GET"]}}],"collection":[{"href":"https:\/\/www.europesays.com\/fr\/wp-json\/wp\/v2\/posts"}],"about":[{"href":"https:\/\/www.europesays.com\/fr\/wp-json\/wp\/v2\/types\/post"}],"author":[{"embeddable":true,"href":"https:\/\/www.europesays.com\/fr\/wp-json\/wp\/v2\/users\/2"}],"replies":[{"embeddable":true,"href":"https:\/\/www.europesays.com\/fr\/wp-json\/wp\/v2\/comments?post=332393"}],"version-history":[{"count":0,"href":"https:\/\/www.europesays.com\/fr\/wp-json\/wp\/v2\/posts\/332393\/revisions"}],"wp:featuredmedia":[{"embeddable":true,"href":"https:\/\/www.europesays.com\/fr\/wp-json\/wp\/v2\/media\/332394"}],"wp:attachment":[{"href":"https:\/\/www.europesays.com\/fr\/wp-json\/wp\/v2\/media?parent=332393"}],"wp:term":[{"taxonomy":"category","embeddable":true,"href":"https:\/\/www.europesays.com\/fr\/wp-json\/wp\/v2\/categories?post=332393"},{"taxonomy":"post_tag","embeddable":true,"href":"https:\/\/www.europesays.com\/fr\/wp-json\/wp\/v2\/tags?post=332393"}],"curies":[{"name":"wp","href":"https:\/\/api.w.org\/{rel}","templated":true}]}}