{"id":332395,"date":"2025-08-20T20:37:27","date_gmt":"2025-08-20T20:37:27","guid":{"rendered":"https:\/\/www.europesays.com\/fr\/332395\/"},"modified":"2025-08-20T20:37:27","modified_gmt":"2025-08-20T20:37:27","slug":"houdemont-decouverte-du-patrimoine-au-fil-dune-balade-contee","status":"publish","type":"post","link":"https:\/\/www.europesays.com\/fr\/332395\/","title":{"rendered":"Houdemont. D\u00e9couverte du patrimoine au fil d\u2019une balade cont\u00e9e"},"content":{"rendered":"<p>Destination Nancy propose une balade d\u00e9couverte cont\u00e9e, orient\u00e9e sur le patrimoine b\u00e2ti et naturel de la commune. Le colporteur de r\u00eaves, St\u00e9phane Kneubuhler, con\u00e7oit ses contes en s\u2019inspirant des l\u00e9gendes et de l\u2019histoire de la commune et en y ajoutant une touche f\u00e9erique de fantaisie personnelle. La balade se terminera sur le site du Rucher bleu, o\u00f9 l\u2019association des \u00ab\u00a0Ruchers houdemontais\u00a0\u00bb accueillera les participants avec une collation dont le miel est au c\u0153ur des d\u00e9gustations. Le comit\u00e9 des f\u00eates, Ecovillage et le CEL participeront \u00e9galement \u00e0 cette rencontre.<\/p>\n<p>Il est conseill\u00e9 de porter des chaussures de marche et de prendre un v\u00eatement adapt\u00e9 aux fra\u00eeches soir\u00e9es.<\/p>\n<p class=\"note\"> Vendredi 29\u00a0ao\u00fbt, \u00e0 19\u00a0h\u00a030, rendez-vous parking de la Ronch\u00e8re, 18, rue de Nancy, \u00e0 Houdemont. Tarif\u00a0: 5\u00a0\u20ac. Sur r\u00e9servations au 03\u00a083\u00a035\u00a080\u00a010.<\/p>\n","protected":false},"excerpt":{"rendered":"Destination Nancy propose une balade d\u00e9couverte cont\u00e9e, orient\u00e9e sur le patrimoine b\u00e2ti et naturel de la commune. Le&hellip;\n","protected":false},"author":2,"featured_media":332396,"comment_status":"","ping_status":"","sticky":false,"template":"","format":"standard","meta":{"footnotes":""},"categories":[9635],"tags":[1111,11,7782,1687,1704,1777,674,1011,27,775,17190,9649,1702,12,25],"class_list":{"0":"post-332395","1":"post","2":"type-post","3":"status-publish","4":"format-standard","5":"has-post-thumbnail","7":"category-nancy","8":"tag-actu","9":"tag-actualites","10":"tag-balades-et-randonnees","11":"tag-culture-loisirs","12":"tag-edition-nancy-et-agglomeration","13":"tag-eu","14":"tag-europe","15":"tag-fr","16":"tag-france","17":"tag-grand-est","18":"tag-houdemont","19":"tag-metropole-du-grand-nancy-54b2","20":"tag-nancy","21":"tag-news","22":"tag-republique-francaise"},"share_on_mastodon":{"url":"https:\/\/pubeurope.com\/@fr\/115063019513237903","error":""},"_links":{"self":[{"href":"https:\/\/www.europesays.com\/fr\/wp-json\/wp\/v2\/posts\/332395","targetHints":{"allow":["GET"]}}],"collection":[{"href":"https:\/\/www.europesays.com\/fr\/wp-json\/wp\/v2\/posts"}],"about":[{"href":"https:\/\/www.europesays.com\/fr\/wp-json\/wp\/v2\/types\/post"}],"author":[{"embeddable":true,"href":"https:\/\/www.europesays.com\/fr\/wp-json\/wp\/v2\/users\/2"}],"replies":[{"embeddable":true,"href":"https:\/\/www.europesays.com\/fr\/wp-json\/wp\/v2\/comments?post=332395"}],"version-history":[{"count":0,"href":"https:\/\/www.europesays.com\/fr\/wp-json\/wp\/v2\/posts\/332395\/revisions"}],"wp:featuredmedia":[{"embeddable":true,"href":"https:\/\/www.europesays.com\/fr\/wp-json\/wp\/v2\/media\/332396"}],"wp:attachment":[{"href":"https:\/\/www.europesays.com\/fr\/wp-json\/wp\/v2\/media?parent=332395"}],"wp:term":[{"taxonomy":"category","embeddable":true,"href":"https:\/\/www.europesays.com\/fr\/wp-json\/wp\/v2\/categories?post=332395"},{"taxonomy":"post_tag","embeddable":true,"href":"https:\/\/www.europesays.com\/fr\/wp-json\/wp\/v2\/tags?post=332395"}],"curies":[{"name":"wp","href":"https:\/\/api.w.org\/{rel}","templated":true}]}}