{"id":332398,"date":"2025-08-20T20:39:12","date_gmt":"2025-08-20T20:39:12","guid":{"rendered":"https:\/\/www.europesays.com\/fr\/332398\/"},"modified":"2025-08-20T20:39:12","modified_gmt":"2025-08-20T20:39:12","slug":"toulon-meteo-jeudi-retour-du-beau-temps-sur-la-region-sud","status":"publish","type":"post","link":"https:\/\/www.europesays.com\/fr\/332398\/","title":{"rendered":"TOULON : M\u00e9t\u00e9o &#8211; Jeudi, retour du beau temps sur la r\u00e9gion Sud"},"content":{"rendered":"<p><strong>Le mistral chasse les derniers nuages, avec des rafales pouvant atteindre 55 km\/h.<\/strong><\/p>\n<p>Le matin, les temp\u00e9ratures sont agr\u00e9ables 13\u00b0 et 20\u00b0.<br \/>L\u2019apr\u00e8s-midi, douceur g\u00e9n\u00e9ralis\u00e9e : 23\u00b0 dans les Alpes du Sud du c\u00f4t\u00e9 de\u00a0<strong>Digne-les-Bains<\/strong>, 26\u00b0 sur\u00a0<strong>Aix<\/strong>\u00a0et\u00a0<strong>Marseille<\/strong>, 27\u00b0 \u00e0\u00a0<strong>Avignon<\/strong>, mais aussi sur\u00a0<strong>Toulon, La Valette, Hy\u00e8res<\/strong>\u00a0et\u00a0<strong>Carqueiranne<\/strong>.<br \/>Le mercure grimpe encore avec 28\u00b0 attendus \u00e0\u00a0<strong>La Londe<\/strong>\u00a0et\u00a0<strong>Le Lavandou.<\/strong><\/p>\n<p><strong>ComLaRadio\u00a0<\/strong><br \/><strong>Thierry CARI<\/strong><br \/><strong>Voix Off<\/strong><br \/><strong>Animateur \/ pr\u00e9sentateur<\/strong><br \/><strong><a href=\"https:\/\/presseagence.fr\/toulon-meteo-jeudi-retour-du-beau-temps-sur-la-region-sud\/mailto:Contact@thierrycari.com\" rel=\"nofollow noopener\" target=\"_blank\">Contact@thierrycari.com<\/a><\/strong><br \/><strong><a href=\"http:\/\/www.thierrycari.com\" rel=\"nofollow noopener\" target=\"_blank\">www.thierrycari.com<\/a><\/strong><\/p>\n","protected":false},"excerpt":{"rendered":"Le mistral chasse les derniers nuages, avec des rafales pouvant atteindre 55 km\/h. Le matin, les temp\u00e9ratures sont&hellip;\n","protected":false},"author":2,"featured_media":252142,"comment_status":"","ping_status":"","sticky":false,"template":"","format":"standard","meta":{"footnotes":""},"categories":[9619],"tags":[1111,11,1777,674,1011,27,12,882,25,2310],"class_list":{"0":"post-332398","1":"post","2":"type-post","3":"status-publish","4":"format-standard","5":"has-post-thumbnail","7":"category-toulon","8":"tag-actu","9":"tag-actualites","10":"tag-eu","11":"tag-europe","12":"tag-fr","13":"tag-france","14":"tag-news","15":"tag-provence-alpes-cote-dazur","16":"tag-republique-francaise","17":"tag-toulon"},"share_on_mastodon":{"url":"https:\/\/pubeurope.com\/@fr\/115063027363938242","error":""},"_links":{"self":[{"href":"https:\/\/www.europesays.com\/fr\/wp-json\/wp\/v2\/posts\/332398","targetHints":{"allow":["GET"]}}],"collection":[{"href":"https:\/\/www.europesays.com\/fr\/wp-json\/wp\/v2\/posts"}],"about":[{"href":"https:\/\/www.europesays.com\/fr\/wp-json\/wp\/v2\/types\/post"}],"author":[{"embeddable":true,"href":"https:\/\/www.europesays.com\/fr\/wp-json\/wp\/v2\/users\/2"}],"replies":[{"embeddable":true,"href":"https:\/\/www.europesays.com\/fr\/wp-json\/wp\/v2\/comments?post=332398"}],"version-history":[{"count":0,"href":"https:\/\/www.europesays.com\/fr\/wp-json\/wp\/v2\/posts\/332398\/revisions"}],"wp:featuredmedia":[{"embeddable":true,"href":"https:\/\/www.europesays.com\/fr\/wp-json\/wp\/v2\/media\/252142"}],"wp:attachment":[{"href":"https:\/\/www.europesays.com\/fr\/wp-json\/wp\/v2\/media?parent=332398"}],"wp:term":[{"taxonomy":"category","embeddable":true,"href":"https:\/\/www.europesays.com\/fr\/wp-json\/wp\/v2\/categories?post=332398"},{"taxonomy":"post_tag","embeddable":true,"href":"https:\/\/www.europesays.com\/fr\/wp-json\/wp\/v2\/tags?post=332398"}],"curies":[{"name":"wp","href":"https:\/\/api.w.org\/{rel}","templated":true}]}}