{"id":332401,"date":"2025-08-20T20:41:21","date_gmt":"2025-08-20T20:41:21","guid":{"rendered":"https:\/\/www.europesays.com\/fr\/332401\/"},"modified":"2025-08-20T20:41:21","modified_gmt":"2025-08-20T20:41:21","slug":"pres-de-montpellier-des-tags-nazis-decouverts-sur-une-aire-daccueil-des-gens-du-voyage","status":"publish","type":"post","link":"https:\/\/www.europesays.com\/fr\/332401\/","title":{"rendered":"Pr\u00e8s de Montpellier, des tags nazis d\u00e9couverts sur une aire d&rsquo;accueil des gens du voyage"},"content":{"rendered":"<p>\t\t\t\t<a href=\"https:\/\/www.europesays.com\/fr\/wp-content\/uploads\/2025\/08\/1755722481_901_image.png\" data-lightbox=\"lb\" data-title=\"Les inscriptions ont \u00e9t\u00e9 d\u00e9couvertes le 12 ao\u00fbt dernier sur l'aire de grand passage des gens du voyage de Mauguio. (DR)\"><br \/>\n\t\t\t\t\t<img decoding=\"async\" class=\"wp-image-7214 size-full\" src=\"https:\/\/www.europesays.com\/fr\/wp-content\/uploads\/2025\/08\/1755722481_901_image.png\"\/><br \/>\n\t\t\t\t<\/a><\/p>\n<p>Les inscriptions ont \u00e9t\u00e9 d\u00e9couvertes le 12 ao\u00fbt dernier sur l&rsquo;aire de grand passage des gens du voyage de Mauguio. (DR)<\/p>\n<p><strong>Les inscriptions ont \u00e9t\u00e9 d\u00e9couvertes le 12 ao\u00fbt dernier sur l\u2019aire de grand passage des gens du voyage de Mauguio. Une plainte a \u00e9t\u00e9 d\u00e9pos\u00e9e<\/strong><\/p>\n<p>C\u2019est Andr\u00e9 G\u00e9nissieux, pr\u00e9sident local du Mouvement contre le racisme et pour l\u2019amiti\u00e9 entre les peuples (MRAP), qui a fait cette d\u00e9couverte, le 12 ao\u00fbt dernier, alors qu\u2019il allait \u00e0 la rencontre des occupants de l\u2019aire de grand passage des gens du voyage de Mauguio dans le cadre des missions de son association. Les \u00e9quipements \u00e9lectriques de l\u2019aire d\u2019accueil \u00e9taient couverts de croix gamm\u00e9es et autres inscriptions nazies.<\/p>\n<p>Dans un communiqu\u00e9, le MRAP s\u2019inqui\u00e8te d\u2019une \u201cmenace r\u00e9elle\u201d pour les occupants de l\u2019aire, et d\u00e9nonce \u201cune offense \u00e0 la m\u00e9moire des victimes du nazisme\u201d. Une plainte a \u00e9t\u00e9 d\u00e9pos\u00e9e. <\/p>\n<p>Nos articles sont gratuits car nous pensons que la presse ind\u00e9pendante doit \u00eatre accessible \u00e0 toutes et tous. Pourtant, produire une information engag\u00e9e et de qualit\u00e9 n\u00e9cessite du temps et de l\u2019argent, surtout quand on refuse d\u2019\u00eatre aux ordres de Bollor\u00e9 et de ses amis\u2026 Pourvu que \u00e7a dure\u00a0! \u00c7a tombe bien, \u00e7a ne tient qu\u2019\u00e0 vous :<\/p>\n","protected":false},"excerpt":{"rendered":"Les inscriptions ont \u00e9t\u00e9 d\u00e9couvertes le 12 ao\u00fbt dernier sur l&rsquo;aire de grand passage des gens du voyage&hellip;\n","protected":false},"author":2,"featured_media":332402,"comment_status":"","ping_status":"","sticky":false,"template":"","format":"standard","meta":{"footnotes":""},"categories":[9599],"tags":[1111,11,1777,674,1011,27,2208,12,2680,25],"class_list":{"0":"post-332401","1":"post","2":"type-post","3":"status-publish","4":"format-standard","5":"has-post-thumbnail","7":"category-montpellier","8":"tag-actu","9":"tag-actualites","10":"tag-eu","11":"tag-europe","12":"tag-fr","13":"tag-france","14":"tag-montpellier","15":"tag-news","16":"tag-occitanie","17":"tag-republique-francaise"},"share_on_mastodon":{"url":"https:\/\/pubeurope.com\/@fr\/115063036261450018","error":""},"_links":{"self":[{"href":"https:\/\/www.europesays.com\/fr\/wp-json\/wp\/v2\/posts\/332401","targetHints":{"allow":["GET"]}}],"collection":[{"href":"https:\/\/www.europesays.com\/fr\/wp-json\/wp\/v2\/posts"}],"about":[{"href":"https:\/\/www.europesays.com\/fr\/wp-json\/wp\/v2\/types\/post"}],"author":[{"embeddable":true,"href":"https:\/\/www.europesays.com\/fr\/wp-json\/wp\/v2\/users\/2"}],"replies":[{"embeddable":true,"href":"https:\/\/www.europesays.com\/fr\/wp-json\/wp\/v2\/comments?post=332401"}],"version-history":[{"count":0,"href":"https:\/\/www.europesays.com\/fr\/wp-json\/wp\/v2\/posts\/332401\/revisions"}],"wp:featuredmedia":[{"embeddable":true,"href":"https:\/\/www.europesays.com\/fr\/wp-json\/wp\/v2\/media\/332402"}],"wp:attachment":[{"href":"https:\/\/www.europesays.com\/fr\/wp-json\/wp\/v2\/media?parent=332401"}],"wp:term":[{"taxonomy":"category","embeddable":true,"href":"https:\/\/www.europesays.com\/fr\/wp-json\/wp\/v2\/categories?post=332401"},{"taxonomy":"post_tag","embeddable":true,"href":"https:\/\/www.europesays.com\/fr\/wp-json\/wp\/v2\/tags?post=332401"}],"curies":[{"name":"wp","href":"https:\/\/api.w.org\/{rel}","templated":true}]}}