{"id":332403,"date":"2025-08-20T20:48:42","date_gmt":"2025-08-20T20:48:42","guid":{"rendered":"https:\/\/www.europesays.com\/fr\/332403\/"},"modified":"2025-08-20T20:48:42","modified_gmt":"2025-08-20T20:48:42","slug":"lavant-match-gshc-vs-bdl","status":"publish","type":"post","link":"https:\/\/www.europesays.com\/fr\/332403\/","title":{"rendered":"L\u2019avant-match : GSHC vs BDL"},"content":{"rendered":"<p>Les Grenat poursuivent leur pr\u00e9paration avec un nouveau rendez-vous ce mercredi. Cette fois-ci, ils affrontent les Br\u00fbleurs de Loups \u00e0 la Patinoire des Vergers (Meyrin), coup d\u2019envoi \u00e0 19h30. Face \u00e0 des Grenoblois qui viendront le couteau entre les dents, l\u2019objectif sera de continuer \u00e0 poser les bases de la saison. Certaines alchimies commencent d\u00e9j\u00e0 \u00e0 bien fonctionner : la triplette Vesey &#8211; Jooris &#8211; Praplan ou encore celle des Finlandais Granlund &#8211; Manninen &#8211; Puljuj\u00e4rvi. Deux lignes qui seront d\u2019ailleurs reconduites mercredi. De jeunes joueurs tirent aussi leur \u00e9pingle du jeu (Ignatavicius, Schneller), et les gardiens affichent une grande forme !<\/p>\n<p>Face aux champions de France, Yorick Treille et sa troupe devront livrer un match solide, sous peine de se faire surprendre. Si l\u2019adversaire semble plus faible sur le papier, il reste sur une performance de choix face \u00e0 Fribourg-Gott\u00e9ron (d\u00e9faite 2-1 en prolongation). Il faudra surtout se m\u00e9fier de Christophe Boivin ! Le Qu\u00e9b\u00e9cois de 29 ans a inscrit 34 buts la saison derni\u00e8re en Ligue Magnus et demeure l\u2019un des fers de lance de l\u2019\u00e9quipe. Cette rencontre sera aussi l\u2019occasion d\u2019une r\u00e9union familiale : Sacha, le petit fr\u00e8re de Yorick, est le capitaine de la formation grenobloise. L\u2019attaquant, ancien international, porte le num\u00e9ro 77 et devrait \u00e9voluer sur le deuxi\u00e8me bloc des BDL.<\/p>\n<p>C\u00f4t\u00e9 genevois, c\u2019est la m\u00eame \u00e9quipe que face \u00e0 Bremerhaven qui sera align\u00e9e ce mercredi \u00e0 Meyrin. Seule diff\u00e9rence : Robert Mayer sera titulaire dans les buts. Matthew Verboon, touch\u00e9 lundi, tiendra finalement sa place au centre du 4e bloc. En revanche, Jason Akeson, Taylor Beck, Marco Miranda, Tanner Richard, Luca Hischier et Tim Bozon sont m\u00e9nag\u00e9s ou bless\u00e9s.<\/p>\n<p><strong>S\u00e9ance de d\u00e9dicaces<\/strong><\/p>\n<p>Entre 18h et 19h, le GSHC organise une s\u00e9ance de d\u00e9dicaces avec Taylor Beck, Tanner Richard et Tim Bozon. Elle aura lieu \u00e0 l\u2019ext\u00e9rieur de la patinoire, o\u00f9 des cartes seront mises \u00e0 disposition. Les supporters pourront aussi apporter leurs maillots, \u00e9charpes et autres objets \u00e0 faire signer.<\/p>\n<p>Ce quatri\u00e8me match de pr\u00e9paration aura lieu \u00e0 la Patinoire des Vergers, \u00e0 Meyrin, dans le cadre de la Coupe des Bains, d\u00e8s 19h30. Le Gen\u00e8ve-Servette affrontera les Br\u00fbleurs de Loups (Grenoble, FRA).<\/p>\n","protected":false},"excerpt":{"rendered":"Les Grenat poursuivent leur pr\u00e9paration avec un nouveau rendez-vous ce mercredi. Cette fois-ci, ils affrontent les Br\u00fbleurs de&hellip;\n","protected":false},"author":2,"featured_media":332404,"comment_status":"","ping_status":"","sticky":false,"template":"","format":"standard","meta":{"footnotes":""},"categories":[9566],"tags":[1111,11,2430,1777,674,1011,27,2731,12,25],"class_list":{"0":"post-332403","1":"post","2":"type-post","3":"status-publish","4":"format-standard","5":"has-post-thumbnail","7":"category-grenoble","8":"tag-actu","9":"tag-actualites","10":"tag-auvergne-rhone-alpes","11":"tag-eu","12":"tag-europe","13":"tag-fr","14":"tag-france","15":"tag-grenoble","16":"tag-news","17":"tag-republique-francaise"},"share_on_mastodon":{"url":"https:\/\/pubeurope.com\/@fr\/115063062937597953","error":""},"_links":{"self":[{"href":"https:\/\/www.europesays.com\/fr\/wp-json\/wp\/v2\/posts\/332403","targetHints":{"allow":["GET"]}}],"collection":[{"href":"https:\/\/www.europesays.com\/fr\/wp-json\/wp\/v2\/posts"}],"about":[{"href":"https:\/\/www.europesays.com\/fr\/wp-json\/wp\/v2\/types\/post"}],"author":[{"embeddable":true,"href":"https:\/\/www.europesays.com\/fr\/wp-json\/wp\/v2\/users\/2"}],"replies":[{"embeddable":true,"href":"https:\/\/www.europesays.com\/fr\/wp-json\/wp\/v2\/comments?post=332403"}],"version-history":[{"count":0,"href":"https:\/\/www.europesays.com\/fr\/wp-json\/wp\/v2\/posts\/332403\/revisions"}],"wp:featuredmedia":[{"embeddable":true,"href":"https:\/\/www.europesays.com\/fr\/wp-json\/wp\/v2\/media\/332404"}],"wp:attachment":[{"href":"https:\/\/www.europesays.com\/fr\/wp-json\/wp\/v2\/media?parent=332403"}],"wp:term":[{"taxonomy":"category","embeddable":true,"href":"https:\/\/www.europesays.com\/fr\/wp-json\/wp\/v2\/categories?post=332403"},{"taxonomy":"post_tag","embeddable":true,"href":"https:\/\/www.europesays.com\/fr\/wp-json\/wp\/v2\/tags?post=332403"}],"curies":[{"name":"wp","href":"https:\/\/api.w.org\/{rel}","templated":true}]}}