{"id":332405,"date":"2025-08-20T20:49:46","date_gmt":"2025-08-20T20:49:46","guid":{"rendered":"https:\/\/www.europesays.com\/fr\/332405\/"},"modified":"2025-08-20T20:49:46","modified_gmt":"2025-08-20T20:49:46","slug":"ces-frere-et-soeur-se-sont-lance-dans-un-defi-fou-a-velo","status":"publish","type":"post","link":"https:\/\/www.europesays.com\/fr\/332405\/","title":{"rendered":"ces fr\u00e8re et s\u0153ur se sont lanc\u00e9 dans un d\u00e9fi fou \u00e0 v\u00e9lo"},"content":{"rendered":"<p>            Par<br \/>\n        <strong><br \/>\n            <a href=\"https:\/\/actu.fr\/auteur\/journaliste-pm\" title=\"Consulter tous les articles de R\u00e9daction Saint-Malo\" target=\"_blank\" rel=\"noopener\">R\u00e9daction Saint-Malo<\/a><br \/>\n        <\/strong><\/p>\n<p>        Publi\u00e9 le<\/p>\n<p>            20 ao\u00fbt 2025 \u00e0 7h46        <\/p>\n<p>Le 15\u00a0ao\u00fbt 2025, Artus et Marie Guinoiseau, de <a href=\"https:\/\/actu.fr\/bretagne\/dinard_35093\" target=\"_blank\" rel=\"noopener\">Dinard<\/a> (Ille-et-Vilaine), ont donn\u00e9 rendez-vous \u00e0 leur famille et \u00e0 leurs proches soutiens au Cap Fr\u00e9hel (C\u00f4tes-d\u2019Armor). Apr\u00e8s un pique-nique convivial, ils ont pris le d\u00e9part d\u2019une aventure extraordinaire \u00e0 v\u00e9lo qui les conduira en Afrique du Sud, en ao\u00fbt\u00a02026.<\/p>\n<p>Fr\u00e8re et s\u0153ur<\/p>\n<p class=\" wall-content\">Artus, \u00e2g\u00e9 de 21\u00a0ans, porte ce projet depuis deux ans dans l\u2019objectif de rallier la Bretagne \u00e0 l\u2019Afrique du Sud \u00e0 v\u00e9lo, en passant par l\u2019Espagne, le D\u00e9troit de Gibraltar et les c\u00f4tes africaines. Pour accomplir ce <a href=\"https:\/\/actu.fr\/tag\/defi\" target=\"_blank\" rel=\"noopener\">d\u00e9fi<\/a>, baptis\u00e9 \u00ab\u2009Cap ou pas cap\u2009\u00bb, ils vont devoir parcourir 20\u2009000 kilom\u00e8tres, du Cap Fr\u00e9hel au Cap de Bonne-Esp\u00e9rance.<\/p>\n<p class=\" wall-content\">Entre-temps, Artus a \u00e9t\u00e9 rejoint dans cette aventure par sa s\u0153ur, Marie, qui a mis ses \u00e9tudes entre parenth\u00e8ses pour l\u2019accompagner durant un an. Lors de leur travers\u00e9e de l\u2019Afrique, ils vont \u00ab\u2009montrer la vie telle qu\u2019elle est l\u00e0-bas\u2009\u00bb, mais aussi \u00ab\u2009sensibiliser \u00e0 la crise migratoire qui sera caus\u00e9e par les effets du <a href=\"https:\/\/actu.fr\/tag\/rechauffement-climatique\" target=\"_blank\" rel=\"noopener\">r\u00e9chauffement climatique<\/a>.\u2009\u00bb<\/p>\n<p>Un engouement populaire<\/p>\n<p class=\" wall-content\">Il y a encore deux mois, Artus et Marie \u00e9taient \u00e0 la recherche active de partenaires et de g\u00e9n\u00e9reux donateurs pour boucler un budget d\u2019environ 30\u2009000\u00a0\u20ac. Gr\u00e2ce \u00e0 leur enthousiasme et leur motivation, ils ont quasiment atteint cet objectif. Il est encore possible de les soutenir financi\u00e8rement via une campagne de financement participatif en ligne sur <a href=\"https:\/\/helloasso.com\/\" target=\"_blank\" rel=\"noopener\">helloasso.com<\/a>, en tapant les mots-cl\u00e9s Cap ou pas cap Akwaba BZH.<\/p>\n<p class=\" wall-content\">Le projet d\u2019Artus a captiv\u00e9 des dizaines de milliers de personnes sur les r\u00e9seaux sociaux. Seulement quatre mois apr\u00e8s la cr\u00e9ation de leur compte Instagram, le fr\u00e8re et la s\u0153ur ont r\u00e9uni plus de 40\u2009000 abonn\u00e9s sur ce r\u00e9seau social (capoupascap._). Les jeunes Dinardais continueront de partager leur aventure en publiant r\u00e9guli\u00e8rement des vid\u00e9os pour faire le point sur leur travers\u00e9e.<\/p>\n<p class=\" wall-content\">Personnalisez votre actualit\u00e9 en ajoutant vos villes et m\u00e9dias en favori avec <a href=\"https:\/\/moncompte.actu.fr\" title=\"D\u00e9couvez Mon Actu\" rel=\"nofollow noopener\" data-trk=\"{&quot;cta&quot;:{&quot;action&quot;:&quot;https:\\\/\\\/moncompte.actu.fr&quot;,&quot;category&quot;:&quot;mon compte&quot;,&quot;from&quot;:&quot;article footer&quot;,&quot;name&quot;:&quot;Mon actu&quot;,&quot;type&quot;:&quot;cta&quot;}}\" target=\"_blank\">Mon Actu<\/a>.<\/p>\n","protected":false},"excerpt":{"rendered":"Par R\u00e9daction Saint-Malo Publi\u00e9 le 20 ao\u00fbt 2025 \u00e0 7h46 Le 15\u00a0ao\u00fbt 2025, Artus et Marie Guinoiseau, de&hellip;\n","protected":false},"author":2,"featured_media":332406,"comment_status":"","ping_status":"","sticky":false,"template":"","format":"standard","meta":{"footnotes":""},"categories":[2821],"tags":[1111,11,829,3750,1777,674,652,1011,27,12,5140,584,25,104],"class_list":{"0":"post-332405","1":"post","2":"type-post","3":"status-publish","4":"format-standard","5":"has-post-thumbnail","7":"category-rennes","8":"tag-actu","9":"tag-actualites","10":"tag-bretagne","11":"tag-defi","12":"tag-eu","13":"tag-europe","14":"tag-famille","15":"tag-fr","16":"tag-france","17":"tag-news","18":"tag-rechauffement-climatique","19":"tag-rennes","20":"tag-republique-francaise","21":"tag-societe"},"share_on_mastodon":{"url":"https:\/\/pubeurope.com\/@fr\/115063066670510220","error":""},"_links":{"self":[{"href":"https:\/\/www.europesays.com\/fr\/wp-json\/wp\/v2\/posts\/332405","targetHints":{"allow":["GET"]}}],"collection":[{"href":"https:\/\/www.europesays.com\/fr\/wp-json\/wp\/v2\/posts"}],"about":[{"href":"https:\/\/www.europesays.com\/fr\/wp-json\/wp\/v2\/types\/post"}],"author":[{"embeddable":true,"href":"https:\/\/www.europesays.com\/fr\/wp-json\/wp\/v2\/users\/2"}],"replies":[{"embeddable":true,"href":"https:\/\/www.europesays.com\/fr\/wp-json\/wp\/v2\/comments?post=332405"}],"version-history":[{"count":0,"href":"https:\/\/www.europesays.com\/fr\/wp-json\/wp\/v2\/posts\/332405\/revisions"}],"wp:featuredmedia":[{"embeddable":true,"href":"https:\/\/www.europesays.com\/fr\/wp-json\/wp\/v2\/media\/332406"}],"wp:attachment":[{"href":"https:\/\/www.europesays.com\/fr\/wp-json\/wp\/v2\/media?parent=332405"}],"wp:term":[{"taxonomy":"category","embeddable":true,"href":"https:\/\/www.europesays.com\/fr\/wp-json\/wp\/v2\/categories?post=332405"},{"taxonomy":"post_tag","embeddable":true,"href":"https:\/\/www.europesays.com\/fr\/wp-json\/wp\/v2\/tags?post=332405"}],"curies":[{"name":"wp","href":"https:\/\/api.w.org\/{rel}","templated":true}]}}