{"id":332411,"date":"2025-08-20T20:54:10","date_gmt":"2025-08-20T20:54:10","guid":{"rendered":"https:\/\/www.europesays.com\/fr\/332411\/"},"modified":"2025-08-20T20:54:10","modified_gmt":"2025-08-20T20:54:10","slug":"handball-leane-gonzalez-et-le-strasbourg-ath-parmi-les-stars-a-leuropa-cup","status":"publish","type":"post","link":"https:\/\/www.europesays.com\/fr\/332411\/","title":{"rendered":"Handball. L\u00e9ane Gonzalez et le Strasbourg ATH parmi les stars \u00e0 l\u2019Europ\u2019A Cup"},"content":{"rendered":"<p>L\u00e9ane Gonzalez n\u2019ignore pas que sa situation est enviable. \u00ab\u00a0Beaucoup de joueuses en r\u00eaveraient.\u00a0\u00bb<\/p>\n<p>La Nanc\u00e9enne, qui a f\u00eat\u00e9 ses 18 ans le 6\u00a0juillet, sera cette saison la deuxi\u00e8me gardienne du Strasbourg ATH en D1. Et cette promotion dans le groupe pro s\u2019accompagne de matches de pr\u00e9paration haut de gamme.<\/p>\n<p>Apr\u00e8s avoir d\u00e9j\u00e0 affront\u00e9 des clubs de Bundesliga et de futurs adversaires en championnat, <a href=\"https:\/\/www.dna.fr\/sport\/2025\/06\/24\/l-europ-a-cup-prete-a-seduire\" target=\"_blank\" rel=\"noopener\">les \u201cPiraths\u201d vont entrer dans un autre monde lors de l\u2019Europ\u2019A Cup<\/a>. Car elles ont rendez-vous vendredi avec Gy\u00f6r, rien de moins que la meilleure \u00e9quipe du monde, le double tenant du titre en Ligue des champions \u00e0 l\u2019effectif constell\u00e9 d\u2019internationales.<\/p>\n<p>Dimanche, les joueuses d\u2019Anthony Favier se mesureront \u00e0 Metz, quadruple champion de France en&#8230;<\/p>\n","protected":false},"excerpt":{"rendered":"L\u00e9ane Gonzalez n\u2019ignore pas que sa situation est enviable. \u00ab\u00a0Beaucoup de joueuses en r\u00eaveraient.\u00a0\u00bb La Nanc\u00e9enne, qui a&hellip;\n","protected":false},"author":2,"featured_media":332412,"comment_status":"","ping_status":"","sticky":false,"template":"","format":"standard","meta":{"footnotes":""},"categories":[2820],"tags":[1111,11,2389,2649,2880,1777,674,107,1701,1011,27,329,775,1792,12,25,517,640,12904,2879],"class_list":{"0":"post-332411","1":"post","2":"type-post","3":"status-publish","4":"format-standard","5":"has-post-thumbnail","7":"category-strasbourg","8":"tag-actu","9":"tag-actualites","10":"tag-alsace","11":"tag-bas-rhin","12":"tag-edition-strasbourg","13":"tag-eu","14":"tag-europe","15":"tag-fil-info","16":"tag-fil-info-sport","17":"tag-fr","18":"tag-france","19":"tag-france-monde","20":"tag-grand-est","21":"tag-handball","22":"tag-news","23":"tag-republique-francaise","24":"tag-sport","25":"tag-strasbourg","26":"tag-strasbourg-ath","27":"tag-strasbourg-ville"},"share_on_mastodon":{"url":"https:\/\/pubeurope.com\/@fr\/115063086447231131","error":""},"_links":{"self":[{"href":"https:\/\/www.europesays.com\/fr\/wp-json\/wp\/v2\/posts\/332411","targetHints":{"allow":["GET"]}}],"collection":[{"href":"https:\/\/www.europesays.com\/fr\/wp-json\/wp\/v2\/posts"}],"about":[{"href":"https:\/\/www.europesays.com\/fr\/wp-json\/wp\/v2\/types\/post"}],"author":[{"embeddable":true,"href":"https:\/\/www.europesays.com\/fr\/wp-json\/wp\/v2\/users\/2"}],"replies":[{"embeddable":true,"href":"https:\/\/www.europesays.com\/fr\/wp-json\/wp\/v2\/comments?post=332411"}],"version-history":[{"count":0,"href":"https:\/\/www.europesays.com\/fr\/wp-json\/wp\/v2\/posts\/332411\/revisions"}],"wp:featuredmedia":[{"embeddable":true,"href":"https:\/\/www.europesays.com\/fr\/wp-json\/wp\/v2\/media\/332412"}],"wp:attachment":[{"href":"https:\/\/www.europesays.com\/fr\/wp-json\/wp\/v2\/media?parent=332411"}],"wp:term":[{"taxonomy":"category","embeddable":true,"href":"https:\/\/www.europesays.com\/fr\/wp-json\/wp\/v2\/categories?post=332411"},{"taxonomy":"post_tag","embeddable":true,"href":"https:\/\/www.europesays.com\/fr\/wp-json\/wp\/v2\/tags?post=332411"}],"curies":[{"name":"wp","href":"https:\/\/api.w.org\/{rel}","templated":true}]}}