{"id":332413,"date":"2025-08-20T20:55:12","date_gmt":"2025-08-20T20:55:12","guid":{"rendered":"https:\/\/www.europesays.com\/fr\/332413\/"},"modified":"2025-08-20T20:55:12","modified_gmt":"2025-08-20T20:55:12","slug":"ils-mont-laisse-des-tas-de-crottin-en-souvenir-quatre-anes-fugueurs-ont-passe-la-nuit-dans-le-jardin-dun-nicois-avant-de-regagner-leur-ferme","status":"publish","type":"post","link":"https:\/\/www.europesays.com\/fr\/332413\/","title":{"rendered":"\u00ab\u00a0Ils m\u2019ont laiss\u00e9 des tas de crottin en souvenir\u00a0\u00bb: quatre \u00e2nes fugueurs ont pass\u00e9 la nuit dans le jardin d\u2019un Ni\u00e7ois avant de regagner leur ferme"},"content":{"rendered":"<p>Quatre \u00e2nes de Provence fac\u00e9tieux ont retrouv\u00e9 leurs p\u00e9nates, ce mercredi 20 ao\u00fbt 2025 au matin, apr\u00e8s avoir pass\u00e9 la nuit dans le jardin d\u2019un Ni\u00e7ois. Une histoire pour le moins cocasse qui s\u2019est bien d\u00e9roul\u00e9e gr\u00e2ce \u00e0 la solidarit\u00e9.<\/p>\n<p>Retour sur l\u2019escapade de ces animaux.<\/p>\n<p>Emmanuelle Mercier habite pr\u00e8s du chemin du Cal-du-Mont-Gros et raconte sa m\u00e9saventure: \u00ab\u00a0Mardi [19 ao\u00fbt 2025], vers 16 heures,<a href=\"https:\/\/www.nicematin.com\/belle-histoire\/j-ai-trouve-quatre-anes-qui-divaguaient-mais-on-ne-trouve-pas-leur-proprietaire-drole-de-rencontre-pour-cette-habitante-de-nice-998599\" target=\"_blank\" rel=\"noopener nofollow\"> je suis tomb\u00e9e nez \u00e0 nez avec quatre \u00e2nes qui divaguaient pr\u00e8s de mon portail<\/a>. Je me suis dit qu\u2019ils avaient d\u00fb passer par le canal plus haut mais surtout qu\u2019il fallait les emp\u00eacher de rejoindre le boulevard des Deux-Corniches. Alors j\u2019ai appel\u00e9 mon voisin pour qu\u2019il leur ouvre son jardin afin de les mettre \u00e0 l\u2019abri.\u00a0\u00bb<\/p>\n<p>Ce dernier, Georges Dufau, accepte sans h\u00e9siter, tandis que tous deux contactent les pompiers et la police.<\/p>\n<p><strong>Impossible de faire revenir un v\u00e9hicule<\/strong><\/p>\n<p>              <img ci-src=\"https:\/\/www.nicematin.com\/belle-histoire\/protec\/DATA_ART_16108275-nJc4dv9L.jpg?vh=1e3168&amp;ci_seal=c5f185e07c\" alt=\"\"\/><br \/>\n        Les quatre \u00e2nes sont rentr\u00e9s \u00e0 pattes \u00e0 la ferme au petit matin.  <strong>Photo Ax. T..<\/strong> <\/p>\n<p>\u00ab\u00a0Sauf que depuis il y a un an et demi et l\u2019interdiction de passage, il est compliqu\u00e9 d\u2019arriver jusqu\u2019\u00e0 chez nous. Ils ont eu du mal \u00e0 nous rejoindre car il faut passer par un escalier derri\u00e8re un acc\u00e8s ferm\u00e9 \u00e0 clef ou , commentent les deux Ni\u00e7ois. R\u00e9sultat: \u00e7a a dur\u00e9 jusqu\u2019\u00e0 21 heures. La brigade \u00e9questre de la police municipale a bien un v\u00e9hicule pour transporter des animaux mais il ne pouvait passer acc\u00e9der jusqu\u2019\u00e0 nous. Et puis il a fallu retrouver le propri\u00e9taire. Les b\u00eates sont puc\u00e9es mais il \u00e9tait n\u00e9cessaire qu\u2019un v\u00e9t\u00e9rinaire vienne avec un lecteur\u2026\u00a0\u00bb<\/p>\n<p>Finalement, le ma\u00eetre, Fabrice Bucchioni de la Ferme Azur situ\u00e9e gu\u00e8re loin sous l\u2019Observatoire, a pu \u00eatre contact\u00e9. Mais il lui \u00e9tait difficile de venir r\u00e9cup\u00e9rer ses \u00e2nes fugueurs \u00e0 la nuit tomb\u00e9e car ils devaient faire le trajet \u00e0 pied (ou \u00e0 pattes).<\/p>\n<p>Qu\u2019\u00e0 cela ne tienne, Georges Dufau a propos\u00e9 de garder ces pensionnaires cabotins dans son jardin, en s\u00e9curit\u00e9. \u00ab\u00a0Au r\u00e9veil, je les ai trouv\u00e9s pr\u00e8s de la fen\u00eatre de ma chambre. Je leur avais mis de l\u2019eau \u00e0 disposition et ils ont brout\u00e9 le jardin. Ils m\u2019ont laiss\u00e9 en souvenir des tas de crottin, \u00e7a fera de l\u2019engrais\u00a0\u00bb, s\u2019amuse l\u2019h\u00f4te.<\/p>\n<p><strong>La cl\u00f4ture d\u00e9fonc\u00e9e par les sangliers<\/strong><\/p>\n<p>              <img ci-src=\"https:\/\/www.nicematin.com\/belle-histoire\/protec\/DATA_ART_16108279-jM1YjCpp.jpg?vh=db9fed&amp;ci_seal=abf91253b9\" alt=\"\"\/><br \/>\n        Les \u00e2nes ont pass\u00e9 la nuit chez Georges en attendant de rentrer \u00e0 la ferme en toute s\u00e9curit\u00e9.  <strong>Photo Ax. T..<\/strong> <\/p>\n<p>Ce mercredi matin, Fabrice Bucchioni est venu chercher les coquins. \u00ab\u00a0Ils ont quatre ans et s\u2019appellent Nini, Doudou, Dinou et Nounou. Ils sont tr\u00e8s gentils [ce que confirment les voisins, conquis]. Ce qu\u2019il s\u2019est pass\u00e9, c\u2019est que des sangliers ont d\u00e9fonc\u00e9 notre cl\u00f4ture ces derniers jours. C\u2019est vraiment probl\u00e9matique, il faudrait faire une battue parce qu\u2019ils pullulent et provoquent des d\u00e9g\u00e2ts.\u00a0\u00bb<\/p>\n<p>              <img ci-src=\"https:\/\/www.nicematin.com\/belle-histoire\/protec\/DATA_ART_16108281-yi7XdhgK.jpg?vh=29e6b8&amp;ci_seal=7d6dd550b4\" alt=\"\"\/><br \/>\n        Les quatre \u00e2nes sont rentr\u00e9s \u00e0 pattes \u00e0 la ferme au petit matin.  <\/p>\n<p>Bien sagement, les quatre \u00e2nes ont repris le sentier en sens inverse guid\u00e9 par leur ma\u00eetre. \u00ab\u00a0Tout cela aurait \u00e9t\u00e9 beaucoup plus simple \u00e0 g\u00e9rer si le chemin du Cal-du-Mont-Gros \u00e9tait praticable\u00a0\u00bb, persifle Georges Dufau.<\/p>\n<p>Car les propri\u00e9taires voisins sont <a href=\"https:\/\/www.nicematin.com\/environnement\/un-an-apres-l-eboulement-a-nice-leur-route-est-toujours-coupee-et-ils-galerent-pour-rentrer-chez-eux-975752\" rel=\"nofollow noopener\" target=\"_blank\">toujours en conflit avec la M\u00e9tropole<\/a> <a href=\"https:\/\/www.nicematin.com\/justice\/leur-route-est-barree-depuis-plus-d-un-an-a-cause-des-intemperies-ils-attaquent-la-mairie-de-nice-la-justice-leur-donne-tort--980737#:~:text=Le%2026%20f%C3%A9vrier%202024%2C%20les,La%20justice%20a%20tranch%C3%A9.&amp;te\" rel=\"nofollow noopener\" target=\"_blank\">concernant les travaux \u00e0 r\u00e9aliser<\/a> pour r\u00e9parer l\u2019\u00e9boulement du 26 f\u00e9vrier 2024. Mais c\u2019est une histoire moins amusante que celle des baudets espi\u00e8gles.<\/p>\n<p>D\u2019ailleurs, les promeneurs ne doivent pas s\u2019\u00e9tonner: ils peuvent les voir r\u00e9guli\u00e8rement au Vinaigrier o\u00f9 ils vont pa\u00eetre de temps en temps. \u00ab\u00a0Que personne ne s\u2019inqui\u00e8te, lance leur ma\u00eetre avec un clin d\u2019\u0153il, ils connaissent bien la route pour rentrer \u00e0 la ferme.\u00a0\u00bb<\/p>\n","protected":false},"excerpt":{"rendered":"Quatre \u00e2nes de Provence fac\u00e9tieux ont retrouv\u00e9 leurs p\u00e9nates, ce mercredi 20 ao\u00fbt 2025 au matin, apr\u00e8s avoir&hellip;\n","protected":false},"author":2,"featured_media":332414,"comment_status":"","ping_status":"","sticky":false,"template":"","format":"standard","meta":{"footnotes":""},"categories":[2819],"tags":[1111,11,11130,1777,674,1011,27,12,2401,882,25,3366],"class_list":{"0":"post-332413","1":"post","2":"type-post","3":"status-publish","4":"format-standard","5":"has-post-thumbnail","7":"category-nice","8":"tag-actu","9":"tag-actualites","10":"tag-belle-histoire","11":"tag-eu","12":"tag-europe","13":"tag-fr","14":"tag-france","15":"tag-news","16":"tag-nice","17":"tag-provence-alpes-cote-dazur","18":"tag-republique-francaise","19":"tag-vie-locale"},"share_on_mastodon":{"url":"https:\/\/pubeurope.com\/@fr\/115063090272125413","error":""},"_links":{"self":[{"href":"https:\/\/www.europesays.com\/fr\/wp-json\/wp\/v2\/posts\/332413","targetHints":{"allow":["GET"]}}],"collection":[{"href":"https:\/\/www.europesays.com\/fr\/wp-json\/wp\/v2\/posts"}],"about":[{"href":"https:\/\/www.europesays.com\/fr\/wp-json\/wp\/v2\/types\/post"}],"author":[{"embeddable":true,"href":"https:\/\/www.europesays.com\/fr\/wp-json\/wp\/v2\/users\/2"}],"replies":[{"embeddable":true,"href":"https:\/\/www.europesays.com\/fr\/wp-json\/wp\/v2\/comments?post=332413"}],"version-history":[{"count":0,"href":"https:\/\/www.europesays.com\/fr\/wp-json\/wp\/v2\/posts\/332413\/revisions"}],"wp:featuredmedia":[{"embeddable":true,"href":"https:\/\/www.europesays.com\/fr\/wp-json\/wp\/v2\/media\/332414"}],"wp:attachment":[{"href":"https:\/\/www.europesays.com\/fr\/wp-json\/wp\/v2\/media?parent=332413"}],"wp:term":[{"taxonomy":"category","embeddable":true,"href":"https:\/\/www.europesays.com\/fr\/wp-json\/wp\/v2\/categories?post=332413"},{"taxonomy":"post_tag","embeddable":true,"href":"https:\/\/www.europesays.com\/fr\/wp-json\/wp\/v2\/tags?post=332413"}],"curies":[{"name":"wp","href":"https:\/\/api.w.org\/{rel}","templated":true}]}}