{"id":332418,"date":"2025-08-20T21:00:20","date_gmt":"2025-08-20T21:00:20","guid":{"rendered":"https:\/\/www.europesays.com\/fr\/332418\/"},"modified":"2025-08-20T21:00:20","modified_gmt":"2025-08-20T21:00:20","slug":"une-grande-transformation-paysagere-a-venir-pour-lallee-serr-a-la-bastide","status":"publish","type":"post","link":"https:\/\/www.europesays.com\/fr\/332418\/","title":{"rendered":"Une grande transformation paysag\u00e8re \u00e0 venir pour l&rsquo;all\u00e9e Serr \u00e0 La Bastide"},"content":{"rendered":"<p>\tUn projet men\u00e9 avec et pour les habitants du quartier<\/p>\n<p>Initi\u00e9 par les habitants de la Bastide dans le cadre du projet participatif de la Ville de Bordeaux, le projet de transformation de l&rsquo;all\u00e9e Serr a \u00e9t\u00e9 amplifi\u00e9 par la mairie. La Ville a en effet choisi de requalifier l\u2019ensemble des terre-pleins centraux, souhaitant atteindre 85 % de surface arbor\u00e9e dans les 25 ans \u00e0 venir.\u00a0<\/p>\n<p>Les objectifs du projet sont :<\/p>\n<ul>\n<li>amener de l\u2019ombre et de la fra\u00eecheur sur l&rsquo;all\u00e9e qui constitue aujourd&rsquo;hui, malgr\u00e9 sa centaine d&rsquo;arbres d\u00e9j\u00e0 plant\u00e9s, l&rsquo;un des plus gros ilots de chaleur de la ville. Des strates vari\u00e9es de v\u00e9g\u00e9tation et des essences d\u2019arbres de grand d\u00e9veloppement sont prioris\u00e9es.<\/li>\n<li>installer une diversit\u00e9 d\u2019esp\u00e8ces v\u00e9g\u00e9tales, structurant l&rsquo;all\u00e9e, avec de grands arbres qui joueront le r\u00f4le de rep\u00e8res mais aussi cr\u00e9eront \u00e0 terme une \u201cvo\u00fbte\u201d verte laissant passer le regard vers la Grande cloche rive gauche.<\/li>\n<li>proposer des am\u00e9nagements qui r\u00e9pondent aux besoins des habitants du quartier avec du mobilier pour s\u2019asseoir, des lieux d\u2019\u00e9changes, pour cr\u00e9er un espace public accueillant et frais.<\/li>\n<\/ul>\n<p>Dans le prolongement des am\u00e9nagements de la place Stalingrad et des quais rive droite, l&rsquo;all\u00e9e Serr va \u00eatre enti\u00e8rement v\u00e9g\u00e9talis\u00e9e et embellie pour permettre de profiter de pauses \u00e0 l\u2019ombre et au frais, gr\u00e2ce \u00e0 l\u2019installation de nouveau mobilier.<\/p>\n<p>La circulation des v\u00e9los sera maintenue aux abords des terre-pleins centraux, sur les voies communes avec les bus. 46 nouveaux arceaux compl\u00e8teront l\u2019offre de stationnement existante. La station Le V\u00e9lo des Transports Bordeaux M\u00e9tropole (TBM) sera replac\u00e9e pour s\u2019int\u00e9grer au mieux dans le projet. Les terre-pleins resteront int\u00e9gralement pi\u00e9tons.<\/p>\n<p>Les nouvelles plantations et am\u00e9nagements de l&rsquo;all\u00e9e Serr en chiffres :<\/p>\n<ul>\n<li>135 arbres<\/li>\n<li>2094 arbustes<\/li>\n<li>7094 plantes vivaces<\/li>\n<li>3487 m\u00b2 de sols d\u00e9simperm\u00e9abilis\u00e9s<\/li>\n<li>5 boulodromes et 2 tables d\u2019\u00e9checs<\/li>\n<li>3\u00a0fontaines \u00e0 boire<\/li>\n<li>7 tables de pique-niques<\/li>\n<li>13 chaises et 18 bancs<\/li>\n<li>46 arceaux v\u00e9los<\/li>\n<\/ul>\n<p>Un projet, 3 espaces r\u00e9am\u00e9nag\u00e9s<\/p>\n<p>Longue de pr\u00e8s de 500 m\u00e8tres, l&rsquo;all\u00e9e Serr se d\u00e9cline en trois espaces qui dialoguent avec leur environnement imm\u00e9diat. Chacune est con\u00e7ue comme un jardin , avec un cheminement central qui se faufile entre les nombreuses esp\u00e8ces de plantes \u00e0 l\u2019ombre des grands arbres.<\/p>\n<p>Le premier espace, cot\u00e9 Garonne, cr\u00e9e un lien visuel entre les quais v\u00e9g\u00e9talis\u00e9s de la rive droite et les quais historiques aux fa\u00e7ades embl\u00e9matiques de la rive gauche. Il prolonge l\u2019esplanade du cin\u00e9ma Megarama. Des passages sont donc am\u00e9nag\u00e9s pour int\u00e9grer harmonieusement les grands arbres \u00e0 cette esplanade.<\/p>\n<p>Le deuxi\u00e8me secteur est entour\u00e9 de commerces et de b\u00e2timents d\u2019enseignements. L\u2019objectif est d\u2019y offrir des lieux de d\u00e9tente agr\u00e9ables sous les arbres. Des terrains de p\u00e9tanque, install\u00e9s dans le cadre du budget participatif, seront d\u00e9plac\u00e9s pour mieux s\u2019int\u00e9grer \u00e0 ce nouvel am\u00e9nagement.<\/p>\n<p>Le troisi\u00e8me espace accueillera le march\u00e9 de plein air, et pourra \u00eatre exceptionnellement utilis\u00e9 en parking lors de vigilances crues. Il pourra \u00e9galement accueillir les \u00e9v\u00e8nements et festivit\u00e9s du quartier. Cot\u00e9 Niel, le projet pr\u00e9voit la plantation de nombreux arbres, arbustes et vivaces, offrant une continuit\u00e9 v\u00e9g\u00e9tale entre le jardin de l\u2019\u00e9glise Sainte-Marie de la Bastide et le jardin botanique.<\/p>\n","protected":false},"excerpt":{"rendered":"Un projet men\u00e9 avec et pour les habitants du quartier Initi\u00e9 par les habitants de la Bastide dans&hellip;\n","protected":false},"author":2,"featured_media":332419,"comment_status":"","ping_status":"","sticky":false,"template":"","format":"standard","meta":{"footnotes":""},"categories":[2817],"tags":[1111,11,1997,1777,674,1011,27,12,2219,25],"class_list":{"0":"post-332418","1":"post","2":"type-post","3":"status-publish","4":"format-standard","5":"has-post-thumbnail","7":"category-bordeaux","8":"tag-actu","9":"tag-actualites","10":"tag-bordeaux","11":"tag-eu","12":"tag-europe","13":"tag-fr","14":"tag-france","15":"tag-news","16":"tag-nouvelle-aquitaine","17":"tag-republique-francaise"},"share_on_mastodon":{"url":"https:\/\/pubeurope.com\/@fr\/115063109938555748","error":""},"_links":{"self":[{"href":"https:\/\/www.europesays.com\/fr\/wp-json\/wp\/v2\/posts\/332418","targetHints":{"allow":["GET"]}}],"collection":[{"href":"https:\/\/www.europesays.com\/fr\/wp-json\/wp\/v2\/posts"}],"about":[{"href":"https:\/\/www.europesays.com\/fr\/wp-json\/wp\/v2\/types\/post"}],"author":[{"embeddable":true,"href":"https:\/\/www.europesays.com\/fr\/wp-json\/wp\/v2\/users\/2"}],"replies":[{"embeddable":true,"href":"https:\/\/www.europesays.com\/fr\/wp-json\/wp\/v2\/comments?post=332418"}],"version-history":[{"count":0,"href":"https:\/\/www.europesays.com\/fr\/wp-json\/wp\/v2\/posts\/332418\/revisions"}],"wp:featuredmedia":[{"embeddable":true,"href":"https:\/\/www.europesays.com\/fr\/wp-json\/wp\/v2\/media\/332419"}],"wp:attachment":[{"href":"https:\/\/www.europesays.com\/fr\/wp-json\/wp\/v2\/media?parent=332418"}],"wp:term":[{"taxonomy":"category","embeddable":true,"href":"https:\/\/www.europesays.com\/fr\/wp-json\/wp\/v2\/categories?post=332418"},{"taxonomy":"post_tag","embeddable":true,"href":"https:\/\/www.europesays.com\/fr\/wp-json\/wp\/v2\/tags?post=332418"}],"curies":[{"name":"wp","href":"https:\/\/api.w.org\/{rel}","templated":true}]}}