{"id":332420,"date":"2025-08-20T21:01:17","date_gmt":"2025-08-20T21:01:17","guid":{"rendered":"https:\/\/www.europesays.com\/fr\/332420\/"},"modified":"2025-08-20T21:01:17","modified_gmt":"2025-08-20T21:01:17","slug":"top-14-yannick-bru-union-bordeaux-begles-je-ne-voudrais-pas-etre-attaque-pour-du-harcelement-psychologique","status":"publish","type":"post","link":"https:\/\/www.europesays.com\/fr\/332420\/","title":{"rendered":"Top 14 &#8211; Yannick Bru (Union Bordeaux-B\u00e8gles) : \u00ab\u00a0Je ne voudrais pas \u00eatre attaqu\u00e9 pour du harc\u00e8lement psychologique\u00a0\u00bb"},"content":{"rendered":"<p>\n                En conf\u00e9rence de presse, Yannick Bru, manager de l\u2019Union Bordeaux-B\u00e8gles, a exprim\u00e9 ses inqui\u00e9tudes face au rythme effr\u00e9n\u00e9 impos\u00e9 par le rugby professionnel, tant pour les joueurs que pour les entra\u00eeneurs.\n            <\/p>\n<p data-end=\"312\" data-start=\"245\">\u00ab\u00a0Les cadences infernales des matchs, c&rsquo;est un enjeu majeur de la performance\u202f et m\u00eame du bien-\u00eatre psychologique\u00a0\u00bb, pose d\u2019entr\u00e9e\u00a0Yannick Bru. Le manager girondin compare m\u00eame la situation du rugby \u00e0 celle d\u2019autres disciplines de haut niveau. \u00ab\u00a0Si on prend l&rsquo;exemple du PSG, je me demande comment Luis Enrique (entra\u00eeneur du club parisien) fait pour se renouveler sur ses briefings d&rsquo;avant-match. M\u00eame si ce n&rsquo;est pas un sport de combat comme nous, c\u2019est vraiment un sujet majeur, le renouvellement du discours, le rafra\u00eechissement.\u00a0\u00bb<\/p>\n<p data-end=\"312\" data-start=\"245\">Le technicien va plus loin, \u00e9voquant une n\u00e9cessaire remise en question des pratiques internes. Il estime qu\u2019il est temps de mettre en place un syst\u00e8me de rotation, m\u00eame au sein du staff technique.\u00a0\u00ab\u00a0On va vraiment mettre en place des choses pour a\u00e9rer le staff r\u00e9guli\u00e8rement. Il faut qu&rsquo;on accepte que personne n&rsquo;est indispensable\u00a0\u00bb, d\u00e9clare-t-il. Et Bru n\u2019h\u00e9site pas \u00e0 prendre des exemples concrets au sein m\u00eame de son entourage sportif. \u00ab\u00a0On peut se passer pendant une semaine de Kiki (Christophe, N.D.L.R) Laussucq, vu tout ce qu&rsquo;il a mis en place jusqu&rsquo;\u00e0 maintenant. C\u2019est la m\u00eame chose pour No\u00ebl McNamara, Shaun Sowerby\u2026 et m\u00eame pour Yannick Bru, puisque tout le monde le conna\u00eet par c\u0153ur.\u00a0\u00bb<\/p>\n<blockquote><p>\nLes joueurs disent : J&rsquo;ai eu des week-ends de repos, on a gagn\u00e9 sans nous\n<\/p><\/blockquote>\n<p data-end=\"312\" data-start=\"245\">Cette d\u00e9marche vise \u00e0 pr\u00e9server l\u2019\u00e9nergie et la cr\u00e9ativit\u00e9 de chacun, tout en maintenant le niveau d\u2019exigence de l\u2019UBB. \u00ab\u00a0La machine de l&rsquo;UBB doit continuer \u00e0 tourner tout en rafra\u00eechissant les uns les autres. Et ceux qui\u00a0s\u2019en vont par moments\u00a0doivent mettre \u00e0 profit ces semaines-l\u00e0 pour innover, r\u00e9fl\u00e9chir et faire partager leur nouveau savoir apr\u00e8s.\u00a0\u00bb\u00a0Avec une pointe d&rsquo;humour, Bru pointe m\u00eame un risque : \u00ab\u00a0Tr\u00e8s honn\u00eatement, je ne voudrais pas \u00eatre attaqu\u00e9 en justice pour du harc\u00e8lement psychologique. Avec les cadences du rugby, \u00e7a pourrait ne\u00a0pas tarder, je pense.\u00a0\u00bb<\/p>\n<p data-end=\"312\" data-start=\"245\">Concernant les joueurs, l\u2019accent est mis sur la gestion plus fine des temps de jeu et, surtout, des pauses mentales. Il observe que ses joueurs ont termin\u00e9 la saison dans un bien meilleur \u00e9tat que la pr\u00e9c\u00e9dente. \u00ab\u00a0Ils ont fini l&rsquo;ann\u00e9e plus frais, plus disponibles et plus heureux. Ils ont moins subi la saison.\u00a0\u00bb\u00a0Et cela, malgr\u00e9 des statistiques de jeu similaires. Ce qui a chang\u00e9, c\u2019est la possibilit\u00e9 de prendre de vraies coupures.\u00a0\u00ab\u00a0Les mecs te disent : \u00ab\u00a0Oui, j&rsquo;ai jou\u00e9 autant, mais j&rsquo;ai eu des week-ends de repos et on a gagn\u00e9 sans nous. J&rsquo;ai pu partir un week-end avec ma fianc\u00e9e, avec ma ch\u00e9rie.\u00a0\u00bb<\/p>\n<p>Dissocier physique et psychologique<\/p>\n<p data-end=\"312\" data-start=\"245\">Pour Bru, il est essentiel de distinguer gestion physique et r\u00e9cup\u00e9ration psychologique. \u00ab\u00a0Il faut faire la diff\u00e9rence entre la coupure psychologique, o\u00f9 un joueur n&rsquo;est pas au club pendant 4-5 jours, il est en vacances, plut\u00f4t que la gestion stricte du temps de jeu.\u00a0\u00bb<\/p>\n<p data-end=\"312\" data-start=\"245\">Enfin, l&rsquo;actuel tacticien champion d&rsquo;Europe veut continuer \u00e0 \u00e9voluer. \u00ab\u00a0On ne pourra pas continuer \u00e0 faire jouer 30 matchs \u00e0 Maxime Lucu\u00a0\u00bb, d\u2019autant plus qu&rsquo;il est devenu un candidat\u00a0cr\u00e9dible au num\u00e9ro 9 en\u00a0\u00e9quipe de France. \u00ab\u00a0Notre probl\u00e9matique, c\u2019est qu\u2019il faut ajouter les matchs de l\u2019UBB \u00e0 ceux de l\u2019\u00e9quipe nationale.\u00a0\u00bb<\/p>\n","protected":false},"excerpt":{"rendered":"En conf\u00e9rence de presse, Yannick Bru, manager de l\u2019Union Bordeaux-B\u00e8gles, a exprim\u00e9 ses inqui\u00e9tudes face au rythme effr\u00e9n\u00e9&hellip;\n","protected":false},"author":2,"featured_media":332421,"comment_status":"","ping_status":"","sticky":false,"template":"","format":"standard","meta":{"footnotes":""},"categories":[2817],"tags":[1111,11,1997,1777,674,1011,27,12,2219,25],"class_list":{"0":"post-332420","1":"post","2":"type-post","3":"status-publish","4":"format-standard","5":"has-post-thumbnail","7":"category-bordeaux","8":"tag-actu","9":"tag-actualites","10":"tag-bordeaux","11":"tag-eu","12":"tag-europe","13":"tag-fr","14":"tag-france","15":"tag-news","16":"tag-nouvelle-aquitaine","17":"tag-republique-francaise"},"share_on_mastodon":{"url":"https:\/\/pubeurope.com\/@fr\/115063113898200901","error":""},"_links":{"self":[{"href":"https:\/\/www.europesays.com\/fr\/wp-json\/wp\/v2\/posts\/332420","targetHints":{"allow":["GET"]}}],"collection":[{"href":"https:\/\/www.europesays.com\/fr\/wp-json\/wp\/v2\/posts"}],"about":[{"href":"https:\/\/www.europesays.com\/fr\/wp-json\/wp\/v2\/types\/post"}],"author":[{"embeddable":true,"href":"https:\/\/www.europesays.com\/fr\/wp-json\/wp\/v2\/users\/2"}],"replies":[{"embeddable":true,"href":"https:\/\/www.europesays.com\/fr\/wp-json\/wp\/v2\/comments?post=332420"}],"version-history":[{"count":0,"href":"https:\/\/www.europesays.com\/fr\/wp-json\/wp\/v2\/posts\/332420\/revisions"}],"wp:featuredmedia":[{"embeddable":true,"href":"https:\/\/www.europesays.com\/fr\/wp-json\/wp\/v2\/media\/332421"}],"wp:attachment":[{"href":"https:\/\/www.europesays.com\/fr\/wp-json\/wp\/v2\/media?parent=332420"}],"wp:term":[{"taxonomy":"category","embeddable":true,"href":"https:\/\/www.europesays.com\/fr\/wp-json\/wp\/v2\/categories?post=332420"},{"taxonomy":"post_tag","embeddable":true,"href":"https:\/\/www.europesays.com\/fr\/wp-json\/wp\/v2\/tags?post=332420"}],"curies":[{"name":"wp","href":"https:\/\/api.w.org\/{rel}","templated":true}]}}