{"id":332422,"date":"2025-08-20T21:02:16","date_gmt":"2025-08-20T21:02:16","guid":{"rendered":"https:\/\/www.europesays.com\/fr\/332422\/"},"modified":"2025-08-20T21:02:16","modified_gmt":"2025-08-20T21:02:16","slug":"nos-forces-sont-epuisees-nos-collegues-nont-plus-dargent-les-taxis-toulousains-manifesteront-ils-a-la-rentree","status":"publish","type":"post","link":"https:\/\/www.europesays.com\/fr\/332422\/","title":{"rendered":"\u00ab\u00a0Nos forces sont \u00e9puis\u00e9es, nos coll\u00e8gues n\u2019ont plus d\u2019argent\u00a0\u00bb\u00a0: les taxis toulousains manifesteront-ils \u00e0 la rentr\u00e9e\u00a0?"},"content":{"rendered":"<p>\n                                                                    l&rsquo;essentiel<br \/>\n                                                                Entre \u00e9puisement financier et incertitude strat\u00e9gique, les taxis conventionn\u00e9s de Haute-Garonne h\u00e9sitent \u00e0 rejoindre la mobilisation nationale. L\u2019OST31 temporise mais n\u2019exclut pas d\u2019entrer dans la danse.\n                            <\/p>\n<p>Participera, participera pas\u00a0? Le myst\u00e8re reste entier. Suite au r\u00e9cent appel \u00e0 la mobilisation nationale des taxis conventionn\u00e9s, l\u2019Organisation Syndicale des Taxis de la Haute-Garonne (OST31) a annonc\u00e9 qu\u2019ils n\u2019appelleront pas \u00e0 la gr\u00e8ve. Un pis-aller, comme l\u2019admet volontiers St\u00e9phane Abeilhou, porte-parole de l\u2019OST31\u00a0: \u00ab\u00a0Il y a plusieurs contraintes qui nous poussent \u00e0 ne pas appeler \u00e0 la mobilisation de notre c\u00f4t\u00e9. D\u00e9j\u00e0 traditionnellement, on \u00e9vite de faire gr\u00e8ve un vendredi ou un lundi. L\u00e0, le 5 tombe un vendredi\u00a0\u00bb.<\/p>\n<p class=\"std-elt__inline\">\n        <strong>\u00c0 lire aussi :<\/strong><br \/>\n        <a href=\"https:\/\/www.ladepeche.fr\/2025\/06\/11\/si-la-situation-nevolue-pas-jarrete-a-toulouse-une-nouvelle-mobilisation-des-chauffeurs-vtc-pour-alarmer-sur-le-malaise-du-secteur-12754273.php\" rel=\"nofollow noopener\" target=\"_blank\">\u00ab\u00a0Si la situation n\u2019\u00e9volue pas, j\u2019arr\u00eate\u00a0\u00bb\u00a0: \u00e0 Toulouse, une nouvelle mobilisation des chauffeurs VTC pour alarmer sur le malaise du secteur<\/a>\n    <\/p>\n<p>\u00ab\u00a0Nos forces sont \u00e9puis\u00e9es\u00a0\u00bb<\/p>\n<p>Mais plus que ce petit d\u00e9tail traditionnel, c\u2019est surtout le volet financier qui rend cet appel impossible\u00a0: \u00ab\u00a0Nous voulons manifester mais nous ne le pouvons pas. Nos forces sont \u00e9puis\u00e9es, nous n\u2019avons plus de moyens ni humains ni financiers pour \u00e7a. Nous avons d\u00e9j\u00e0 fait gr\u00e8ve tout le mois de juin, les coll\u00e8gues sont \u00e9puis\u00e9s, ils ne sont pas partis en vacances, n\u2019ont plus d\u2019argent. Ce n\u2019est pas possible, malgr\u00e9 notre volont\u00e9\u00a0\u00bb\u00a0explique-t-il.<\/p>\n<p>        <img decoding=\"async\" class=\"std-img__img responsive-img\" src=\"https:\/\/www.europesays.com\/fr\/wp-content\/uploads\/2025\/08\/1755723736_728_image.jpg\" alt=\"L\u2019OST31 n\u2019appellera pas \u00e0 la gr\u00e8ve pour le 5\u00a0septembre prochain mais n\u2019exclut pas d\u2019y prendre part.\"\/><\/p>\n<p>                L\u2019OST31 n\u2019appellera pas \u00e0 la gr\u00e8ve pour le 5\u00a0septembre prochain mais n\u2019exclut pas d\u2019y prendre part.<br \/>\n                                    DDM &#8211; LAURENT DARD<\/p>\n<p class=\"std-elt__inline\">\n        <strong>\u00c0 lire aussi :<\/strong><br \/>\n        <a href=\"https:\/\/www.ladepeche.fr\/2025\/06\/11\/direct-operation-escargot-peripherique-bloque-les-chauffeurs-vtc-se-mobilisent-a-toulouse-une-nouvelle-fois-ce-mercredi-12754126.php\" rel=\"nofollow noopener\" target=\"_blank\">REPLAY. Op\u00e9ration escargot, p\u00e9riph\u00e9rique bloqu\u00e9\u2026 Les chauffeurs VTC se mobilisent \u00e0 Toulouse une nouvelle fois ce mercredi<\/a>\n    <\/p>\n<p>\u00ab\u00a0Nous ne voulons pas \u00eatre parmi les pr\u00e9curseurs\u00a0\u00bb<\/p>\n<p>Pourtant, l\u2019OST31 ne s\u2019interdit pas de participer \u00e0 la mobilisation. \u00ab\u00a0En r\u00e9alit\u00e9, si la mayonnaise prend, bien s\u00fbr qu\u2019on se joindra au mouvement. Mais nous ne voulons pas \u00eatre parmi les pr\u00e9curseurs. On sait d\u00e9j\u00e0 que nous sommes face \u00e0 un mur, que nous ne sommes pas \u00e9cout\u00e9s. Aucune de nos propositions n\u2019a \u00e9t\u00e9 appliqu\u00e9e depuis le d\u00e9but. On n\u2019obtiendra quelque chose qu\u2019au travers d\u2019une r\u00e9volution. Et celle-ci n\u2019est peut-\u00eatre pas souhaitable \u00e0 l\u2019heure actuelle. Et, s\u2019il fallait un dernier point, nous craignons aussi que ce mouvement du 10\u00a0septembre, dont on ne sait pas d\u2019o\u00f9 il provient, face de l\u2019ombre \u00e0 cet appel du 5\u00a0septembre\u00a0\u00bb.<\/p>\n","protected":false},"excerpt":{"rendered":"l&rsquo;essentiel Entre \u00e9puisement financier et incertitude strat\u00e9gique, les taxis conventionn\u00e9s de Haute-Garonne h\u00e9sitent \u00e0 rejoindre la mobilisation nationale.&hellip;\n","protected":false},"author":2,"featured_media":332423,"comment_status":"","ping_status":"","sticky":false,"template":"","format":"standard","meta":{"footnotes":""},"categories":[2816],"tags":[1111,11,1777,674,1011,27,12,2680,25,2312],"class_list":{"0":"post-332422","1":"post","2":"type-post","3":"status-publish","4":"format-standard","5":"has-post-thumbnail","7":"category-toulouse","8":"tag-actu","9":"tag-actualites","10":"tag-eu","11":"tag-europe","12":"tag-fr","13":"tag-france","14":"tag-news","15":"tag-occitanie","16":"tag-republique-francaise","17":"tag-toulouse"},"share_on_mastodon":{"url":"https:\/\/pubeurope.com\/@fr\/115063118660119089","error":""},"_links":{"self":[{"href":"https:\/\/www.europesays.com\/fr\/wp-json\/wp\/v2\/posts\/332422","targetHints":{"allow":["GET"]}}],"collection":[{"href":"https:\/\/www.europesays.com\/fr\/wp-json\/wp\/v2\/posts"}],"about":[{"href":"https:\/\/www.europesays.com\/fr\/wp-json\/wp\/v2\/types\/post"}],"author":[{"embeddable":true,"href":"https:\/\/www.europesays.com\/fr\/wp-json\/wp\/v2\/users\/2"}],"replies":[{"embeddable":true,"href":"https:\/\/www.europesays.com\/fr\/wp-json\/wp\/v2\/comments?post=332422"}],"version-history":[{"count":0,"href":"https:\/\/www.europesays.com\/fr\/wp-json\/wp\/v2\/posts\/332422\/revisions"}],"wp:featuredmedia":[{"embeddable":true,"href":"https:\/\/www.europesays.com\/fr\/wp-json\/wp\/v2\/media\/332423"}],"wp:attachment":[{"href":"https:\/\/www.europesays.com\/fr\/wp-json\/wp\/v2\/media?parent=332422"}],"wp:term":[{"taxonomy":"category","embeddable":true,"href":"https:\/\/www.europesays.com\/fr\/wp-json\/wp\/v2\/categories?post=332422"},{"taxonomy":"post_tag","embeddable":true,"href":"https:\/\/www.europesays.com\/fr\/wp-json\/wp\/v2\/tags?post=332422"}],"curies":[{"name":"wp","href":"https:\/\/api.w.org\/{rel}","templated":true}]}}