{"id":332424,"date":"2025-08-20T21:03:17","date_gmt":"2025-08-20T21:03:17","guid":{"rendered":"https:\/\/www.europesays.com\/fr\/332424\/"},"modified":"2025-08-20T21:03:17","modified_gmt":"2025-08-20T21:03:17","slug":"un-veritable-torrent-devale-lavenue-de-la-gloire","status":"publish","type":"post","link":"https:\/\/www.europesays.com\/fr\/332424\/","title":{"rendered":"un v\u00e9ritable torrent d\u00e9vale l&rsquo;avenue de la Gloire"},"content":{"rendered":"<p>            Par<br \/>\n        <strong><br \/>\n            <a href=\"https:\/\/actu.fr\/auteur\/anaelle-montagne\" title=\"Consulter tous les articles de Anaelle Montagne\" rel=\"nofollow noopener\" target=\"_blank\">Anaelle Montagne<\/a><br \/>\n        <\/strong><\/p>\n<p>        Publi\u00e9 le<\/p>\n<p>            20 ao\u00fbt 2025 \u00e0 18h29        <\/p>\n<p>M\u00e9t\u00e9o France l\u2019avait annonc\u00e9 : des orages devaient frapper la Haute-Garonne et sa Ville rose, ce mercredi 20 ao\u00fbt. Et \u00e7a n\u2019a pas manqu\u00e9. En d\u00e9but d\u2019apr\u00e8s-midi, des impacts de foudre et des<strong> averses orageuses cons\u00e9quentes<\/strong> ont frapp\u00e9 plusieurs zones de la ville.<\/p>\n<p class=\" wall-content\">Suite aux orages, des images impressionnantes ont \u00e9t\u00e9 partag\u00e9es sur les <a href=\"https:\/\/actu.fr\/occitanie\/toulouse_31555\/toulouse-star-des-reseaux-sociaux-la-ville-rose-se-distingue-dans-plusieurs-classements_63050702.html\" rel=\"nofollow noopener\" target=\"_blank\">r\u00e9seaux sociaux<\/a>, comme <a href=\"https:\/\/x.com\/GuillaumePannet\/status\/1958163396391502057\" rel=\"nofollow\">sur le compte X<\/a> du journaliste Guillaume Pannetier, vers 16 heures.\u00a0<\/p>\n<blockquote class=\"tiktok-embed\" cite=\"https:\/\/www.tiktok.com\/@actutoulouse\/video\/7540703664969616662\" data-video-id=\"7540703664969616662\" data-embed-from=\"oembed\" style=\"max-width:605px; min-width:325px;\"><p>\n<a target=\"_blank\" title=\"@actutoulouse\" href=\"https:\/\/www.tiktok.com\/@actutoulouse?refer=embed\" rel=\"nofollow noopener\">@actutoulouse<\/a> <\/p>\n<p>Des pluies diluvienne \u00e0 Toulouse <a title=\"foryou\" target=\"_blank\" href=\"https:\/\/www.tiktok.com\/tag\/foryou?refer=embed\" rel=\"nofollow noopener\">#foryou<\/a> <a title=\"fyp\" target=\"_blank\" href=\"https:\/\/www.tiktok.com\/tag\/fyp?refer=embed\" rel=\"nofollow noopener\">#fyp<\/a> <a title=\"toulouse\" target=\"_blank\" href=\"https:\/\/www.tiktok.com\/tag\/toulouse?refer=embed\" rel=\"nofollow noopener\">#toulouse<\/a> <a title=\"foryoupage\u2764\ufe0f\u2764\ufe0f\" target=\"_blank\" href=\"https:\/\/www.tiktok.com\/tag\/foryoupage%E2%9D%A4%EF%B8%8F%E2%9D%A4%EF%B8%8F?refer=embed\" rel=\"nofollow noopener\">#foryoupage\u2764\ufe0f\u2764\ufe0f<\/a> <\/p>\n<p> <a target=\"_blank\" title=\"\u266c son original - Actu Toulouse\" href=\"https:\/\/www.tiktok.com\/music\/son-original-7540703675132807958?refer=embed\" rel=\"nofollow noopener\">\u266c son original \u2013 Actu Toulouse<\/a> <\/p>\n<\/blockquote>\n<p class=\" wall-content\">\u00ab\u00a0De fortes pr\u00e9cipitations ont transform\u00e9 l\u2019avenue de la Gloire en torrent\u00a0\u00bb, \u00e9crit-il.<\/p>\n<p>    <a href=\"https:\/\/www.google.com\/maps\/embed?pb=!1m18!1m12!1m3!1d4688.021434979155!2d1.458925435058399!3d43.604078630465864!2m3!1f0!2f0!3f0!3m2!1i1024!2i768!4f13.1!3m3!1m2!1s0x12aebce9740019b3%3A0xabaac3e0c741942c!2sAv.%20de%20la%20Gloire%2C%2031500%20Toulouse!5e0!3m2!1sen!2sfr!4v1755705427591!5m2!1sen!2sfr\" title=\"Ouvrie le lien\" rel=\"nofollow noopener\" target=\"_blank\">Cliquez ici pour visualiser le contenu<\/a><\/p>\n<p>Difficile de mesurer avec la pluviom\u00e9trie<\/p>\n<p class=\" wall-content\">Pour saisir \u00e0 quel point les pr\u00e9cipitations ont \u00e9t\u00e9 cons\u00e9quentes, <a href=\"https:\/\/actu.fr\/toulouse\/\" rel=\"nofollow noopener\" target=\"_blank\">Actu Toulouse <\/a>s\u2019est tourn\u00e9 vers l\u2019un des pr\u00e9visionnistes de M\u00e9t\u00e9o France, L\u00e9o Ducong\u00e9. Il explique qu\u2019habituellement, il s\u2019appuie sur les<strong> donn\u00e9es de pluviom\u00e9trie<\/strong> recens\u00e9es sur les stations m\u00e9t\u00e9o locales.<\/p>\n<p>Vid\u00e9os : en ce moment sur Actu<\/p>\n<p class=\" wall-content\">\u00ab\u00a0Mais dans ces zones de l\u2019agglom\u00e9ration, les cumuls de pluie n\u2019ont pas \u00e9t\u00e9 tr\u00e8s cons\u00e9quents\u00a0\u00bb ce mercredi 20 ao\u00fbt, explique-t-il. 7 millim\u00e8tres de pluie sont tomb\u00e9s \u00e0 <strong>Blagnac<\/strong> en une heure et seulement 3 mm, \u00e0 <strong>Francazal<\/strong>.<\/p>\n<p class=\" wall-content\">\u00ab\u00a0Les <strong>d\u00e9luges<\/strong> sont pass\u00e9s vite et il y a eu davantage de pluie ailleurs ; potentiellement, ce qui a \u00e9t\u00e9 recens\u00e9 \u00e0 Toulouse-m\u00eame \u00e9tait beaucoup plus diluvien\u00a0\u00bb, tranche le pr\u00e9visionniste. Il s\u2019appuie donc sur d\u2019autres donn\u00e9es : celles des<strong> images radar<\/strong>.<\/p>\n<p>Votre r\u00e9gion, votre actu !<\/p>\n<p>Recevez chaque jour les infos qui comptent pour vous.<\/p>\n<p>\t<a href=\"https:\/\/actu.fr\/newsletter\" class=\"ac-btn ac-btn--corner ac-btn--medium ac-btn--blue800\" rel=\"nofollow noopener\" target=\"_blank\">S&rsquo;incrire<\/a><br \/>\nLes pluies ont bien \u00e9t\u00e9 cons\u00e9quentes<\/p>\n<p class=\" wall-content\">Il s\u2019agit d\u2019images en temps r\u00e9el \u00ab\u00a0de la circulation des cellules orageuses\u00a0\u00bb. En agglom\u00e9rant ces images, \u00ab\u00a0on a acc\u00e8s \u00e0 des cumuls de pluie estim\u00e9s en continu, au-del\u00e0 des pluviom\u00e8tres qui, eux, sont sur des points d\u00e9finis\u00a0\u00bb.\u00a0<\/p>\n<p class=\" wall-content\">Et bingo : au centre-ville et sur l\u2019Est de la Ville rose, \u00ab\u00a0des estimations des images radar sugg\u00e8rent qu\u2019on a pu avoir <strong>entre 15 et 20 millim\u00e8tres de pluie<\/strong> lors de cet \u00e9pisode orageux\u00a0\u00bb, relate L\u00e9o Ducong\u00e9.<\/p>\n<p>Un week-end plus au sec ?<\/p>\n<p class=\" wall-content\">Les averses devraient circuler sur tout le d\u00e9partement jusqu\u2019\u00e0 ce mercredi 20 ao\u00fbt au soir avant de s\u2019att\u00e9nuer au fil de la soir\u00e9e \u2013 m\u00eame si elles pourraient \u00eatre accompagn\u00e9es de petits coups de tonnerre.\u00a0<\/p>\n<p class=\" wall-content\">De <strong>nouvelles averses<\/strong> sont attendues le lendemain matin, mais les orages devraient \u00eatre plus discrets. Ensuite, place \u00e0 un week-end au sec, si les pr\u00e9visions sont exactes. On croise les doigts.<\/p>\n<p class=\" wall-content\">Personnalisez votre actualit\u00e9 en ajoutant vos villes et m\u00e9dias en favori avec <a href=\"https:\/\/moncompte.actu.fr\" title=\"D\u00e9couvez Mon Actu\" rel=\"nofollow noopener\" data-trk=\"{&quot;cta&quot;:{&quot;action&quot;:&quot;https:\\\/\\\/moncompte.actu.fr&quot;,&quot;category&quot;:&quot;mon compte&quot;,&quot;from&quot;:&quot;article footer&quot;,&quot;name&quot;:&quot;Mon actu&quot;,&quot;type&quot;:&quot;cta&quot;}}\" target=\"_blank\">Mon Actu<\/a>.<\/p>\n<p>                    <script async src=\"\/\/www.tiktok.com\/embed.js\"><\/script><\/p>\n","protected":false},"excerpt":{"rendered":"Par Anaelle Montagne Publi\u00e9 le 20 ao\u00fbt 2025 \u00e0 18h29 M\u00e9t\u00e9o France l\u2019avait annonc\u00e9 : des orages devaient&hellip;\n","protected":false},"author":2,"featured_media":332425,"comment_status":"","ping_status":"","sticky":false,"template":"","format":"standard","meta":{"footnotes":""},"categories":[2816],"tags":[1111,11,1777,674,1011,27,12,2680,25,104,2312],"class_list":{"0":"post-332424","1":"post","2":"type-post","3":"status-publish","4":"format-standard","5":"has-post-thumbnail","7":"category-toulouse","8":"tag-actu","9":"tag-actualites","10":"tag-eu","11":"tag-europe","12":"tag-fr","13":"tag-france","14":"tag-news","15":"tag-occitanie","16":"tag-republique-francaise","17":"tag-societe","18":"tag-toulouse"},"share_on_mastodon":{"url":"https:\/\/pubeurope.com\/@fr\/115063121625943715","error":""},"_links":{"self":[{"href":"https:\/\/www.europesays.com\/fr\/wp-json\/wp\/v2\/posts\/332424","targetHints":{"allow":["GET"]}}],"collection":[{"href":"https:\/\/www.europesays.com\/fr\/wp-json\/wp\/v2\/posts"}],"about":[{"href":"https:\/\/www.europesays.com\/fr\/wp-json\/wp\/v2\/types\/post"}],"author":[{"embeddable":true,"href":"https:\/\/www.europesays.com\/fr\/wp-json\/wp\/v2\/users\/2"}],"replies":[{"embeddable":true,"href":"https:\/\/www.europesays.com\/fr\/wp-json\/wp\/v2\/comments?post=332424"}],"version-history":[{"count":0,"href":"https:\/\/www.europesays.com\/fr\/wp-json\/wp\/v2\/posts\/332424\/revisions"}],"wp:featuredmedia":[{"embeddable":true,"href":"https:\/\/www.europesays.com\/fr\/wp-json\/wp\/v2\/media\/332425"}],"wp:attachment":[{"href":"https:\/\/www.europesays.com\/fr\/wp-json\/wp\/v2\/media?parent=332424"}],"wp:term":[{"taxonomy":"category","embeddable":true,"href":"https:\/\/www.europesays.com\/fr\/wp-json\/wp\/v2\/categories?post=332424"},{"taxonomy":"post_tag","embeddable":true,"href":"https:\/\/www.europesays.com\/fr\/wp-json\/wp\/v2\/tags?post=332424"}],"curies":[{"name":"wp","href":"https:\/\/api.w.org\/{rel}","templated":true}]}}