{"id":332426,"date":"2025-08-20T21:05:20","date_gmt":"2025-08-20T21:05:20","guid":{"rendered":"https:\/\/www.europesays.com\/fr\/332426\/"},"modified":"2025-08-20T21:05:20","modified_gmt":"2025-08-20T21:05:20","slug":"braderie-de-lille-origine-histoire-chiffres","status":"publish","type":"post","link":"https:\/\/www.europesays.com\/fr\/332426\/","title":{"rendered":"Braderie de Lille : Origine, Histoire, Chiffres&#8230;"},"content":{"rendered":"<p style=\"text-align: justify;\">La <strong>Braderie de Lille <\/strong> aura lieu du <strong>samedi 06 septembre 2025 \u00e0 8h<\/strong> et se terminera le <strong>dimanche 07 septembre 2025 \u00e0 18h<\/strong> soit <strong>34h de chine et de f\u00eate !<\/strong><\/p>\n<p class=\"has-text-align-center\">Les origines de la Braderie de Lille<\/p>\n<p><a href=\"https:\/\/www.zoomsurlille.fr\/wp-content\/uploads\/2013\/07\/braderie_histoire02.jpg\" target=\"_blank\" rel=\"noopener\"><img loading=\"lazy\" decoding=\"async\" width=\"400\" height=\"309\" src=\"https:\/\/www.europesays.com\/fr\/wp-content\/uploads\/2025\/08\/braderie_histoire02-400x309.jpg\" alt=\"Histoire de la Braderie de Lille\" class=\"wp-image-9930\" title=\"Copyright : Biblioth\u00e8que Municipale de Lille - Boldoduc, Edouard, 44213, planche 39 &quot;. &quot; Lille : La Braderie en 1885 &quot;. 1893 ; lithographie ; 27 x 35 cm\"  \/><\/a><\/p>\n<p style=\"text-align: center;\">Copyright : \u00a9 Biblioth\u00e8que Municipale de Lille \u2013 Boldoduc, Edouard, 44213, planche 39 \u00ab\u00a0. \u00a0\u00bb Lille : La Braderie en 1885 \u00ab\u00a0. 1893 ; lithographie ; 27 x 35 cm<\/p>\n<p>\u00a0<\/p>\n<p style=\"text-align: justify;\">L\u2019histoire de la<strong> Braderie de Lille<\/strong> demeure assez floue. Selon les historiens, elle remonterait au <strong>XII\u00e8me si\u00e8cle<\/strong>. En effet, la <strong>Braderie <\/strong>trouve certainement ses origines dans la <strong>Foire de Lille<\/strong>, dont la plus ancienne mention \u00e9crite date de <strong>1127.<\/strong> <strong>A cette \u00e9poque, la Foire d\u00e9signe une p\u00e9riode de quelques jours apr\u00e8s l\u2019Assomption<\/strong>, durant laquelle les <strong>marchands \u00e9trangers<\/strong> \u00e0 la ville sont exceptionnellement <strong>autoris\u00e9s \u00e0 venir vendre leurs produits<\/strong>.<\/p>\n<p style=\"text-align: justify;\">Les <strong>vendeurs non professionnels, <\/strong>que l\u2019on nomme aujourd\u2019hui les <strong>\u00ab Bradeux \u00bb,<\/strong> font probablement leur apparition au <strong>d\u00e9but du XVI\u00e8me si\u00e8cle<\/strong>. Dans un premier temps, il s\u2019agit de <strong>domestiques <\/strong>ayant obtenu le privil\u00e8ge de vendre les <strong>v\u00eatements usag\u00e9s<\/strong> ainsi que la <strong>vaisselle<\/strong> et les <strong>ustensiles de cuisine d\u00e9t\u00e9rior\u00e9s de leurs ma\u00eetres<\/strong>.<\/p>\n<p style=\"text-align: justify;\">Au cours du <strong>XIX\u00e8me si\u00e8cle<\/strong>, des <strong>bourgeois puis des camelots venus de l\u2019ext\u00e9rieur<\/strong> vont prendre part \u00e0 la <strong>Braderie,<\/strong> pour lui donner progressivement son visage actuel.<\/p>\n<p><a href=\"https:\/\/www.europesays.com\/fr\/wp-content\/uploads\/2025\/08\/braderie2018_slider-1024x678.jpg\" target=\"_blank\" rel=\"noopener\"><img loading=\"lazy\" decoding=\"async\" width=\"1024\" height=\"678\" src=\"https:\/\/www.europesays.com\/fr\/wp-content\/uploads\/2025\/08\/braderie2018_slider-1024x678.jpg\" alt=\"\" class=\"wp-image-29732\" style=\"aspect-ratio:1.5103244837758112;width:500px\" title=\"Copyright : Archive Zoom Sur Lille \/ Braderie de Lille\"  \/><\/a><\/p>\n<p style=\"text-align: justify;\">D\u00e9sormais, la <strong>Braderie <\/strong>se d\u00e9roule chaque ann\u00e9e le <strong>week-end\u00a0 du 1er dimanche de septembre<\/strong>. Depuis <strong>2017,<\/strong> elle <strong>d\u00e9bute officiellement <\/strong>le <strong>samedi \u00e0 8 h<\/strong> pour se terminer le <strong>dimanche \u00e0 18 h.<\/strong>\u00a0 La ville est alors transform\u00e9e en une immense <strong>zone pi\u00e9tonne<\/strong> o\u00f9 des <strong>milliers de commer\u00e7ants,<\/strong> <strong>brocanteurs <\/strong>et surtout<strong> \u00ab Bradeux \u00bb<\/strong> perp\u00e9tuent une <strong>tradition \u00e0 la fois commerciale et festive !<\/strong><\/p>\n<p class=\"has-text-align-center\">Le mot \u00ab Braderie \u00bb<\/p>\n<p><img decoding=\"async\" loading=\"lazy\" width=\"400\" height=\"400\" src=\"https:\/\/www.europesays.com\/fr\/wp-content\/uploads\/2025\/08\/braderie2017_logo_histoire-1-400x400.jpg\" alt=\"\" class=\"wp-image-23273\" style=\"aspect-ratio:1;width:200px\" title=\"Copyright : DR - Braderie\"  \/><\/p>\n<p style=\"text-align: justify;\"><strong>En 1446,<\/strong> <strong>Godin Maille<\/strong> et <strong>Pierre Tremart,<\/strong> <strong>deux cabaretiers<\/strong> install\u00e9s sur <strong>l\u2019actuelle rue de la Grande Chauss\u00e9e, <\/strong>obtiennent <strong>l\u2019autorisation de vendre aux visiteurs<\/strong>, <strong>devant leur maison,<\/strong> <strong>de la viande et des harengs cuits<\/strong>, pendant la <strong>dur\u00e9e de la Foire.<\/strong> Ils seront bient\u00f4t suivis par de<strong> nombreux riverains<\/strong> et <strong>professionnels de la restauration.<\/strong><\/p>\n<p style=\"text-align: justify;\">Or, <strong>en flamand<\/strong>, le verbe <strong>\u00ab r\u00f4tir \u00bb se dit \u00ab braden \u00bb<\/strong>. <strong>On suppose que c\u2019est de l\u00e0 que la Braderie tire son nom<\/strong>, qui serait donc \u00e0 l\u2019origine<strong> un synonyme de \u00ab r\u00f4tisserie \u00bb\u2026<\/strong><\/p>\n<p class=\"has-text-align-center\">La d\u00e9gustation de moules-frites<\/p>\n<p><a href=\"https:\/\/www.zoomsurlille.fr\/wp-content\/uploads\/2018\/07\/tas_moules2016_02.jpg\" target=\"_blank\" rel=\"noopener\"><img decoding=\"async\" loading=\"lazy\" width=\"1024\" height=\"678\" src=\"https:\/\/www.europesays.com\/fr\/wp-content\/uploads\/2025\/08\/tas_moules2016_02-1024x678.jpg\" alt=\"\" class=\"wp-image-29211\" style=\"aspect-ratio:1.5103244837758112;width:500px\" title=\"Copyright : Archive Zoom Sur Lille \/ Tas de Moules\"  \/><\/a><\/p>\n<p style=\"text-align: justify;\"><strong>A partir du XV\u00e8me si\u00e8cle,<\/strong> le <strong>plat traditionnel <\/strong>de la <strong>Braderie de Lille<\/strong> \u00e9tait certainement la <strong>volaille r\u00f4tie<\/strong>, qui aurait d\u2019ailleurs donn\u00e9 son nom \u00e0 l\u2019\u00e9v\u00e9nement. Mais la <strong>moule aurait ensuite supplant\u00e9 la<\/strong> <strong>volaille,<\/strong> <strong>en raison d\u2019une maladie<\/strong> qui aurait <strong>temporairement fait dispara\u00eetre le poulet.<\/strong><\/p>\n<p style=\"text-align: justify;\">Comme le poulet, les <strong>moules <\/strong>sont une denr\u00e9e plut\u00f4t <strong>bon march\u00e9<\/strong> et qui <strong>se d\u00e9guste avec les doigts,<\/strong> ce qui correspond parfaitement \u00e0 la<strong> dimension populaire de l\u2019\u00e9v\u00e9nement. <\/strong>Aujourd\u2019hui,<strong> tous les restaurants de la ville<\/strong> servent des <strong>moules-frites <\/strong>pendant la<strong> Braderie,<\/strong> accompagn\u00e9es le plus souvent d\u2019une <strong>bi\u00e8re locale.<\/strong><\/p>\n<p class=\"has-text-align-center\">Braderies Exceptionnelles<\/p>\n<p><a href=\"https:\/\/www.zoomsurlille.fr\/wp-content\/uploads\/2013\/07\/braderie_histoire01.jpg\" target=\"_blank\" rel=\"noopener\"><img decoding=\"async\" loading=\"lazy\" width=\"400\" height=\"318\" src=\"https:\/\/www.europesays.com\/fr\/wp-content\/uploads\/2025\/08\/braderie_histoire01-400x318.jpg\" alt=\"Histoire de la Braderie de Lille\" class=\"wp-image-9929\" title=\"Copyright : Biblioth\u00e8que Municipale de Lille - Fonds Lefebvre 12, 63 &quot;. &quot; La Braderie de Lille en 1800 (tableau de F. Watteau) &quot;. fin XIX si\u00e8cle ; 29,8 x 22,8 cm\"  \/><\/a><\/p>\n<p style=\"text-align: center;\">Copyright : \u00a9 Biblioth\u00e8que Municipale de Lille \u2013 Fonds Lefebvre 12, 63 \u00ab\u00a0. \u00a0\u00bb La Braderie de Lille en 1800 (tableau de F. Watteau) \u00ab\u00a0. fin XIX si\u00e8cle ; 29,8 x 22,8 cm<\/p>\n<p style=\"text-align: justify;\"><strong>1882\u00a0: la Braderie Watteau<\/strong><br \/>Elle n\u2019eut pas lieu le premier dimanche de septembre mais le<strong> 08 octobre 1882.<\/strong> Pour <strong>f\u00eater les 90 ans de la fin du si\u00e8ge de Lille<\/strong> par les <strong>arm\u00e9es autrichiennes,<\/strong> la <strong>Ville <\/strong>imagine <strong>un grand d\u00e9fil\u00e9<\/strong> et des <strong>reconstitutions historiques<\/strong> dans les <strong>rues pavois\u00e9es. <\/strong>Les <strong>organisateurs <\/strong>demandent aussi \u00e0 <strong>tous les exposants de s\u2019habiller en costume d\u2019\u00e9poque<\/strong> pour <strong>reconstituer le c\u00e9l\u00e8bre tableau de Fran\u00e7ois Watteau, La braderie de Lille en 1800 <\/strong>(Mus\u00e9e de l\u2019Hospice Comtesse).<\/p>\n<p style=\"text-align: justify;\"><strong>1945\u00a0: la Braderie sans moules<\/strong><br \/>Les <strong>deux guerres mondiales ont suspendu la Braderie.<\/strong> Dans <strong>une France r\u00e9cemment lib\u00e9r\u00e9e<\/strong> et encore confront\u00e9e au<strong> rationnement,<\/strong> on fait venir des <strong>moules de Hollande.<\/strong> Mais<strong> jug\u00e9es impropres \u00e0 la consommation, <\/strong>elles sont <strong>finalement jet\u00e9es.<\/strong><\/p>\n<p style=\"text-align: justify;\"><strong>1981\u00a0: la Braderie t\u00e9l\u00e9g\u00e9nique<\/strong><br \/><strong>Pierre Mauroy,<\/strong> fra\u00eechement nomm\u00e9<strong> Premier ministre, convie les journalistes \u00e0 la <\/strong><strong>Braderie.<\/strong> <strong>L\u2019int\u00e9gralit\u00e9 des cha\u00eenes de l\u2019\u00e9poque<\/strong> (trois !) <strong>le suit.<\/strong> <strong>Commentaire fier du Premier Ministre<\/strong> et <strong>Maire de Lille : <\/strong>\u00ab ce bric-\u00e0-brac est une r\u00e9action contre une soci\u00e9t\u00e9 trop hi\u00e9rarchis\u00e9e, trop divis\u00e9e, trop compartiment\u00e9e \u00bb. Par la suite, la<strong> Braderie<\/strong> devient un <strong>incontournable des journaux t\u00e9l\u00e9vis\u00e9s.<\/strong><\/p>\n<p style=\"text-align: justify;\"><strong>1996\u00a0: la Braderie sans lundi<\/strong><br \/>Cette ann\u00e9e l\u00e0, <strong>Pierre Mauroy <\/strong>officialise le <strong>d\u00e9marrage de la<\/strong> <strong>Braderie <\/strong>le <strong>samedi apr\u00e8s-midi <\/strong>et <strong>sa fin le dimanche soir. <\/strong>C\u2019est la <strong>disparition du lundi de braderie,<\/strong> une <strong>sp\u00e9cificit\u00e9 lilloise.<\/strong> <strong>Historiquement, <\/strong>elle se d\u00e9roulait <strong>du dimanche soir au lundi midi.<\/strong><\/p>\n<p><a href=\"https:\/\/www.zoomsurlille.fr\/wp-content\/uploads\/2017\/07\/braderie2011_annulation.jpg\" target=\"_blank\" rel=\"noopener\"><img decoding=\"async\" loading=\"lazy\" width=\"400\" height=\"300\" src=\"https:\/\/www.europesays.com\/fr\/wp-content\/uploads\/2025\/08\/braderie2011_annulation-400x300.jpg\" alt=\"\" class=\"wp-image-23267\" title=\"Copyright : Archive Zoom Sur Lille \/ Braderie Suspendue en 2011\"  \/><\/a><\/p>\n<p style=\"text-align: justify;\"><strong>2011\u00a0: la Braderie suspendue<\/strong><br \/>Ce <strong>03 septembre 2011, <\/strong>malgr\u00e9 <strong>un temps radieux,<\/strong> <strong>M\u00e9t\u00e9o France<\/strong> <strong>donner l\u2019alerte :<\/strong> des<strong> pluies diluviennes<\/strong> et des <strong>vents \u00e0 90 km\/h s\u2019annoncent.\u00a0<\/strong> Les <strong>\u00e9quipes municipales <\/strong>invitent <strong>tous les exposants incr\u00e9dules \u00e0 remballer pour 22h.<\/strong> Apr\u00e8s la temp\u00eate, la <strong>Braderie<\/strong> a repris le <strong>dimanche matin.<\/strong> Depuis, <strong>un plan de sauvegarde a \u00e9t\u00e9 mis en place.<\/strong><\/p>\n<p style=\"text-align: justify;\"><strong>2016 : la Braderie annul\u00e9e suite \u00e0 l\u2019attentat de Nice<\/strong> <br \/><strong>Quelques jours apr\u00e8s l\u2019attentat de Nice,<\/strong> la <strong>d\u00e9cision d\u2019annul\u00e9e la<\/strong> <strong>Braderie <\/strong>est prise pour<strong> l\u2019\u00e9dition 2016. Une premi\u00e8re depuis la Seconde Guerre Mondiale\u00a0!\u00a0<\/strong><\/p>\n<p style=\"text-align: justify;\"><strong>2020 &amp; 2021 : la Braderie annul\u00e9e \u00e0 cause de l\u2019\u00e9pid\u00e9mie de Covid-19<\/strong><br \/><strong>Suite \u00e0 l\u2019\u00e9pid\u00e9mie,<\/strong> la <strong>Braderie de Lille<\/strong> est annul\u00e9e en<strong> 2020 <\/strong>&amp; <strong>2021.<\/strong> A la place, une <strong>Braderie des Commer\u00e7ants,<\/strong> une<strong> Braderie de la BD<\/strong> au <strong>Palais des Beaux-Arts<\/strong> et des <strong>\u00e9v\u00e9nements culturels <\/strong>remplacent le <strong>plus grand vide grenier d\u2019Europe.<\/strong><\/p>\n<p>\u00a0<\/p>\n<p><img decoding=\"async\" loading=\"lazy\" class=\"size-full wp-image-45 tie-appear\" src=\"https:\/\/www.europesays.com\/fr\/wp-content\/uploads\/2025\/04\/arrow.png\" alt=\"\" width=\"9\" height=\"9\"\/> <a href=\"https:\/\/www.zoomsurlille.fr\/tag\/braderie-de-lille-2025\" target=\"_blank\" rel=\"noopener\">Retrouvez tous nos articles sur la Braderie de Lille 2025<\/a><\/p>\n<p class=\"has-text-align-right\">Sources : Ville de Lille \/ Office de Tourisme de Lille \u2013 Images et photos : \u00a9 Biblioth\u00e8que Municipale de Lille \/ \u00a9 Zoom sur Lille<\/p>\n","protected":false},"excerpt":{"rendered":"La Braderie de Lille aura lieu du samedi 06 septembre 2025 \u00e0 8h et se terminera le dimanche&hellip;\n","protected":false},"author":2,"featured_media":332427,"comment_status":"","ping_status":"","sticky":false,"template":"","format":"standard","meta":{"footnotes":""},"categories":[2815],"tags":[1111,11,18703,40565,1777,674,1011,27,811,937,1307,46957,12,21491,25,46958],"class_list":{"0":"post-332426","1":"post","2":"type-post","3":"status-publish","4":"format-standard","5":"has-post-thumbnail","7":"category-lille","8":"tag-actu","9":"tag-actualites","10":"tag-braderie-de-lille","11":"tag-braderie-de-lille-2025","12":"tag-eu","13":"tag-europe","14":"tag-fr","15":"tag-france","16":"tag-hauts-de-france","17":"tag-histoire","18":"tag-lille","19":"tag-moules-frites","20":"tag-news","21":"tag-origine","22":"tag-republique-francaise","23":"tag-watteau"},"share_on_mastodon":{"url":"https:\/\/pubeurope.com\/@fr\/115063130896611414","error":""},"_links":{"self":[{"href":"https:\/\/www.europesays.com\/fr\/wp-json\/wp\/v2\/posts\/332426","targetHints":{"allow":["GET"]}}],"collection":[{"href":"https:\/\/www.europesays.com\/fr\/wp-json\/wp\/v2\/posts"}],"about":[{"href":"https:\/\/www.europesays.com\/fr\/wp-json\/wp\/v2\/types\/post"}],"author":[{"embeddable":true,"href":"https:\/\/www.europesays.com\/fr\/wp-json\/wp\/v2\/users\/2"}],"replies":[{"embeddable":true,"href":"https:\/\/www.europesays.com\/fr\/wp-json\/wp\/v2\/comments?post=332426"}],"version-history":[{"count":0,"href":"https:\/\/www.europesays.com\/fr\/wp-json\/wp\/v2\/posts\/332426\/revisions"}],"wp:featuredmedia":[{"embeddable":true,"href":"https:\/\/www.europesays.com\/fr\/wp-json\/wp\/v2\/media\/332427"}],"wp:attachment":[{"href":"https:\/\/www.europesays.com\/fr\/wp-json\/wp\/v2\/media?parent=332426"}],"wp:term":[{"taxonomy":"category","embeddable":true,"href":"https:\/\/www.europesays.com\/fr\/wp-json\/wp\/v2\/categories?post=332426"},{"taxonomy":"post_tag","embeddable":true,"href":"https:\/\/www.europesays.com\/fr\/wp-json\/wp\/v2\/tags?post=332426"}],"curies":[{"name":"wp","href":"https:\/\/api.w.org\/{rel}","templated":true}]}}