{"id":332428,"date":"2025-08-20T21:06:16","date_gmt":"2025-08-20T21:06:16","guid":{"rendered":"https:\/\/www.europesays.com\/fr\/332428\/"},"modified":"2025-08-20T21:06:16","modified_gmt":"2025-08-20T21:06:16","slug":"la-methode-de-recyclop-a-marseille-pour-lutter-contre-la-pollution-de-la-mer-par-les-megots","status":"publish","type":"post","link":"https:\/\/www.europesays.com\/fr\/332428\/","title":{"rendered":"la m\u00e9thode de Recyclop \u00e0 Marseille pour lutter contre la pollution de la mer par les m\u00e9gots"},"content":{"rendered":"<p>Attabl\u00e9e \u00e0 la terrasse du Bikini Caf\u00e9 (7e), V\u00e9ronique se r\u00e9jouit de son acquisition matinale\u00a0: <a href=\"https:\/\/www.laprovence.com\/article\/region\/7703871826108115\/sur-le-parking-leur-cendrier-ecolo-devrait-faire-un-tabac\" target=\"_blank\" rel=\"nofollow noopener\">un petit cendrier<\/a> de la taille et forme d\u2019une bo\u00eete de cachou, aux couleurs jaune et bleu. \u00ab\u00a0C\u2019est formidable cette id\u00e9e de cendrier de poche. Je ne fume plus, mais je vais l\u2019offrir \u00e0 une amie qui ne sait jamais o\u00f9 mettre ses m\u00e9gots\u00a0\u00bb, se r\u00e9jouit la quinquag\u00e9naire. Ravie de ce retour, Lydia Tighilt, stagiaire au sein de Recyclop, poursuit sa distribution gratuite vers la plage des Catalans.<\/p>\n","protected":false},"excerpt":{"rendered":"Attabl\u00e9e \u00e0 la terrasse du Bikini Caf\u00e9 (7e), V\u00e9ronique se r\u00e9jouit de son acquisition matinale\u00a0: un petit cendrier&hellip;\n","protected":false},"author":2,"featured_media":332429,"comment_status":"","ping_status":"","sticky":false,"template":"","format":"standard","meta":{"footnotes":""},"categories":[2814],"tags":[17,1111,11,1777,674,1011,27,884,35412,12,471,882,46960,16,25,4561,26324,46959],"class_list":{"0":"post-332428","1":"post","2":"type-post","3":"status-publish","4":"format-standard","5":"has-post-thumbnail","7":"category-marseille","8":"tag-17","9":"tag-actu","10":"tag-actualites","11":"tag-eu","12":"tag-europe","13":"tag-fr","14":"tag-france","15":"tag-marseille","16":"tag-methode","17":"tag-news","18":"tag-pour","19":"tag-provence-alpes-cote-dazur","20":"tag-recyclop","21":"tag-region","22":"tag-republique-francaise","23":"tag-sans","24":"tag-sensibiliser","25":"tag-stigmatiser"},"share_on_mastodon":{"url":"https:\/\/pubeurope.com\/@fr\/115063133612898925","error":""},"_links":{"self":[{"href":"https:\/\/www.europesays.com\/fr\/wp-json\/wp\/v2\/posts\/332428","targetHints":{"allow":["GET"]}}],"collection":[{"href":"https:\/\/www.europesays.com\/fr\/wp-json\/wp\/v2\/posts"}],"about":[{"href":"https:\/\/www.europesays.com\/fr\/wp-json\/wp\/v2\/types\/post"}],"author":[{"embeddable":true,"href":"https:\/\/www.europesays.com\/fr\/wp-json\/wp\/v2\/users\/2"}],"replies":[{"embeddable":true,"href":"https:\/\/www.europesays.com\/fr\/wp-json\/wp\/v2\/comments?post=332428"}],"version-history":[{"count":0,"href":"https:\/\/www.europesays.com\/fr\/wp-json\/wp\/v2\/posts\/332428\/revisions"}],"wp:featuredmedia":[{"embeddable":true,"href":"https:\/\/www.europesays.com\/fr\/wp-json\/wp\/v2\/media\/332429"}],"wp:attachment":[{"href":"https:\/\/www.europesays.com\/fr\/wp-json\/wp\/v2\/media?parent=332428"}],"wp:term":[{"taxonomy":"category","embeddable":true,"href":"https:\/\/www.europesays.com\/fr\/wp-json\/wp\/v2\/categories?post=332428"},{"taxonomy":"post_tag","embeddable":true,"href":"https:\/\/www.europesays.com\/fr\/wp-json\/wp\/v2\/tags?post=332428"}],"curies":[{"name":"wp","href":"https:\/\/api.w.org\/{rel}","templated":true}]}}