{"id":332430,"date":"2025-08-20T21:07:19","date_gmt":"2025-08-20T21:07:19","guid":{"rendered":"https:\/\/www.europesays.com\/fr\/332430\/"},"modified":"2025-08-20T21:07:19","modified_gmt":"2025-08-20T21:07:19","slug":"les-dodgers-reclament-une-reunion-avec-les-dirigeants-marseillais-france-olympique-de-marseille","status":"publish","type":"post","link":"https:\/\/www.europesays.com\/fr\/332430\/","title":{"rendered":"Les Dodger&rsquo;s r\u00e9clament une r\u00e9union avec les dirigeants marseillais &#8211; France &#8211; Olympique de Marseille"},"content":{"rendered":"<p><a target=\"_blank\" href=\"https:\/\/www.youtube.com\/watch?v=XZvyQdSgwMc\" rel=\"nofollow noopener\">Tutulututuu.<\/a><\/p>\n<p>\u00c9ni\u00e8me rebondissement dans<a target=\"_blank\" href=\"https:\/\/www.sofoot.com\/breves\/medhi-benatia-donne-sa-version-des-faits-sur-laffaire-rabiot-rowe-et-pointe-un-relachement-du-groupe-a-lom\" rel=\"nofollow noopener\"> l\u2019affaire Rabiot-Rowe<\/a>. Par la voix de leur patron, Christian Cataldo, <strong>les Dodger\u2019s ont r\u00e9clam\u00e9 l\u2019organisation d\u2019une r\u00e9union entre les dirigeants marseillais et le groupe de supporters<\/strong>. Tr\u00e8s \u00e9tonn\u00e9 par la tournure des \u00e9v\u00e9nements, qui se sont produits apr\u00e8s <a target=\"_blank\" href=\"https:\/\/www.sofoot.com\/articles\/ligue-1-a-10-contre-11-rennes-douche-lom\" rel=\"nofollow noopener\">la d\u00e9faite du club phoc\u00e9en \u00e0 Rennes vendredi dernier (1-0)<\/a>, ce dernier n\u2019a pas cach\u00e9 son inqui\u00e9tude pour la suite.<\/p>\n<p>\u00ab\u202fOn peut r\u00e9unir tout le monde\u00a0\u202f\u00bb<\/p>\n<p>\u00ab\u202fDes dingueries, on en a connu beaucoup mais celle-l\u00e0 elle est belle, reconna\u00eet Cataldo <a target=\"_blank\" href=\"https:\/\/x.com\/Rothensenflamme\/status\/1958209797515272574\" rel=\"nofollow\">dans l\u2019\u00e9mission<\/a>\u00ab\u202fRothen s\u2019enflamme\u202f\u00bb. Apr\u00e8s, il faut bien r\u00e9fl\u00e9chir. C\u2019est toute la saison qui est remise en cause. On a fait l\u2019\u00e9quipe autour d\u2019Adrien Rabiot, on l\u2019a encens\u00e9 pendant des mois.\u202f\u00bb\u00a0 Suite \u00e0 cet \u00e9tat des lieux, le dirigeant du groupe cr\u00e9\u00e9 en 1992 pense pouvoir apaiser les tensions. \u00ab\u202fJe n\u2019aurais pas agi comme \u00e7a, j\u2019aurais mis une grosse sanction, une grosse amende, et j\u2019aurais essay\u00e9 de discuter avec tous les protagonistes. On peut r\u00e9unir tout le monde, discuter, vider son sac tranquillement [\u2026] On attend d\u2019avoir une r\u00e9union avec les dirigeants pour qu\u2019ils nous expliquent tout \u00e7a en face-\u00e0-face. Ce n\u2019est pas pr\u00e9vu pour l\u2019instant mais j\u2019aimerais bien que \u00e7a se fasse tr\u00e8s rapidement.\u00a0\u00bb<\/p>\n<p>\u00c0 ce stade, tout est possible.<\/p>\n<p>\t\t\t\t\t\t\t\t\t\t<a class=\"lien-connexe\" href=\"https:\/\/www.sofoot.com\/breves\/une-bagarre-lors-dun-match-de-preparation-de-lom-feminine\" rel=\"nofollow noopener\" target=\"_blank\">Une bagarre lors d&rsquo;un match de pr\u00e9paration de l&rsquo;OM f\u00e9minine\u202f?<\/a>\t\t\t\t\t<\/p>\n","protected":false},"excerpt":{"rendered":"Tutulututuu. \u00c9ni\u00e8me rebondissement dans l\u2019affaire Rabiot-Rowe. Par la voix de leur patron, Christian Cataldo, les Dodger\u2019s ont r\u00e9clam\u00e9&hellip;\n","protected":false},"author":2,"featured_media":332431,"comment_status":"","ping_status":"","sticky":false,"template":"","format":"standard","meta":{"footnotes":""},"categories":[2814],"tags":[1111,47,11,61,69,65,64,1777,674,63,1011,27,68,66,884,12,62,70,882,25,67],"class_list":{"0":"post-332430","1":"post","2":"type-post","3":"status-publish","4":"format-standard","5":"has-post-thumbnail","7":"category-marseille","8":"tag-actu","9":"tag-actualite","10":"tag-actualites","11":"tag-actus-football","12":"tag-bundesliga","13":"tag-championnats-europeens","14":"tag-equipe-de-france","15":"tag-eu","16":"tag-europe","17":"tag-football","18":"tag-fr","19":"tag-france","20":"tag-ligua","21":"tag-ligue-1","22":"tag-marseille","23":"tag-news","24":"tag-news-foot","25":"tag-premier-league","26":"tag-provence-alpes-cote-dazur","27":"tag-republique-francaise","28":"tag-serie-a"},"share_on_mastodon":{"url":"https:\/\/pubeurope.com\/@fr\/115063137535439202","error":""},"_links":{"self":[{"href":"https:\/\/www.europesays.com\/fr\/wp-json\/wp\/v2\/posts\/332430","targetHints":{"allow":["GET"]}}],"collection":[{"href":"https:\/\/www.europesays.com\/fr\/wp-json\/wp\/v2\/posts"}],"about":[{"href":"https:\/\/www.europesays.com\/fr\/wp-json\/wp\/v2\/types\/post"}],"author":[{"embeddable":true,"href":"https:\/\/www.europesays.com\/fr\/wp-json\/wp\/v2\/users\/2"}],"replies":[{"embeddable":true,"href":"https:\/\/www.europesays.com\/fr\/wp-json\/wp\/v2\/comments?post=332430"}],"version-history":[{"count":0,"href":"https:\/\/www.europesays.com\/fr\/wp-json\/wp\/v2\/posts\/332430\/revisions"}],"wp:featuredmedia":[{"embeddable":true,"href":"https:\/\/www.europesays.com\/fr\/wp-json\/wp\/v2\/media\/332431"}],"wp:attachment":[{"href":"https:\/\/www.europesays.com\/fr\/wp-json\/wp\/v2\/media?parent=332430"}],"wp:term":[{"taxonomy":"category","embeddable":true,"href":"https:\/\/www.europesays.com\/fr\/wp-json\/wp\/v2\/categories?post=332430"},{"taxonomy":"post_tag","embeddable":true,"href":"https:\/\/www.europesays.com\/fr\/wp-json\/wp\/v2\/tags?post=332430"}],"curies":[{"name":"wp","href":"https:\/\/api.w.org\/{rel}","templated":true}]}}