{"id":332432,"date":"2025-08-20T21:08:18","date_gmt":"2025-08-20T21:08:18","guid":{"rendered":"https:\/\/www.europesays.com\/fr\/332432\/"},"modified":"2025-08-20T21:08:18","modified_gmt":"2025-08-20T21:08:18","slug":"rhone-fortes-pluies-chaussee-inondee-et-perturbations-en-serie-sur-la46-a-lest-de-lyon","status":"publish","type":"post","link":"https:\/\/www.europesays.com\/fr\/332432\/","title":{"rendered":"Rh\u00f4ne. Fortes pluies, chauss\u00e9e inond\u00e9e et perturbations en s\u00e9rie sur l\u2019A46 \u00e0 l\u2019est de Lyon"},"content":{"rendered":"<p>Les fortes pluies tomb\u00e9es ce mercredi 20\u00a0ao\u00fbt ont provoqu\u00e9 d\u2019importantes perturbations sur l\u2019autoroute A46. Plusieurs sorties \u2014 notamment celles de Saint-Priest, Mions-centre, V\u00e9nissieux et Saint-Symphorien-d\u2019Ozon \u2014 ont \u00e9t\u00e9 partiellement inond\u00e9es, compliquant la circulation et entra\u00eenant de forts ralentissements.<\/p>\n<p>\u00ab\u00a0Les usagers sont inform\u00e9s des ralentissements par les panneaux \u00e0 messages variables\u00a0\u00bb, a fait savoir Vinci Autoroutes au Progr\u00e8s.<\/p>\n<p>Vers 18\u00a0h\u00a050, la bretelle d\u2019entr\u00e9e de l\u2019\u00e9changeur de Saint-Priest, sur l\u2019A46 dans le sens sud-nord (de Lyon Sud vers Lyon Nord), a \u00e9t\u00e9 enti\u00e8rement coup\u00e9e sur toutes les voies, y compris la bande d\u2019arr\u00eat d\u2019urgence, d\u2019apr\u00e8s Bison Fut\u00e9. Elle a finalement \u00e9t\u00e9 rouverte apr\u00e8s une trentaine de minutes.<\/p>\n<p>Ce contenu est bloqu\u00e9 car vous n&rsquo;avez pas accept\u00e9 les cookies et autres traceurs.<\/p>\n<p>En cliquant sur \u00ab J\u2019accepte \u00bb, les cookies et autres traceurs seront d\u00e9pos\u00e9s et vous pourrez visualiser les contenus  (<a href=\"\" class=\"consentModule_policy\" target=\"_blank\" title=\"Consulter la politique de protection des donn\u00e9es du fournisseur\">plus d&rsquo;informations<\/a>).<\/p>\n<p>En cliquant sur \u00ab J\u2019accepte tous les cookies \u00bb, vous autorisez des d\u00e9p\u00f4ts de cookies et autres traceurs pour le stockage de vos donn\u00e9es sur nos sites et applications \u00e0 des fins de personnalisation et de ciblage publicitaire.<\/p>\n<p class=\"consentModule_secondaryText\">Vous gardez la possibilit\u00e9 de retirer votre consentement \u00e0 tout moment en consultant notre <a href=\"https:\/\/www.leprogres.fr\/protection-des-donnees\" target=\"_blank\" title=\"Consulter notre politique de protection des donn\u00e9es\" rel=\"noopener\">politique de protection des donn\u00e9es<\/a>. <br \/>&#13;<br \/>\n            <a href=\"https:\/\/www.leprogres.fr\/faits-divers-justice\/2025\/08\/20\/javascript:Didomi.notice.show()\" class=\"consentModule_cmp\" target=\"_blank\" rel=\"noopener\">G\u00e9rer mes choix<\/a>&#13;\n        <\/p>\n<p>&#13;<br \/>\n                        J&rsquo;accepte&#13;<br \/>\n            J&rsquo;accepte tous les cookies&#13;\n        <\/p>\n<p>  30 \u00e0 50\u00a0mm de pluie<\/p>\n<p>Plus t\u00f4t, dans la journ\u00e9e, selon nos informations, quelques v\u00e9hicules en panne ont \u00e9t\u00e9 signal\u00e9s, mais aucun accident grave n\u2019est \u00e0 d\u00e9plorer. Les pompiers ont \u00e9galement d\u00fb intervenir sur les communes de Genas et Mions pour des interventions locales.<\/p>\n<p>Les orages ont \u00e9t\u00e9 particuli\u00e8rement actifs dans l\u2019apr\u00e8s-midi, touchant surtout le sud-est du d\u00e9partement du Rh\u00f4ne et le nord de l\u2019Is\u00e8re. Dans certains secteurs, il est tomb\u00e9 30 \u00e0 50\u00a0mm de pluie en moins d\u2019une heure, d\u2019apr\u00e8s la cha\u00eene Lyon M\u00e9t\u00e9o, soit l\u2019\u00e9quivalent de plusieurs semaines de pr\u00e9cipitations, alors que la moyenne pour le mois d\u2019ao\u00fbt \u00e0 Lyon est d\u2019environ 64\u00a0mm.<\/p>\n","protected":false},"excerpt":{"rendered":"Les fortes pluies tomb\u00e9es ce mercredi 20\u00a0ao\u00fbt ont provoqu\u00e9 d\u2019importantes perturbations sur l\u2019autoroute A46. Plusieurs sorties \u2014 notamment&hellip;\n","protected":false},"author":2,"featured_media":332433,"comment_status":"","ping_status":"","sticky":false,"template":"","format":"standard","meta":{"footnotes":""},"categories":[1889],"tags":[1111,11,2430,271,272,3152,2757,1777,674,274,1011,27,2428,2756,21446,12,25,2429,4605,46961,4375],"class_list":{"0":"post-332432","1":"post","2":"type-post","3":"status-publish","4":"format-standard","5":"has-post-thumbnail","7":"category-lyon","8":"tag-actu","9":"tag-actualites","10":"tag-auvergne-rhone-alpes","11":"tag-crime","12":"tag-delit-et-contravention","13":"tag-edition-est-lyonnais","14":"tag-edition-lyon-villeurbanne","15":"tag-eu","16":"tag-europe","17":"tag-faits-divers-justice","18":"tag-fr","19":"tag-france","20":"tag-lyon","21":"tag-lyon-bassin","22":"tag-mions","23":"tag-news","24":"tag-republique-francaise","25":"tag-rhone","26":"tag-saint-priest","27":"tag-saint-symphorien-dozon","28":"tag-venissieux"},"share_on_mastodon":{"url":"https:\/\/pubeurope.com\/@fr\/115063141653892109","error":""},"_links":{"self":[{"href":"https:\/\/www.europesays.com\/fr\/wp-json\/wp\/v2\/posts\/332432","targetHints":{"allow":["GET"]}}],"collection":[{"href":"https:\/\/www.europesays.com\/fr\/wp-json\/wp\/v2\/posts"}],"about":[{"href":"https:\/\/www.europesays.com\/fr\/wp-json\/wp\/v2\/types\/post"}],"author":[{"embeddable":true,"href":"https:\/\/www.europesays.com\/fr\/wp-json\/wp\/v2\/users\/2"}],"replies":[{"embeddable":true,"href":"https:\/\/www.europesays.com\/fr\/wp-json\/wp\/v2\/comments?post=332432"}],"version-history":[{"count":0,"href":"https:\/\/www.europesays.com\/fr\/wp-json\/wp\/v2\/posts\/332432\/revisions"}],"wp:featuredmedia":[{"embeddable":true,"href":"https:\/\/www.europesays.com\/fr\/wp-json\/wp\/v2\/media\/332433"}],"wp:attachment":[{"href":"https:\/\/www.europesays.com\/fr\/wp-json\/wp\/v2\/media?parent=332432"}],"wp:term":[{"taxonomy":"category","embeddable":true,"href":"https:\/\/www.europesays.com\/fr\/wp-json\/wp\/v2\/categories?post=332432"},{"taxonomy":"post_tag","embeddable":true,"href":"https:\/\/www.europesays.com\/fr\/wp-json\/wp\/v2\/tags?post=332432"}],"curies":[{"name":"wp","href":"https:\/\/api.w.org\/{rel}","templated":true}]}}