{"id":332436,"date":"2025-08-20T21:12:41","date_gmt":"2025-08-20T21:12:41","guid":{"rendered":"https:\/\/www.europesays.com\/fr\/332436\/"},"modified":"2025-08-20T21:12:41","modified_gmt":"2025-08-20T21:12:41","slug":"le-psg-a-fait-son-choix-definitif-pour-son-speaker-au-parc-des-princes","status":"publish","type":"post","link":"https:\/\/www.europesays.com\/fr\/332436\/","title":{"rendered":"Le PSG a fait son choix d\u00e9finitif pour son speaker au Parc des Princes"},"content":{"rendered":"<p> <img decoding=\"async\" src=\"https:\/\/www.europesays.com\/fr\/wp-content\/uploads\/2025\/08\/1755724358_586_1200x680\" alt=\"illustration agrandir l'image\" style=\"--_image-preview:url('data:image\/jpeg;base64,\/9j\/2wBDACgcHiMeGSgjISMtKygwPGRBPDc3PHtYXUlkkYCZlo+AjIqgtObDoKrarYqMyP\/L2u71\/\/\/\/m8H\/\/\/\/6\/+b9\/\/j\/2wBDASstLTw1PHZBQXb4pYyl+Pj4+Pj4+Pj4+Pj4+Pj4+Pj4+Pj4+Pj4+Pj4+Pj4+Pj4+Pj4+Pj4+Pj4+Pj4+Pj4+Pj\/wAARCAAXACoDASIAAhEBAxEB\/8QAGAABAAMBAAAAAAAAAAAAAAAAAAECAwT\/xAAYEAEAAwEAAAAAAAAAAAAAAAAAAQIREv\/EABYBAQEBAAAAAAAAAAAAAAAAAAECAP\/EABURAQEAAAAAAAAAAAAAAAAAAAAB\/9oADAMBAAIRAxEAPwDhAVQGCYBVw5aRVPJDHTQNMIleoJZtWF8BQf\/Z');\" loading=\"eager\" fetchpriority=\"high\" aria-hidden=\"true\" class=\"svelte-1pnmlwx rounded\" onload=\"this.__e=event\" onerror=\"this.__e=event\"\/> Vincent Royet, nouvelle voix du PSG \u00a9 AFP &#8211; Foto Olimpik \/ NurPhoto \/ NurPhoto via AFP     <\/p>\n<p class=\"g-ici-body-regular-3 info svelte-1c4u67c\">Publi\u00e9 le mercredi 20 ao\u00fbt 2025 \u00e0 11:00 <\/p>\n<ul class=\"SocialNetworks svelte-bt5901\">\n<li class=\"svelte-bt5901\"><\/li>\n<li class=\"svelte-bt5901\"><\/li>\n<li class=\"svelte-bt5901\"><\/li>\n<li class=\"svelte-bt5901\"><\/li>\n<li class=\"svelte-bt5901\"><\/li>\n<\/ul>\n<p class=\"standfirst g-ici-body-bold-1 svelte-983d72\">Vendredi pour la premi\u00e8re rencontre de la saison au Parc des Princes face \u00e0 Angers , le PSG va d\u00e9voiler son speaker pour la saison 2025\/26. Apr\u00e8s de nombreux tests la saison derni\u00e8re, le club de la capitale a d\u00e9cid\u00e9 de confier le micro \u00e0 Vincent Royet. <\/p>\n<p>Le PSG aura donc mis un peu plus d&rsquo;un an avant de trouver le rempla\u00e7ant officiel de Michel Montana. Apr\u00e8s de nombreux tests, le club champion d&rsquo;Europe en titre a tranch\u00e9 en la faveur de Vincent Royet. Arriv\u00e9 du monde du basket, ce speaker professionnel a marqu\u00e9 les esprits en animant la c\u00e9l\u00e9bration du titre de la Ligue des Champions le 1er juin dernier au parc des Princes.<\/p>\n<p>Apr\u00e8s une petite dizaine de matchs la saisons derni\u00e8re. Vincent Royet a \u00e9t\u00e9 pl\u00e9biscit\u00e9 par le club qui avait pris le soin de sonder ses supporters auparavant.\u00a0 Ag\u00e9 de 46 ans, le nouveau speaker est un amoureux de sport. Il est aussi la voix de l&rsquo;\u00e9quipe de France de basketball et de handball. Il va faire ses grands d\u00e9buts officiels ce vendredi au parc des Princes face \u00e0 Angers.<\/p>\n<p>\u00c0 lire aussi   <img decoding=\"async\" src=\"https:\/\/www.europesays.com\/fr\/wp-content\/uploads\/2025\/08\/1755724361_790_560x315\" alt=\"Vincent Royet en action\" style=\"--_image-preview:url('data:image\/jpeg;base64,\/9j\/2wBDACgcHiMeGSgjISMtKygwPGRBPDc3PHtYXUlkkYCZlo+AjIqgtObDoKrarYqMyP\/L2u71\/\/\/\/m8H\/\/\/\/6\/+b9\/\/j\/2wBDASstLTw1PHZBQXb4pYyl+Pj4+Pj4+Pj4+Pj4+Pj4+Pj4+Pj4+Pj4+Pj4+Pj4+Pj4+Pj4+Pj4+Pj4+Pj4+Pj4+Pj\/wAARCAAXACoDASIAAhEBAxEB\/8QAGAABAQEBAQAAAAAAAAAAAAAAAAECAwT\/xAAYEAEBAQEBAAAAAAAAAAAAAAAAAQIREv\/EABYBAQEBAAAAAAAAAAAAAAAAAAEAAv\/EABYRAQEBAAAAAAAAAAAAAAAAAAABEf\/aAAwDAQACEQMRAD8A8Oa6SuMrU0i6WsaqembSErK0OBJV6AK9ToGIAaD\/2Q==');\" loading=\"lazy\" fetchpriority=\"low\" aria-hidden=\"true\" class=\"svelte-1pnmlwx rounded\" onload=\"this.__e=event\" onerror=\"this.__e=event\"\/> <\/p>\n<ul class=\"SocialNetworks svelte-bt5901\">\n<li class=\"svelte-bt5901\"><\/li>\n<li class=\"svelte-bt5901\"><\/li>\n<li class=\"svelte-bt5901\"><\/li>\n<li class=\"svelte-bt5901\"><\/li>\n<li class=\"svelte-bt5901\"><\/li>\n<\/ul>\n","protected":false},"excerpt":{"rendered":"Vincent Royet, nouvelle voix du PSG \u00a9 AFP &#8211; Foto Olimpik \/ NurPhoto \/ NurPhoto via AFP Publi\u00e9&hellip;\n","protected":false},"author":2,"featured_media":332437,"comment_status":"","ping_status":"","sticky":false,"template":"","format":"standard","meta":{"footnotes":""},"categories":[1592],"tags":[1111,11,1777,674,1011,27,662,12,626,25],"class_list":{"0":"post-332436","1":"post","2":"type-post","3":"status-publish","4":"format-standard","5":"has-post-thumbnail","7":"category-ile-de-france","8":"tag-actu","9":"tag-actualites","10":"tag-eu","11":"tag-europe","12":"tag-fr","13":"tag-france","14":"tag-ile-de-france","15":"tag-news","16":"tag-paris","17":"tag-republique-francaise"},"share_on_mastodon":{"url":"https:\/\/pubeurope.com\/@fr\/115063157689917019","error":""},"_links":{"self":[{"href":"https:\/\/www.europesays.com\/fr\/wp-json\/wp\/v2\/posts\/332436","targetHints":{"allow":["GET"]}}],"collection":[{"href":"https:\/\/www.europesays.com\/fr\/wp-json\/wp\/v2\/posts"}],"about":[{"href":"https:\/\/www.europesays.com\/fr\/wp-json\/wp\/v2\/types\/post"}],"author":[{"embeddable":true,"href":"https:\/\/www.europesays.com\/fr\/wp-json\/wp\/v2\/users\/2"}],"replies":[{"embeddable":true,"href":"https:\/\/www.europesays.com\/fr\/wp-json\/wp\/v2\/comments?post=332436"}],"version-history":[{"count":0,"href":"https:\/\/www.europesays.com\/fr\/wp-json\/wp\/v2\/posts\/332436\/revisions"}],"wp:featuredmedia":[{"embeddable":true,"href":"https:\/\/www.europesays.com\/fr\/wp-json\/wp\/v2\/media\/332437"}],"wp:attachment":[{"href":"https:\/\/www.europesays.com\/fr\/wp-json\/wp\/v2\/media?parent=332436"}],"wp:term":[{"taxonomy":"category","embeddable":true,"href":"https:\/\/www.europesays.com\/fr\/wp-json\/wp\/v2\/categories?post=332436"},{"taxonomy":"post_tag","embeddable":true,"href":"https:\/\/www.europesays.com\/fr\/wp-json\/wp\/v2\/tags?post=332436"}],"curies":[{"name":"wp","href":"https:\/\/api.w.org\/{rel}","templated":true}]}}