{"id":332438,"date":"2025-08-20T21:14:17","date_gmt":"2025-08-20T21:14:17","guid":{"rendered":"https:\/\/www.europesays.com\/fr\/332438\/"},"modified":"2025-08-20T21:14:17","modified_gmt":"2025-08-20T21:14:17","slug":"droits-de-douane-playstation-et-pepsi-augmentent-leurs-prix","status":"publish","type":"post","link":"https:\/\/www.europesays.com\/fr\/332438\/","title":{"rendered":"Droits de douane\u00a0: PlayStation et Pepsi augmentent leurs prix"},"content":{"rendered":"<p class=\"paragraph text_align_left lp-f-body-02\">Deux semaines apr\u00e8s <a href=\"https:\/\/www.leparisien.fr\/economie\/droits-de-douane-chine-bresil-coree-du-nord-qui-sont-les-grands-gagnants-et-perdants-de-la-guerre-commerciale-avec-les-etats-unis-07-08-2025-4SPM7HF6WRFS7AGBXPYJRXEYRA.php\" target=\"_blank\" rel=\"noreferrer nofollow noopener\">l\u2019application des droits de douane de Donald Trump <\/a>compris entre 10 et 50 %, plusieurs entreprises ont chang\u00e9 de strat\u00e9gies financi\u00e8res pour faire face \u00e0 la nouvelle politique \u00e9conomique men\u00e9e par <a href=\"https:\/\/www.leparisien.fr\/international\/etats-unis\/washington-va-traquer-les-idees-antiamericaines-chez-les-candidats-a-limmigration-19-08-2025-OWXUCVRGCBFOVKUKHANY4D76KY.php\" target=\"_blank\" rel=\"noreferrer nofollow noopener\">Washington.<\/a><\/p>\n<p class=\"paragraph text_align_left lp-f-body-02\">Parmi les options retenues celles d\u2019augmenter le prix des biens vendus. C\u2019est en tout cas le choix qui a \u00e9t\u00e9 fait par<a href=\"https:\/\/www.leparisien.fr\/economie\/ps5-sony-annonce-une-hausse-des-prix-de-sa-console-dans-plusieurs-regions-dont-la-france-14-04-2025-B5A4GQXCJFAC7BHB5WDP5RQKC4.php\" target=\"_blank\" rel=\"noreferrer nofollow noopener\"> le g\u00e9ant de l\u2019\u00e9lectronique japonais Sony,<\/a> mais aussi par l\u2019entreprise am\u00e9ricaine PepsiCo.<\/p>\n<p class=\"paragraph text_align_left lp-f-body-02\">Pour la premi\u00e8re, Sony par la voix de sa vice-pr\u00e9sidente Isabelle Tomatis, indique avoir pris \u00ab la d\u00e9cision difficile d\u2019augmenter le prix de vente conseill\u00e9 des consoles<a href=\"https:\/\/www.leparisien.fr\/high-tech\/jeux-video-sony-annonce-une-playstation-5-pro-le-7-novembre-10-09-2024-LDVNV2SKRBHAHCZ2HFKM2ZJC2A.php\" target=\"_blank\" rel=\"noreferrer nofollow noopener\"> Play Station 5<\/a> aux \u00c9tats-Unis \u00e0 compter du 21 ao\u00fbt \u00bb.<\/p>\n<p class=\"paragraph text_align_left lp-f-body-02\">La valeur d\u2019une PlayStation 5 aux \u00c9tats-Unis passera ainsi \u00e0 550 dollars, et celui de la PlayStation 5 Pro \u00e0 750 dollars. Pourtant, l\u2019entreprise japonaise avait pr\u00e9venu en mai <a href=\"https:\/\/www.leparisien.fr\/international\/ukraine\/guerre-en-ukraine-les-russes-sont-convaincus-que-trump-nest-pas-interesse-par-leurope-et-ca-les-arrange-19-08-2025-UGF5RF3UZ5ADVIVCSF2EQX3BI4.php\" target=\"_blank\" rel=\"nofollow noopener\">l\u2019administration Trump<\/a> des ajustements que pourrait mener Sony en cas de droit de douane.<\/p>\n<p>\u00ab Un environnement \u00e9conomique difficile \u00bb<\/p>\n<p class=\"paragraph text_align_left lp-f-body-02\">\u00ab \u00c0 l\u2019instar de nombreuses entreprises internationales, nous continuons d\u2019\u00e9voluer dans un environnement \u00e9conomique difficile \u00bb, avait pr\u00e9cis\u00e9 le g\u00e9ant japonais du divertissement dans un billet de blog. Les produits japonais \u00e9tant affect\u00e9s \u00e0 hauteur de 15 % minimum, en plus des taux appliqu\u00e9s avant le retour de Donald Trump \u00e0 <a href=\"https:\/\/www.leparisien.fr\/international\/etats-unis\/la-maison-blanche-ouvre-un-compte-officiel-sur-tiktok-20-08-2025-2XNOR7EARZACTH2JSJVKOXCY4Y.php\" target=\"_blank\" rel=\"noreferrer nofollow noopener\">la Maison-Blanche<\/a>.<\/p>\n<p class=\"paragraph text_align_left lp-f-body-02\">\u00ab Un paysage douanier complexe et dynamique \u00bb qui a aussi jou\u00e9 dans la d\u00e9cision annonc\u00e9e ce mercredi par le g\u00e9ant am\u00e9ricain des snacks<a href=\"https:\/\/www.leparisien.fr\/economie\/sodas-pepsi-et-7-up-the-lipton-chips-lays-carrefour-retire-de-ses-rayons-les-produits-de-pepsico-04-01-2024-J4AWPCNCPRAU5N2RLQELT4YGYA.php\" target=\"_blank\" rel=\"noreferrer nofollow noopener\"> PepsiCo<\/a> d\u2019augmenter le prix de ses boissons gazeuses d\u2019environ 10 %.<\/p>\n<p class=\"paragraph text_align_left lp-f-body-02\">\u00c9voquant un \u00ab paysage douanier complexe et dynamique \u00bb, Monster Beverages -fabricant de boissons \u00e9nergisantes pourrait \u00e9galement rench\u00e9rir le prix de ses boissons aussi bien aux \u00c9tats-Unis qu\u2019\u00e0 l\u2019international, avait affirm\u00e9 d\u00e9but ao\u00fbt son patron, Hilton Schlossberg.<\/p>\n","protected":false},"excerpt":{"rendered":"Deux semaines apr\u00e8s l\u2019application des droits de douane de Donald Trump compris entre 10 et 50 %, plusieurs&hellip;\n","protected":false},"author":2,"featured_media":332439,"comment_status":"","ping_status":"","sticky":false,"template":"","format":"standard","meta":{"footnotes":""},"categories":[1888],"tags":[1111,1928,11,1927,33,1777,674,1011,27,12,1926,626,1925,25],"class_list":{"0":"post-332438","1":"post","2":"type-post","3":"status-publish","4":"format-standard","5":"has-post-thumbnail","7":"category-paris","8":"tag-actu","9":"tag-actu-paris","10":"tag-actualites","11":"tag-actualites-paris","12":"tag-economie","13":"tag-eu","14":"tag-europe","15":"tag-fr","16":"tag-france","17":"tag-news","18":"tag-news-paris","19":"tag-paris","20":"tag-paris-news","21":"tag-republique-francaise"},"share_on_mastodon":{"url":"https:\/\/pubeurope.com\/@fr\/115063164957204957","error":""},"_links":{"self":[{"href":"https:\/\/www.europesays.com\/fr\/wp-json\/wp\/v2\/posts\/332438","targetHints":{"allow":["GET"]}}],"collection":[{"href":"https:\/\/www.europesays.com\/fr\/wp-json\/wp\/v2\/posts"}],"about":[{"href":"https:\/\/www.europesays.com\/fr\/wp-json\/wp\/v2\/types\/post"}],"author":[{"embeddable":true,"href":"https:\/\/www.europesays.com\/fr\/wp-json\/wp\/v2\/users\/2"}],"replies":[{"embeddable":true,"href":"https:\/\/www.europesays.com\/fr\/wp-json\/wp\/v2\/comments?post=332438"}],"version-history":[{"count":0,"href":"https:\/\/www.europesays.com\/fr\/wp-json\/wp\/v2\/posts\/332438\/revisions"}],"wp:featuredmedia":[{"embeddable":true,"href":"https:\/\/www.europesays.com\/fr\/wp-json\/wp\/v2\/media\/332439"}],"wp:attachment":[{"href":"https:\/\/www.europesays.com\/fr\/wp-json\/wp\/v2\/media?parent=332438"}],"wp:term":[{"taxonomy":"category","embeddable":true,"href":"https:\/\/www.europesays.com\/fr\/wp-json\/wp\/v2\/categories?post=332438"},{"taxonomy":"post_tag","embeddable":true,"href":"https:\/\/www.europesays.com\/fr\/wp-json\/wp\/v2\/tags?post=332438"}],"curies":[{"name":"wp","href":"https:\/\/api.w.org\/{rel}","templated":true}]}}