{"id":332440,"date":"2025-08-20T21:16:16","date_gmt":"2025-08-20T21:16:16","guid":{"rendered":"https:\/\/www.europesays.com\/fr\/332440\/"},"modified":"2025-08-20T21:16:16","modified_gmt":"2025-08-20T21:16:16","slug":"un-policier-mis-en-examen-apres-avoir-vendu-des-informations-sur-les-reseaux-sociaux","status":"publish","type":"post","link":"https:\/\/www.europesays.com\/fr\/332440\/","title":{"rendered":"Un policier mis en examen apr\u00e8s avoir vendu des informations sur les r\u00e9seaux sociaux"},"content":{"rendered":"<p><strong>Corruption &#8211; Un policier de 27 ans a \u00e9t\u00e9 mis en examen apr\u00e8s avoir \u00e9t\u00e9 attrap\u00e9 \u00e0 vendre des informations venant des fichiers de police, sur les r\u00e9seaux sociaux<\/strong><\/p>\n<p>Un business juteux et simple \u00e0 mettre en place\u2026 jusqu\u2019\u00e0 ce qu\u2019il se fasse prendre. Un <a href=\"https:\/\/www.20minutes.fr\/dossier\/police?at_medium=RSS%20feed&amp;at_campaign=ynews&amp;utm_source=yahoo&amp;utm_medium=rss&amp;utm_campaign=news_feed&amp;utm_content=in_article_link\" rel=\"nofollow noopener\" target=\"_blank\" data-ylk=\"slk:policier;elm:context_link;itc:0;sec:content-canvas\" class=\"link \">policier <\/a>a \u00e9t\u00e9 mis en examen le 1er ao\u00fbt, \u00e0 <a href=\"https:\/\/www.20minutes.fr\/paris\/?at_medium=RSS%20feed&amp;at_campaign=ynews&amp;utm_source=yahoo&amp;utm_medium=rss&amp;utm_campaign=news_feed&amp;utm_content=in_article_link\" rel=\"nofollow noopener\" target=\"_blank\" data-ylk=\"slk:Paris;elm:context_link;itc:0;sec:content-canvas\" class=\"link \">Paris<\/a>, apr\u00e8s qu\u2019il a vendu des informations issues de fichiers de la police sur les r\u00e9seaux sociaux, a indiqu\u00e9 mercredi le parquet \u00e0 l\u2019AFP, confirmant une information du <a href=\"https:\/\/www.leparisien.fr\/faits-divers\/jusqua-100-euros-linformation-le-policier-vendait-des-renseignements-qui-alimentaient-des-boucles-snapchat-20-08-2025-5LAJYFLXKBFL5PJ3KJ4QFC5LAI.php?ts=1755714583813&amp;at_medium=RSS%20feed&amp;at_campaign=ynews&amp;utm_source=yahoo&amp;utm_medium=rss&amp;utm_campaign=news_feed&amp;utm_content=in_article_link\" rel=\"nofollow noopener\" target=\"_blank\" data-ylk=\"slk:Parisien;elm:context_link;itc:0;sec:content-canvas\" class=\"link \">Parisien<\/a>.<\/p>\n<p>Le policier est soup\u00e7onn\u00e9 de \u00ab <a href=\"https:\/\/www.20minutes.fr\/dossier\/corruption?at_medium=RSS%20feed&amp;at_campaign=ynews&amp;utm_source=yahoo&amp;utm_medium=rss&amp;utm_campaign=news_feed&amp;utm_content=in_article_link\" rel=\"nofollow noopener\" target=\"_blank\" data-ylk=\"slk:corruption;elm:context_link;itc:0;sec:content-canvas\" class=\"link \">corruption<\/a> passive, violation du secret professionnel, d\u00e9tournement de la finalit\u00e9 d\u2019un fichier de donn\u00e9es personnelles, d\u00e9tention et transmission frauduleuse de contenus d\u2019un syst\u00e8me de traitement de donn\u00e9es et association de malfaiteurs \u00bb, a pr\u00e9cis\u00e9 le parquet.<\/p>\n<p>\u00c0 l\u2019occasion de l\u2019interpellation d\u2019acheteurs d\u2019armes en mai dernier, les policiers ont d\u00e9couvert \u00ab la mise en vente sur les <a href=\"https:\/\/www.20minutes.fr\/dossier\/reseaux_sociaux?at_medium=RSS%20feed&amp;at_campaign=ynews&amp;utm_source=yahoo&amp;utm_medium=rss&amp;utm_campaign=news_feed&amp;utm_content=in_article_link\" rel=\"nofollow noopener\" target=\"_blank\" data-ylk=\"slk:r\u00e9seaux sociaux;elm:context_link;itc:0;sec:content-canvas\" class=\"link \">r\u00e9seaux sociaux<\/a> de consultations des fichiers de police (traitement des ant\u00e9c\u00e9dents judiciaires, fichier des personnes recherch\u00e9es, fichier des objets et v\u00e9hicules signal\u00e9s) \u00bb, a expliqu\u00e9 cette m\u00eame source.<\/p>\n<p>Des informations tr\u00e8s utiles pour les criminels ou trafiquants<\/p>\n<p>Le policier \u00e0 l\u2019origine de ces divulgations illicites a \u00e9t\u00e9 identifi\u00e9 et interpell\u00e9, a indiqu\u00e9 le parquet, en pr\u00e9cisant que les informations \u00e9taient parfois monnay\u00e9es 100 euros. Les recherches effectu\u00e9es sur des fichiers peuvent \u00eatre facilement tra\u00e7ables, chaque policier devant entrer un code personnel, selon une source polici\u00e8re.<\/p>\n<p>Le policier travaillait au sein de la direction de l\u2019ordre public et de la circulation (DOPC), d\u2019apr\u00e8s le parquet. Selon ce dernier, il a \u00e9t\u00e9 plac\u00e9 sous contr\u00f4le judici(&#8230;)<\/p>\n<p><a href=\"https:\/\/www.20minutes.fr\/faits_divers\/4168789-20250820-paris-policier-mis-examen-apres-avoir-vendu-informations-reseaux-sociaux?at_medium=RSS%20feed&amp;at_campaign=ynews&amp;utm_source=yahoo&amp;utm_medium=rss&amp;utm_campaign=news_feed&amp;utm_content=read_more_link&quot;\" rel=\"nofollow noopener\" target=\"_blank\" data-ylk=\"slk:Lire la suite sur 20minutes;elm:context_link;itc:0;sec:content-canvas\" class=\"link \">Lire la suite sur 20minutes<\/a><\/p>\n<p>\u00c0 lire aussi :<br \/><a href=\"https:\/\/www.20minutes.fr\/high-tech\/2345391-20180929-policier-dgsi-mis-examen-avoir-vendu-informations-confidentielles-darknet?at_medium=RSS%20feed&amp;at_campaign=ynews&amp;utm_source=yahoo&amp;utm_medium=rss&amp;utm_campaign=news_feed&amp;utm_content=related_content_link\" rel=\"nofollow noopener\" target=\"_blank\" data-ylk=\"slk:Un policier de la DGSI mis en examen pour avoir vendu des informations confidentielles sur le \u00abdarknet\u00bb;elm:context_link;itc:0;sec:content-canvas\" class=\"link \">Un policier de la DGSI mis en examen pour avoir vendu des informations confidentielles sur le \u00abdarknet\u00bb<\/a><br \/><a href=\"https:\/\/www.20minutes.fr\/faits_divers\/4158419-20250613-scandale-ofast-marseille-troisieme-policier-mis-examen-trafic-drogue?at_medium=RSS%20feed&amp;at_campaign=ynews&amp;utm_source=yahoo&amp;utm_medium=rss&amp;utm_campaign=news_feed&amp;utm_content=related_content_link\" rel=\"nofollow noopener\" target=\"_blank\" data-ylk=\"slk:Scandale de l\u2019OFAST \u00e0 Marseille : Un troisi\u00e8me policier mis en examen pour trafic de drogue;elm:context_link;itc:0;sec:content-canvas\" class=\"link \">Scandale de l\u2019OFAST \u00e0 Marseille : Un troisi\u00e8me policier mis en examen pour trafic de drogue<\/a><\/p>\n","protected":false},"excerpt":{"rendered":"Corruption &#8211; Un policier de 27 ans a \u00e9t\u00e9 mis en examen apr\u00e8s avoir \u00e9t\u00e9 attrap\u00e9 \u00e0 vendre&hellip;\n","protected":false},"author":2,"featured_media":332441,"comment_status":"","ping_status":"","sticky":false,"template":"","format":"standard","meta":{"footnotes":""},"categories":[1888],"tags":[1111,1928,11,1927,5815,1777,674,1011,27,1110,12,1926,626,1925,10910,25,938,46965],"class_list":{"0":"post-332440","1":"post","2":"type-post","3":"status-publish","4":"format-standard","5":"has-post-thumbnail","7":"category-paris","8":"tag-actu","9":"tag-actu-paris","10":"tag-actualites","11":"tag-actualites-paris","12":"tag-association-de-malfaiteurs","13":"tag-eu","14":"tag-europe","15":"tag-fr","16":"tag-france","17":"tag-informations","18":"tag-news","19":"tag-news-paris","20":"tag-paris","21":"tag-paris-news","22":"tag-policier","23":"tag-republique-francaise","24":"tag-reseaux-sociaux","25":"tag-traitement-de-donnees"},"share_on_mastodon":{"url":"https:\/\/pubeurope.com\/@fr\/115063172879323145","error":""},"_links":{"self":[{"href":"https:\/\/www.europesays.com\/fr\/wp-json\/wp\/v2\/posts\/332440","targetHints":{"allow":["GET"]}}],"collection":[{"href":"https:\/\/www.europesays.com\/fr\/wp-json\/wp\/v2\/posts"}],"about":[{"href":"https:\/\/www.europesays.com\/fr\/wp-json\/wp\/v2\/types\/post"}],"author":[{"embeddable":true,"href":"https:\/\/www.europesays.com\/fr\/wp-json\/wp\/v2\/users\/2"}],"replies":[{"embeddable":true,"href":"https:\/\/www.europesays.com\/fr\/wp-json\/wp\/v2\/comments?post=332440"}],"version-history":[{"count":0,"href":"https:\/\/www.europesays.com\/fr\/wp-json\/wp\/v2\/posts\/332440\/revisions"}],"wp:featuredmedia":[{"embeddable":true,"href":"https:\/\/www.europesays.com\/fr\/wp-json\/wp\/v2\/media\/332441"}],"wp:attachment":[{"href":"https:\/\/www.europesays.com\/fr\/wp-json\/wp\/v2\/media?parent=332440"}],"wp:term":[{"taxonomy":"category","embeddable":true,"href":"https:\/\/www.europesays.com\/fr\/wp-json\/wp\/v2\/categories?post=332440"},{"taxonomy":"post_tag","embeddable":true,"href":"https:\/\/www.europesays.com\/fr\/wp-json\/wp\/v2\/tags?post=332440"}],"curies":[{"name":"wp","href":"https:\/\/api.w.org\/{rel}","templated":true}]}}