{"id":332444,"date":"2025-08-20T21:18:10","date_gmt":"2025-08-20T21:18:10","guid":{"rendered":"https:\/\/www.europesays.com\/fr\/332444\/"},"modified":"2025-08-20T21:18:10","modified_gmt":"2025-08-20T21:18:10","slug":"le-paris-fc-soffre-kevin-trapp","status":"publish","type":"post","link":"https:\/\/www.europesays.com\/fr\/332444\/","title":{"rendered":"Le Paris FC s\u2019offre Kevin Trapp"},"content":{"rendered":"<p>Pas grand monde sans doute pensait revoir un jour <a href=\"https:\/\/www.footmercato.net\/joueur\/kevin-trapp\/\" rel=\"nofollow noopener\" target=\"_blank\">Kevin Trapp<\/a> en <a href=\"https:\/\/www.footmercato.net\/france\/ligue-1\/\" rel=\"nofollow noopener\" target=\"_blank\">Ligue 1<\/a>, d\u2019autant plus dans un club parisien. Pourtant, et <a href=\"https:\/\/www.footmercato.net\/a438958101793904630-kevin-trapp-est-tout-proche-du-paris-fc\" rel=\"nofollow noopener\" target=\"_blank\">comme annonc\u00e9 ces derniers jours<\/a>, le gardien allemand, \u00e2g\u00e9 d\u00e9sormais de 35 ans, vient de signer un contrat de trois ans en faveur du <a href=\"https:\/\/www.footmercato.net\/club\/paris-fc\/\" rel=\"nofollow noopener\" target=\"_blank\">Paris FC<\/a>, promu dans l\u2019\u00e9lite cette saison. \u00abL\u2019international allemand de 35 ans s\u2019engage jusqu\u2019en 2028. Form\u00e9 au FC Kaiserslautern et pass\u00e9 par l\u2019Eintracht Francfort, il totalise plus de 287 matches professionnels. Il rejoint le groupe des gardiens aux c\u00f4t\u00e9s d\u2019Obed Nkambadio et R\u00e9my Riou. Le Paris FC est fier d\u2019accueillir K\u00e9vin et lui souhaite la bienvenue au club. Willkommen Kevin !\u00bb<\/p>\n<p>            La suite apr\u00e8s cette publicit\u00e9<\/p>\n<p>7 ans apr\u00e8s son dernier match en France, et 6 ans apr\u00e8s son d\u00e9part d\u00e9finitif du PSG (Trapp avait \u00e9t\u00e9 pr\u00eat\u00e9 dans un premier temps \u00e0 l\u2019Eintracht Francfort avant de s\u2019engager d\u00e9finitivement), l\u2019international aux 9 s\u00e9lections va rego\u00fbter aux joutes hexagonales. Entre-temps, il est devenu un gardien plus s\u00fbr et a m\u00eame remport\u00e9 la Ligue Europa en 2022 avec les Aigles. Ses erreurs dans la cage du PSG sont lointaines. Son v\u00e9cu et son exp\u00e9rience devraient lui servir dans cette nouvelle aventure o\u00f9 la pression m\u00e9diatique sera tout de m\u00eame pr\u00e9sente.<\/p>\n<p>            La suite apr\u00e8s cette publicit\u00e9<\/p>\n<p>        Pas certain d\u2019\u00eatre titulaire<\/p>\n<p>Son retour est vu comme une attraction. Son pass\u00e9 au PSG joue \u00e9videmment, tout comme son CV, mais aussi sa nouvelle \u00e9quipe, rachet\u00e9e par la famille Arnault (la holding familiale Agache Sports est devenue propri\u00e9taire \u00e0 52 %), suppl\u00e9\u00e9e par l\u2019expertise et la raison de Red Bull (11 % des parts). Le PFC met de gros moyens durant ce mercato et en est quasiment \u00e0 40 M\u20ac de d\u00e9penses. Seuls le PSG, l\u2019OM et Strasbourg ont fait plus forts cet \u00e9t\u00e9. C\u2019est dire si le club de la capitale n\u2019est pas un promu comme les autres.<\/p>\n<p>Il a d\u2019ailleurs d\u00e9bours\u00e9 1 M\u20ac pour faire venir Trapp et lui a offert le m\u00eame salaire qu\u2019en Allemagne, soit 3,5 M\u20ac \u00e0 l\u2019ann\u00e9e, sans compter les primes. Le gardien voulait revenir \u00e0 Paris, <a href=\"https:\/\/www.footmercato.net\/a567963263279002137-paris-fc-lincroyable-raison-du-deal-kevin-trapp\" rel=\"nofollow noopener\" target=\"_blank\">lui qui se serait vu proposer un poste de mannequin au sein de la marque de luxe Louis Vuitton<\/a>, propri\u00e9t\u00e9 de la famille Arnault, o\u00f9 travaille d\u00e9j\u00e0 sa compagne, la mannequin Izabel Goulart. Sur le plan sportif, il n\u2019est pas assur\u00e9 d\u2019une place de titulaire en revanche puisqu\u2019il sera en concurrence avec Obed Nkambadio, prometteur mais encore tendre gardien de l\u2019\u00e9quipe de France Espoirs. <\/p>\n<p>\n    Pub. le 19\/08\/2025 22:14<br \/>\n            &#8211; MAJ le 20\/08\/2025 22:04\n    <\/p>\n","protected":false},"excerpt":{"rendered":"Pas grand monde sans doute pensait revoir un jour Kevin Trapp en Ligue 1, d\u2019autant plus dans un&hellip;\n","protected":false},"author":2,"featured_media":316429,"comment_status":"","ping_status":"","sticky":false,"template":"","format":"standard","meta":{"footnotes":""},"categories":[1888],"tags":[11,1777,674,1011,27,12,626,25],"class_list":{"0":"post-332444","1":"post","2":"type-post","3":"status-publish","4":"format-standard","5":"has-post-thumbnail","7":"category-paris","8":"tag-actualites","9":"tag-eu","10":"tag-europe","11":"tag-fr","12":"tag-france","13":"tag-news","14":"tag-paris","15":"tag-republique-francaise"},"share_on_mastodon":{"url":"https:\/\/pubeurope.com\/@fr\/115063180905573014","error":""},"_links":{"self":[{"href":"https:\/\/www.europesays.com\/fr\/wp-json\/wp\/v2\/posts\/332444","targetHints":{"allow":["GET"]}}],"collection":[{"href":"https:\/\/www.europesays.com\/fr\/wp-json\/wp\/v2\/posts"}],"about":[{"href":"https:\/\/www.europesays.com\/fr\/wp-json\/wp\/v2\/types\/post"}],"author":[{"embeddable":true,"href":"https:\/\/www.europesays.com\/fr\/wp-json\/wp\/v2\/users\/2"}],"replies":[{"embeddable":true,"href":"https:\/\/www.europesays.com\/fr\/wp-json\/wp\/v2\/comments?post=332444"}],"version-history":[{"count":0,"href":"https:\/\/www.europesays.com\/fr\/wp-json\/wp\/v2\/posts\/332444\/revisions"}],"wp:featuredmedia":[{"embeddable":true,"href":"https:\/\/www.europesays.com\/fr\/wp-json\/wp\/v2\/media\/316429"}],"wp:attachment":[{"href":"https:\/\/www.europesays.com\/fr\/wp-json\/wp\/v2\/media?parent=332444"}],"wp:term":[{"taxonomy":"category","embeddable":true,"href":"https:\/\/www.europesays.com\/fr\/wp-json\/wp\/v2\/categories?post=332444"},{"taxonomy":"post_tag","embeddable":true,"href":"https:\/\/www.europesays.com\/fr\/wp-json\/wp\/v2\/tags?post=332444"}],"curies":[{"name":"wp","href":"https:\/\/api.w.org\/{rel}","templated":true}]}}